{"id":47036,"date":"2026-09-04T16:09:59","date_gmt":"2026-09-04T20:09:59","guid":{"rendered":"https:\/\/www.muniquintero.cl\/?p=47036"},"modified":"2026-09-04T16:11:07","modified_gmt":"2026-09-04T20:11:07","slug":"concejo-municipal-de-quintero-rinde-homenaje-a-jorge-cantwell-araya-y-aprueba-importantes-iniciativas-para-la-comuna","status":"publish","type":"post","link":"https:\/\/www.muniquintero.cl\/index.php\/2026\/09\/04\/concejo-municipal-de-quintero-rinde-homenaje-a-jorge-cantwell-araya-y-aprueba-importantes-iniciativas-para-la-comuna\/","title":{"rendered":"Concejo Municipal de Quintero rinde homenaje a Jorge Cantwell Araya y aprueba importantes iniciativas para la comuna"},"content":{"rendered":"\n<p class=\"wp-block-paragraph\"><strong><em>Durante la sesi\u00f3n presidida por el alcalde Rolando Silva Fuentes, el Concejo Municipal aprob\u00f3 adjudicaciones por m\u00e1s de $587 millones, una modificaci\u00f3n presupuestaria por $2.109 millones y avanz\u00f3 en la adquisici\u00f3n de una cl\u00ednica dental m\u00f3vil para la comuna.<\/em><\/strong><em><\/em><\/p>\n\n\n\n<p class=\"wp-block-paragraph\">Un sentido homenaje a Jorge Cantwell Araya y la aprobaci\u00f3n del cambio de nombre del CESFAM de Quintero en su memoria marcaron la sesi\u00f3n del Concejo Municipal realizada este mi\u00e9rcoles 2 de septiembre, instancia que fue presidida por el alcalde Rolando Silva Fuentes.<\/p>\n\n\n\n<figure class=\"wp-block-image size-large\"><img fetchpriority=\"high\" decoding=\"async\" width=\"1024\" height=\"683\" src=\"https:\/\/www.muniquintero.cl\/wp-content\/uploads\/2026\/09\/JORGE-CANTWELL-1024x683.png\" alt=\"\" class=\"wp-image-47037\" srcset=\"https:\/\/www.muniquintero.cl\/wp-content\/uploads\/2026\/09\/JORGE-CANTWELL-1024x683.png 1024w, https:\/\/www.muniquintero.cl\/wp-content\/uploads\/2026\/09\/JORGE-CANTWELL-300x200.png 300w, https:\/\/www.muniquintero.cl\/wp-content\/uploads\/2026\/09\/JORGE-CANTWELL-768x512.png 768w, https:\/\/www.muniquintero.cl\/wp-content\/uploads\/2026\/09\/JORGE-CANTWELL.png 1536w\" sizes=\"(max-width: 1024px) 100vw, 1024px\" \/><\/figure>\n\n\n\n<p class=\"wp-block-paragraph\">Durante la sesi\u00f3n, el Concejo Municipal reconoci\u00f3 la trayectoria y el compromiso de Jorge Cantwell Araya, destacando especialmente su permanente presencia y disposici\u00f3n frente a distintas situaciones de emergencia, as\u00ed como su aporte a la comunidad de Quintero.<\/p>\n\n\n\n<p class=\"wp-block-paragraph\">En este contexto, se aprob\u00f3 el cambio de nombre del CESFAM de Quintero, como una forma de mantener viva su memoria y expresar el agradecimiento de la comunidad por su compromiso y servicio.<\/p>\n\n\n\n<p class=\"wp-block-paragraph\"><strong>M\u00e1s de $587 millones en adjudicaciones<\/strong><\/p>\n\n\n\n<p class=\"wp-block-paragraph\">Otro de los principales puntos abordados durante la sesi\u00f3n fue la aprobaci\u00f3n de diversas adjudicaciones que se encuentran vinculadas a importantes ejes del trabajo municipal.<\/p>\n\n\n\n<p class=\"wp-block-paragraph\">Entre ellas se encuentran la contrataci\u00f3n de iniciativas asociadas al PLADECO y PLADETUR, por un monto de $48 millones; la realizaci\u00f3n de la Fiesta Costumbrista, por $292 millones; y el Servicio de Operaci\u00f3n de Puntos de Reciclaje, por un monto de $149 millones.<\/p>\n\n\n\n<p class=\"wp-block-paragraph\">En total, las adjudicaciones aprobadas durante la sesi\u00f3n representan aproximadamente $587 millones, correspondientes al presupuesto municipal del presente a\u00f1o.<\/p>\n\n\n\n<p class=\"wp-block-paragraph\">Estas iniciativas consideran \u00e1mbitos estrat\u00e9gicos para el desarrollo comunal, incluyendo la planificaci\u00f3n del territorio, el fortalecimiento del turismo, la promoci\u00f3n de las tradiciones locales y la gesti\u00f3n de residuos y reciclaje.<\/p>\n\n\n\n<p class=\"wp-block-paragraph\"><strong>Modificaci\u00f3n presupuestaria por m\u00e1s de $2.109 millones<\/strong><\/p>\n\n\n\n<p class=\"wp-block-paragraph\">Durante la sesi\u00f3n tambi\u00e9n se aprob\u00f3 una modificaci\u00f3n presupuestaria por $2.109.758.000, correspondiente a una redistribuci\u00f3n de gastos que no altera el presupuesto municipal vigente.<\/p>\n\n\n\n<p class=\"wp-block-paragraph\">La modificaci\u00f3n contempla la disminuci\u00f3n y aumento de recursos entre distintos subt\u00edtulos presupuestarios, incluyendo aquellos relacionados con gastos en personal (Subt\u00edtulo 21), bienes y servicios de consumo (Subt\u00edtulo 22), transferencias al sector privado (Subt\u00edtulo 24), otros activos no financieros (Subt\u00edtulo 29) y proyectos de inversi\u00f3n.<\/p>\n\n\n\n<p class=\"wp-block-paragraph\">De esta manera, la medida permite realizar una redistribuci\u00f3n de los recursos municipales de acuerdo con las necesidades y prioridades de ejecuci\u00f3n presupuestaria.<\/p>\n\n\n\n<p class=\"wp-block-paragraph\"><strong>Avance en adquisici\u00f3n de cl\u00ednica dental m\u00f3vil<\/strong><\/p>\n\n\n\n<p class=\"wp-block-paragraph\">En materia de salud, el Concejo Municipal abord\u00f3 adem\u00e1s la adquisici\u00f3n de una cl\u00ednica dental m\u00f3vil, iniciativa cuyo monto alcanza los $98 millones.<\/p>\n\n\n\n<p class=\"wp-block-paragraph\">La incorporaci\u00f3n de este equipamiento busca ampliar las posibilidades de atenci\u00f3n odontol\u00f3gica y acercar las prestaciones de salud a distintos sectores de la comuna, fortaleciendo el acceso de la comunidad a este tipo de servicios.<\/p>\n\n\n\n<p class=\"wp-block-paragraph\">De esta manera, la sesi\u00f3n del Concejo Municipal del 2 de septiembre permiti\u00f3 avanzar en distintas iniciativas relacionadas con la planificaci\u00f3n comunal, el desarrollo tur\u00edstico, el medioambiente, la cultura, la salud y la gesti\u00f3n de los recursos municipales, junto con rendir un sentido homenaje a quien fuera un destacado colaborador de la comunidad de Quintero, Jorge Cantwell Araya.<\/p>\n","protected":false},"excerpt":{"rendered":"<p>Durante la sesi\u00f3n presidida por el alcalde Rolando Silva Fuentes, el Concejo Municipal aprob\u00f3 adjudicaciones por m\u00e1s de $587 millones, una modificaci\u00f3n presupuestaria por $2.109 millones y avanz\u00f3 en la adquisici\u00f3n de una cl\u00ednica dental m\u00f3vil para la comuna. Un sentido homenaje a Jorge Cantwell Araya y la aprobaci\u00f3n del cambio de nombre del CESFAM [&hellip;]<\/p>\n","protected":false},"author":7,"featured_media":47037,"comment_status":"closed","ping_status":"closed","sticky":false,"template":"","format":"standard","meta":{"wds_primary_category":1,"footnotes":""},"categories":[1,2],"tags":[531,175,786],"class_list":["post-47036","post","type-post","status-publish","format-standard","has-post-thumbnail","hentry","category-municipalidad","category-noticias","tag-alcalde-rolando-silva-fuentes","tag-concejo-municipal","tag-jorge-cantwell"],"_links":{"self":[{"href":"https:\/\/www.muniquintero.cl\/index.php\/wp-json\/wp\/v2\/posts\/47036","targetHints":{"allow":["GET"]}}],"collection":[{"href":"https:\/\/www.muniquintero.cl\/index.php\/wp-json\/wp\/v2\/posts"}],"about":[{"href":"https:\/\/www.muniquintero.cl\/index.php\/wp-json\/wp\/v2\/types\/post"}],"author":[{"embeddable":true,"href":"https:\/\/www.muniquintero.cl\/index.php\/wp-json\/wp\/v2\/users\/7"}],"replies":[{"embeddable":true,"href":"https:\/\/www.muniquintero.cl\/index.php\/wp-json\/wp\/v2\/comments?post=47036"}],"version-history":[{"count":2,"href":"https:\/\/www.muniquintero.cl\/index.php\/wp-json\/wp\/v2\/posts\/47036\/revisions"}],"predecessor-version":[{"id":47039,"href":"https:\/\/www.muniquintero.cl\/index.php\/wp-json\/wp\/v2\/posts\/47036\/revisions\/47039"}],"wp:featuredmedia":[{"embeddable":true,"href":"https:\/\/www.muniquintero.cl\/index.php\/wp-json\/wp\/v2\/media\/47037"}],"wp:attachment":[{"href":"https:\/\/www.muniquintero.cl\/index.php\/wp-json\/wp\/v2\/media?parent=47036"}],"wp:term":[{"taxonomy":"category","embeddable":true,"href":"https:\/\/www.muniquintero.cl\/index.php\/wp-json\/wp\/v2\/categories?post=47036"},{"taxonomy":"post_tag","embeddable":true,"href":"https:\/\/www.muniquintero.cl\/index.php\/wp-json\/wp\/v2\/tags?post=47036"}],"curies":[{"name":"wp","href":"https:\/\/api.w.org\/{rel}","templated":true}]}}