{"id":47023,"date":"2026-09-04T13:24:15","date_gmt":"2026-09-04T17:24:15","guid":{"rendered":"https:\/\/www.muniquintero.cl\/?p=47023"},"modified":"2026-09-04T13:24:15","modified_gmt":"2026-09-04T17:24:15","slug":"autoridades-regionales-y-municipio-destacan-feria-laboral-comunal-de-quintero-2026","status":"publish","type":"post","link":"https:\/\/www.muniquintero.cl\/index.php\/2026\/09\/04\/autoridades-regionales-y-municipio-destacan-feria-laboral-comunal-de-quintero-2026\/","title":{"rendered":"Autoridades regionales y municipio destacan Feria Laboral Comunal de Quintero 2026"},"content":{"rendered":"\n<p class=\"wp-block-paragraph\"><em>En la instancia, adem\u00e1s, se anunci\u00f3 el pago del Subsidio a la Contrataci\u00f3n del Gobierno para toda la regi\u00f3n de Valpara\u00edso.<\/em><\/p>\n\n\n\n<p class=\"wp-block-paragraph\">Con el objetivo de fortalecer la empleabilidad local y facilitar el acceso de vecinos y vecinas a nuevas oportunidades de trabajo, este jueves 3 de septiembre se desarroll\u00f3 en la Plaza Ignacio Carrera Pinto la Feria Laboral Comunal de Quintero 2026, iniciativa organizada por la Oficina Municipal de Intermediaci\u00f3n Laboral (OMIL) de la Ilustre Municipalidad de Quintero.<\/p>\n\n\n\n<p class=\"wp-block-paragraph\">La jornada reuni\u00f3 a 26 empresas e industrias, que en conjunto dispusieron de 65 ofertas laborales y 336 vacantes, convirtiendo esta actividad en un importante espacio de vinculaci\u00f3n entre quienes buscan empleo y el sector productivo de la zona.<\/p>\n\n\n\n<figure class=\"wp-block-image size-large\"><img fetchpriority=\"high\" decoding=\"async\" width=\"1024\" height=\"683\" src=\"https:\/\/www.muniquintero.cl\/wp-content\/uploads\/2026\/09\/IMG_0246-1024x683.jpg\" alt=\"\" class=\"wp-image-47025\" srcset=\"https:\/\/www.muniquintero.cl\/wp-content\/uploads\/2026\/09\/IMG_0246-1024x683.jpg 1024w, https:\/\/www.muniquintero.cl\/wp-content\/uploads\/2026\/09\/IMG_0246-300x200.jpg 300w, https:\/\/www.muniquintero.cl\/wp-content\/uploads\/2026\/09\/IMG_0246-768x512.jpg 768w, https:\/\/www.muniquintero.cl\/wp-content\/uploads\/2026\/09\/IMG_0246-1536x1024.jpg 1536w, https:\/\/www.muniquintero.cl\/wp-content\/uploads\/2026\/09\/IMG_0246-2048x1365.jpg 2048w\" sizes=\"(max-width: 1024px) 100vw, 1024px\" \/><\/figure>\n\n\n\n<p class=\"wp-block-paragraph\">La feria fue desarrollada en conjunto con SENCE, empresas de la zona, MEPPCEL y distintos servicios p\u00fablicos, con el prop\u00f3sito de entregar a la comunidad no solo alternativas de empleo, sino tambi\u00e9n informaci\u00f3n relacionada con capacitaci\u00f3n, orientaci\u00f3n laboral y programas de apoyo.<\/p>\n\n\n\n<p class=\"wp-block-paragraph\">Al respecto, el alcalde de Quintero, Rolando Silva Fuentes, destac\u00f3 la convocatoria alcanzada durante la jornada y valor\u00f3 el trabajo desarrollado por la OMIL y las empresas participantes.<\/p>\n\n\n\n<figure class=\"wp-block-audio\"><audio controls src=\"https:\/\/www.muniquintero.cl\/wp-content\/uploads\/2026\/09\/ROLANDO-SILVA-ALCALDE.mp3\"><\/audio><figcaption class=\"wp-element-caption\">Rolando Silva<\/figcaption><\/figure>\n\n\n\n<p class=\"wp-block-paragraph\">\u201cMuy contento hoy d\u00eda en esta tremenda jornada que se vivi\u00f3 aqu\u00ed en la comuna de Quintero, en esta feria laboral organizada por la OMIL de DIDECO, y felicitar a todas las empresas que vinieron, m\u00e1s de 25 empresas que estuvieron ac\u00e1, con m\u00e1s de 300 puestos de trabajo. Vinieron m\u00e1s de 700 personas, m\u00e1s o menos, y fue todo un \u00e9xito\u201d.<\/p>\n\n\n\n<p class=\"wp-block-paragraph\">Por su parte, la seremi del Trabajo y Previsi\u00f3n Social de Valpara\u00edso, Carolina Sang\u00fcesa, destac\u00f3 la importancia de acercar las oportunidades laborales a los habitantes de la zona y entreg\u00f3 informaci\u00f3n sobre el Subsidio a la Contrataci\u00f3n.<\/p>\n\n\n\n<figure class=\"wp-block-audio\"><audio controls src=\"https:\/\/www.muniquintero.cl\/wp-content\/uploads\/2026\/09\/CAROLINA-SANGU\u0308ESA-SEREMI-TRABAJO.mp3\"><\/audio><figcaption class=\"wp-element-caption\">Carolina Sang\u00fcesa<\/figcaption><\/figure>\n\n\n\n<p class=\"wp-block-paragraph\">\u201cLo que queremos es que los vecinos de Quintero, los vecinos de Puchuncav\u00ed puedan venir, tengan oportunidades en su comuna. Hoy d\u00eda seguimos trabajando en modo empleo y ya se han pagado a 119 trabajadores el subsidio a la contrataci\u00f3n. Es importante que sigan las empresas y las pymes postulando a este subsidio\u201d.<\/p>\n\n\n\n<figure class=\"wp-block-image size-large\"><img decoding=\"async\" width=\"1024\" height=\"683\" src=\"https:\/\/www.muniquintero.cl\/wp-content\/uploads\/2026\/09\/IMG_0028-1024x683.jpg\" alt=\"\" class=\"wp-image-47032\" srcset=\"https:\/\/www.muniquintero.cl\/wp-content\/uploads\/2026\/09\/IMG_0028-1024x683.jpg 1024w, https:\/\/www.muniquintero.cl\/wp-content\/uploads\/2026\/09\/IMG_0028-300x200.jpg 300w, https:\/\/www.muniquintero.cl\/wp-content\/uploads\/2026\/09\/IMG_0028-768x512.jpg 768w, https:\/\/www.muniquintero.cl\/wp-content\/uploads\/2026\/09\/IMG_0028-1536x1024.jpg 1536w, https:\/\/www.muniquintero.cl\/wp-content\/uploads\/2026\/09\/IMG_0028-2048x1365.jpg 2048w\" sizes=\"(max-width: 1024px) 100vw, 1024px\" \/><\/figure>\n\n\n\n<p class=\"wp-block-paragraph\">En tanto, el seremi de Econom\u00eda, Cristi\u00e1n Mella, valor\u00f3 la realizaci\u00f3n de la feria como una instancia de intermediaci\u00f3n entre las empresas y las personas que buscan incorporarse al mercado laboral.<\/p>\n\n\n\n<figure class=\"wp-block-audio\"><audio controls src=\"https:\/\/www.muniquintero.cl\/wp-content\/uploads\/2026\/09\/CRISTIAN-MELLA-SEREMI-ECONOMIA.mp3\"><\/audio><figcaption class=\"wp-element-caption\">Cristi\u00e1n Mella<\/figcaption><\/figure>\n\n\n\n<p class=\"wp-block-paragraph\">\u201cSabemos, como nos ha pedido el presidente Kast, que hay un momento muy dif\u00edcil para el empleo en Chile y particularmente en nuestra regi\u00f3n, y muy importante para las mujeres de nuestra regi\u00f3n. Por lo mismo, celebro que hoy d\u00eda se est\u00e9 generando esta instancia de intermediaci\u00f3n laboral entre las empresas que est\u00e1n ubicadas ac\u00e1 en la zona y las personas que necesitan trabajo\u201d.<\/p>\n\n\n\n<figure class=\"wp-block-image size-large\"><img decoding=\"async\" width=\"1024\" height=\"683\" src=\"https:\/\/www.muniquintero.cl\/wp-content\/uploads\/2026\/09\/IMG_0099-1024x683.jpg\" alt=\"\" class=\"wp-image-47033\" srcset=\"https:\/\/www.muniquintero.cl\/wp-content\/uploads\/2026\/09\/IMG_0099-1024x683.jpg 1024w, https:\/\/www.muniquintero.cl\/wp-content\/uploads\/2026\/09\/IMG_0099-300x200.jpg 300w, https:\/\/www.muniquintero.cl\/wp-content\/uploads\/2026\/09\/IMG_0099-768x512.jpg 768w, https:\/\/www.muniquintero.cl\/wp-content\/uploads\/2026\/09\/IMG_0099-1536x1024.jpg 1536w, https:\/\/www.muniquintero.cl\/wp-content\/uploads\/2026\/09\/IMG_0099-2048x1365.jpg 2048w\" sizes=\"(max-width: 1024px) 100vw, 1024px\" \/><\/figure>\n\n\n\n<p class=\"wp-block-paragraph\">El director regional (S) de SENCE Valpara\u00edso, Jaime Santander, destac\u00f3 adem\u00e1s el trabajo colaborativo desarrollado entre la OMIL y el organismo p\u00fablico para generar oportunidades laborales en el territorio.<\/p>\n\n\n\n<figure class=\"wp-block-audio\"><audio controls src=\"https:\/\/www.muniquintero.cl\/wp-content\/uploads\/2026\/09\/JAIME-SANTANDER-SENCE.mp3\"><\/audio><figcaption class=\"wp-element-caption\">Jaime Santander<\/figcaption><\/figure>\n\n\n\n<p class=\"wp-block-paragraph\">\u201cEs importante destacar el trabajo que realiza la OMIL, en este caso junto a SENCE, en el marco de un convenio que tenemos firmado. Lo m\u00e1s importante es agradecer a las empresas que est\u00e1n siendo parte hoy de esta iniciativa y tambi\u00e9n agradecer al equipo OMIL, que se ha dedicado a buscar en el territorio estas oportunidades laborales que se est\u00e1n entregando hoy\u201d.<\/p>\n\n\n\n<p class=\"wp-block-paragraph\">Asimismo, la directora de Desarrollo Comunitario de Quintero, Marianna Herrera, valor\u00f3 el trabajo realizado por los equipos municipales para concretar esta iniciativa y acercar diversos servicios a la comunidad.<\/p>\n\n\n\n<figure class=\"wp-block-audio\"><audio controls src=\"https:\/\/www.muniquintero.cl\/wp-content\/uploads\/2026\/09\/MARIANNA-HERRERA-DIDECO-QTRO.mp3\"><\/audio><figcaption class=\"wp-element-caption\">Marianna Herrera<\/figcaption><\/figure>\n\n\n\n<p class=\"wp-block-paragraph\">\u201cA trav\u00e9s de nuestro departamento, de la Oficina de Intermediaci\u00f3n Laboral, agradecer al equipo que hizo posible esta instancia de traer esta feria laboral nuevamente ac\u00e1 a la comuna de Quintero. Compartiendo con el resto de servicios municipales, tuvimos oficinas de atenci\u00f3n tambi\u00e9n a la comunidad y la feria de emprendimiento\u201d.<\/p>\n\n\n\n<figure class=\"wp-block-image size-large\"><img loading=\"lazy\" decoding=\"async\" width=\"1024\" height=\"683\" src=\"https:\/\/www.muniquintero.cl\/wp-content\/uploads\/2026\/09\/IMG_0012-1024x683.jpg\" alt=\"\" class=\"wp-image-47031\" srcset=\"https:\/\/www.muniquintero.cl\/wp-content\/uploads\/2026\/09\/IMG_0012-1024x683.jpg 1024w, https:\/\/www.muniquintero.cl\/wp-content\/uploads\/2026\/09\/IMG_0012-300x200.jpg 300w, https:\/\/www.muniquintero.cl\/wp-content\/uploads\/2026\/09\/IMG_0012-768x512.jpg 768w, https:\/\/www.muniquintero.cl\/wp-content\/uploads\/2026\/09\/IMG_0012-1536x1024.jpg 1536w, https:\/\/www.muniquintero.cl\/wp-content\/uploads\/2026\/09\/IMG_0012-2048x1365.jpg 2048w\" sizes=\"(max-width: 1024px) 100vw, 1024px\" \/><\/figure>\n\n\n\n<p class=\"wp-block-paragraph\"><strong>Empresas y servicios p\u00fablicos<\/strong><\/p>\n\n\n\n<p class=\"wp-block-paragraph\">A la oferta laboral se sum\u00f3 la presencia de servicios p\u00fablicos y oficinas municipales, entre ellos SENCE, Servicio Nacional de Migraciones, ChileValora, Gendarmer\u00eda, Direcci\u00f3n del Trabajo, SernamEG, AFC, ISL, Seremi de Bienes Nacionales, Fundaci\u00f3n Integra, ChileAtiende, Corporaci\u00f3n de Asistencia Judicial, Delegaci\u00f3n Presidencial de Valpara\u00edso, adem\u00e1s de diversos programas y departamentos municipales.<\/p>\n\n\n\n<p class=\"wp-block-paragraph\">Asimismo, la jornada cont\u00f3 con la participaci\u00f3n de instituciones vinculadas a la educaci\u00f3n y formaci\u00f3n, como el CFT PUCV, adem\u00e1s de la Fuerza A\u00e9rea de Chile y la Escuela de Formaci\u00f3n de Carabineros (ESFOCAR).<\/p>\n\n\n\n<figure class=\"wp-block-image size-large\"><img loading=\"lazy\" decoding=\"async\" width=\"1024\" height=\"683\" src=\"https:\/\/www.muniquintero.cl\/wp-content\/uploads\/2026\/09\/IMG_0107-1024x683.jpg\" alt=\"\" class=\"wp-image-47034\" srcset=\"https:\/\/www.muniquintero.cl\/wp-content\/uploads\/2026\/09\/IMG_0107-1024x683.jpg 1024w, https:\/\/www.muniquintero.cl\/wp-content\/uploads\/2026\/09\/IMG_0107-300x200.jpg 300w, https:\/\/www.muniquintero.cl\/wp-content\/uploads\/2026\/09\/IMG_0107-768x512.jpg 768w, https:\/\/www.muniquintero.cl\/wp-content\/uploads\/2026\/09\/IMG_0107-1536x1024.jpg 1536w, https:\/\/www.muniquintero.cl\/wp-content\/uploads\/2026\/09\/IMG_0107-2048x1365.jpg 2048w\" sizes=\"(max-width: 1024px) 100vw, 1024px\" \/><\/figure>\n\n\n\n<p class=\"wp-block-paragraph\">Entre las empresas participantes se encontraron GNL Quintero, OXIQUIM, CODELCO, F&amp;L Ingenier\u00eda El\u00e9ctrica y Montajes, R&amp;Q Ingenier\u00eda, Axinntus, F\u00e9nix, Talento Local, Aguas Pac\u00edfico\/Veolia, CLES SpA, Ferreter\u00eda Higuerillas, Cl\u00ednica Asodial, Quintero Energ\u00eda, FB Servicios Industriales, COPEC, CONAF, MIES, Nexxo, Hospital Adriana Cousi\u00f1o de Quintero, Sigma Construcciones SpA, Tega Industries, PVSA, ENAP, Erres, Ferrostal y STS.<\/p>\n\n\n\n<p class=\"wp-block-paragraph\">En esta nueva versi\u00f3n, la Feria Laboral Comunal de Quintero 2026 se consolid\u00f3 como una instancia de encuentro entre la comunidad, empresas, instituciones p\u00fablicas y organismos de capacitaci\u00f3n, fortaleciendo la conexi\u00f3n entre quienes buscan oportunidades laborales y el sector productivo, y promoviendo mayores alternativas de desarrollo y empleabilidad para los habitantes de la comuna.<\/p>\n","protected":false},"excerpt":{"rendered":"<p>En la instancia, adem\u00e1s, se anunci\u00f3 el pago del Subsidio a la Contrataci\u00f3n del Gobierno para toda la regi\u00f3n de Valpara\u00edso. Con el objetivo de fortalecer la empleabilidad local y facilitar el acceso de vecinos y vecinas a nuevas oportunidades de trabajo, este jueves 3 de septiembre se desarroll\u00f3 en la Plaza Ignacio Carrera Pinto [&hellip;]<\/p>\n","protected":false},"author":7,"featured_media":47024,"comment_status":"closed","ping_status":"closed","sticky":false,"template":"","format":"standard","meta":{"wds_primary_category":1,"footnotes":""},"categories":[1,2],"tags":[785,784,397,398,85],"class_list":["post-47023","post","type-post","status-publish","format-standard","has-post-thumbnail","hentry","category-municipalidad","category-noticias","tag-economia","tag-feria-laboral","tag-omil","tag-sence","tag-trabajo"],"_links":{"self":[{"href":"https:\/\/www.muniquintero.cl\/index.php\/wp-json\/wp\/v2\/posts\/47023","targetHints":{"allow":["GET"]}}],"collection":[{"href":"https:\/\/www.muniquintero.cl\/index.php\/wp-json\/wp\/v2\/posts"}],"about":[{"href":"https:\/\/www.muniquintero.cl\/index.php\/wp-json\/wp\/v2\/types\/post"}],"author":[{"embeddable":true,"href":"https:\/\/www.muniquintero.cl\/index.php\/wp-json\/wp\/v2\/users\/7"}],"replies":[{"embeddable":true,"href":"https:\/\/www.muniquintero.cl\/index.php\/wp-json\/wp\/v2\/comments?post=47023"}],"version-history":[{"count":1,"href":"https:\/\/www.muniquintero.cl\/index.php\/wp-json\/wp\/v2\/posts\/47023\/revisions"}],"predecessor-version":[{"id":47035,"href":"https:\/\/www.muniquintero.cl\/index.php\/wp-json\/wp\/v2\/posts\/47023\/revisions\/47035"}],"wp:featuredmedia":[{"embeddable":true,"href":"https:\/\/www.muniquintero.cl\/index.php\/wp-json\/wp\/v2\/media\/47024"}],"wp:attachment":[{"href":"https:\/\/www.muniquintero.cl\/index.php\/wp-json\/wp\/v2\/media?parent=47023"}],"wp:term":[{"taxonomy":"category","embeddable":true,"href":"https:\/\/www.muniquintero.cl\/index.php\/wp-json\/wp\/v2\/categories?post=47023"},{"taxonomy":"post_tag","embeddable":true,"href":"https:\/\/www.muniquintero.cl\/index.php\/wp-json\/wp\/v2\/tags?post=47023"}],"curies":[{"name":"wp","href":"https:\/\/api.w.org\/{rel}","templated":true}]}}