{"id":47018,"date":"2026-09-04T11:16:32","date_gmt":"2026-09-04T15:16:32","guid":{"rendered":"https:\/\/www.muniquintero.cl\/?p=47018"},"modified":"2026-09-04T12:08:48","modified_gmt":"2026-09-04T16:08:48","slug":"municipio-prepara-fiesta-costumbrista-2026-los-dias-17-18-y-19-de-septiembre","status":"publish","type":"post","link":"https:\/\/www.muniquintero.cl\/index.php\/2026\/09\/04\/municipio-prepara-fiesta-costumbrista-2026-los-dias-17-18-y-19-de-septiembre\/","title":{"rendered":"MUNICIPIO PREPARA FIESTA COSTUMBRISTA 2026 LOS D\u00cdAS 17, 18 Y 19 DE SEPTIEMBRE"},"content":{"rendered":"\n<p class=\"wp-block-paragraph\">En plena organizaci\u00f3n se encuentra la Fiesta Costumbrista que el municipio organiza en Fiestas Patrias, con un sello social y con el objetivo de ser una buena propuesta de entretenci\u00f3n sana y muy completa en esos d\u00edas.<\/p>\n\n\n\n<figure class=\"wp-block-image size-large\"><img fetchpriority=\"high\" decoding=\"async\" width=\"1024\" height=\"591\" src=\"https:\/\/www.muniquintero.cl\/wp-content\/uploads\/2026\/09\/WhatsApp-Image-2026-09-04-at-10.45.24-AM-1024x591.jpeg\" alt=\"\" class=\"wp-image-47019\" srcset=\"https:\/\/www.muniquintero.cl\/wp-content\/uploads\/2026\/09\/WhatsApp-Image-2026-09-04-at-10.45.24-AM-1024x591.jpeg 1024w, https:\/\/www.muniquintero.cl\/wp-content\/uploads\/2026\/09\/WhatsApp-Image-2026-09-04-at-10.45.24-AM-300x173.jpeg 300w, https:\/\/www.muniquintero.cl\/wp-content\/uploads\/2026\/09\/WhatsApp-Image-2026-09-04-at-10.45.24-AM-768x443.jpeg 768w, https:\/\/www.muniquintero.cl\/wp-content\/uploads\/2026\/09\/WhatsApp-Image-2026-09-04-at-10.45.24-AM.jpeg 1175w\" sizes=\"(max-width: 1024px) 100vw, 1024px\" \/><\/figure>\n\n\n\n<p class=\"wp-block-paragraph\">Este a\u00f1o, la Fiesta Costumbrista se desarrollar\u00e1 el jueves 17, viernes 18 y s\u00e1bado 19 de septiembre en el Estadio Municipal \u201cRa\u00fal Vargas Verdejo\u201d, siempre con entrada liberada para sus visitantes, quienes podr\u00e1n disfrutar tanto de un buen show en un escenario gigante, como de decenas de puestos de comida, de juegos infantiles, venta de artesan\u00eda y otras ofertas atractivas, las que se despliegan a trav\u00e9s de todo el recinto, facilitando que miles de personas puedan recrearse.<\/p>\n\n\n\n<p class=\"wp-block-paragraph\">Por este motivo, durante el Concejo Municipal N\u00b0 63, el alcalde Rolando Silva Fuentes, solicit\u00f3 la aprobaci\u00f3n de cuatro contratos, luego de la correspondiente licitaci\u00f3n p\u00fablica, que permitir\u00e1n contar con un buen escenario, la construcci\u00f3n de puestos de ventas que cumplen con todos los requerimientos del Servicio de Salud, la instalaci\u00f3n el\u00e9ctrica que reforzar\u00e1 la energ\u00eda de manera que no haya cortes durante la festividad, y disponer de un servicio de vigilancia y seguridad que permita a las familias permanecer el recinto de manera tranquila.<\/p>\n\n\n\n<p class=\"wp-block-paragraph\">Estos cuatro contratos hab\u00edan sido estudiados en forma sucesiva y de manera previa en las Comisiones de Finanzas e Inversiones N\u00b0 63 y 64, que dirige el concejal Mario Gonz\u00e1lez Ahumada.<\/p>\n\n\n\n<p class=\"wp-block-paragraph\"><strong>Provisi\u00f3n de escenario y estructuras<\/strong><\/p>\n\n\n\n<p class=\"wp-block-paragraph\">Se autoriz\u00f3 la provisi\u00f3n de escenario y estructuras que tienen por objetivo la contrataci\u00f3n del servicio de traslado, instalaci\u00f3n, armado de escenario y de estructuras necesarias para llevar a cabo el evento en el Estadio Municipal, por un valor con IVA incluido de 138 millones 40 mil pesos.<\/p>\n\n\n\n<p class=\"wp-block-paragraph\"><strong>Sistema el\u00e9ctrico:<\/strong><\/p>\n\n\n\n<p class=\"wp-block-paragraph\">As\u00ed mismo se autoriz\u00f3 la contrataci\u00f3n del suministro de energ\u00eda el\u00e9ctrica para instalaciones complementarias, como alumbrado en zonas cr\u00edticas en todo el recinto del estadio, por un valor total con IVA incluido de 49 millones 71 mil 614 pesos, con un plazo de ejecuci\u00f3n de cuatro d\u00edas corridos, a contar de la fecha de suscripci\u00f3n del acta de entrega del terreno.<\/p>\n\n\n\n<p class=\"wp-block-paragraph\"><strong>Habilitaci\u00f3n de infraestructura, stand de venta, sector aleda\u00f1o al escenario y obras civiles<\/strong><\/p>\n\n\n\n<p class=\"wp-block-paragraph\">Se continu\u00f3 con la contrataci\u00f3n para la construcci\u00f3n, habilitaci\u00f3n y posterior desarme de 65 m\u00f3dulos de estructura liviana y de car\u00e1cter provisoria, destinados al funcionamiento de puestos de venta durante el desarrollo de la actividad. Cada m\u00f3dulo tendr\u00e1 dimensiones aproximadas de tres por tres metros, en el que se debe considerar suministro e instalaci\u00f3n de redes de agua potable y alcantarillado para el uso de lavaplatos, cuyo valor con IVA incluido es de 59 millones 998 mil 759 pesos, con un plazo de ejecuci\u00f3n ofertado de cinco d\u00edas corridos, a contar de la fecha de suscripci\u00f3n del acta de entrega del terreno.<\/p>\n\n\n\n<p class=\"wp-block-paragraph\"><strong>Servicio de Seguridad y centro de monitoreo privado<\/strong><\/p>\n\n\n\n<p class=\"wp-block-paragraph\">Finalmente se autoriz\u00f3 la contrataci\u00f3n para disponer de un servicio integral de seguridad privada, que permita prevenir y atender situaciones que puedan afectar el normal desarrollo de la actividad, resguardar a las personas, controlar los accesos, proteger bienes e instalaciones y apoyar la coordinaci\u00f3n ante emergencias, con 15 guardias hasta la 17 horas, y 40 guardias de 17 a 03: 00 AM, con una central de &nbsp;16 c\u00e1maras de televigilancia monitoreado por a lo menos dos t\u00e9cnicos, equipos radiales, detector de metales, cuatro pantallas y dos meg\u00e1fonos, por un valor con IVA incluido por 45 millones.<\/p>\n","protected":false},"excerpt":{"rendered":"<p>En plena organizaci\u00f3n se encuentra la Fiesta Costumbrista que el municipio organiza en Fiestas Patrias, con un sello social y con el objetivo de ser una buena propuesta de entretenci\u00f3n sana y muy completa en esos d\u00edas. Este a\u00f1o, la Fiesta Costumbrista se desarrollar\u00e1 el jueves 17, viernes 18 y s\u00e1bado 19 de septiembre en [&hellip;]<\/p>\n","protected":false},"author":27,"featured_media":47019,"comment_status":"closed","ping_status":"closed","sticky":false,"template":"","format":"standard","meta":{"wds_primary_category":2,"footnotes":""},"categories":[2],"tags":[],"class_list":["post-47018","post","type-post","status-publish","format-standard","has-post-thumbnail","hentry","category-noticias"],"_links":{"self":[{"href":"https:\/\/www.muniquintero.cl\/index.php\/wp-json\/wp\/v2\/posts\/47018","targetHints":{"allow":["GET"]}}],"collection":[{"href":"https:\/\/www.muniquintero.cl\/index.php\/wp-json\/wp\/v2\/posts"}],"about":[{"href":"https:\/\/www.muniquintero.cl\/index.php\/wp-json\/wp\/v2\/types\/post"}],"author":[{"embeddable":true,"href":"https:\/\/www.muniquintero.cl\/index.php\/wp-json\/wp\/v2\/users\/27"}],"replies":[{"embeddable":true,"href":"https:\/\/www.muniquintero.cl\/index.php\/wp-json\/wp\/v2\/comments?post=47018"}],"version-history":[{"count":2,"href":"https:\/\/www.muniquintero.cl\/index.php\/wp-json\/wp\/v2\/posts\/47018\/revisions"}],"predecessor-version":[{"id":47022,"href":"https:\/\/www.muniquintero.cl\/index.php\/wp-json\/wp\/v2\/posts\/47018\/revisions\/47022"}],"wp:featuredmedia":[{"embeddable":true,"href":"https:\/\/www.muniquintero.cl\/index.php\/wp-json\/wp\/v2\/media\/47019"}],"wp:attachment":[{"href":"https:\/\/www.muniquintero.cl\/index.php\/wp-json\/wp\/v2\/media?parent=47018"}],"wp:term":[{"taxonomy":"category","embeddable":true,"href":"https:\/\/www.muniquintero.cl\/index.php\/wp-json\/wp\/v2\/categories?post=47018"},{"taxonomy":"post_tag","embeddable":true,"href":"https:\/\/www.muniquintero.cl\/index.php\/wp-json\/wp\/v2\/tags?post=47018"}],"curies":[{"name":"wp","href":"https:\/\/api.w.org\/{rel}","templated":true}]}}