{"id":47008,"date":"2026-09-03T18:13:46","date_gmt":"2026-09-03T22:13:46","guid":{"rendered":"https:\/\/www.muniquintero.cl\/?p=47008"},"modified":"2026-09-03T18:13:46","modified_gmt":"2026-09-03T22:13:46","slug":"alcalde-rolando-silva-respalda-proyecto-bahia-2040-hacia-un-pacto-territorial-de-recuperacion","status":"publish","type":"post","link":"https:\/\/www.muniquintero.cl\/index.php\/2026\/09\/03\/alcalde-rolando-silva-respalda-proyecto-bahia-2040-hacia-un-pacto-territorial-de-recuperacion\/","title":{"rendered":"Alcalde Rolando Silva respalda proyecto \u201cBah\u00eda 2040: Hacia un Pacto Territorial de Recuperaci\u00f3n\u201d"},"content":{"rendered":"\n<p class=\"wp-block-paragraph\">Con la mirada puesta en transformar las comunas de Quintero, Puchuncav\u00ed y Conc\u00f3n en un territorio de oportunidades hacia 2040, el alcalde Rolando Silva Fuentes particip\u00f3 en la presentaci\u00f3n de <strong>\u00abBah\u00eda 2040: Hacia un Pacto Territorial de Recuperaci\u00f3n<\/strong>\u00ab, iniciativa impulsada por la ministra de Energ\u00eda, Ximena Rinc\u00f3n, en dependencias del Gobierno Regional de Valpara\u00edso.<\/p>\n\n\n\n<figure class=\"wp-block-image size-large\"><img fetchpriority=\"high\" decoding=\"async\" width=\"1024\" height=\"683\" src=\"https:\/\/www.muniquintero.cl\/wp-content\/uploads\/2026\/09\/WhatsApp-Image-2026-09-03-at-4.45.17-PM-1024x683.jpeg\" alt=\"\" class=\"wp-image-47009\" srcset=\"https:\/\/www.muniquintero.cl\/wp-content\/uploads\/2026\/09\/WhatsApp-Image-2026-09-03-at-4.45.17-PM-1024x683.jpeg 1024w, https:\/\/www.muniquintero.cl\/wp-content\/uploads\/2026\/09\/WhatsApp-Image-2026-09-03-at-4.45.17-PM-300x200.jpeg 300w, https:\/\/www.muniquintero.cl\/wp-content\/uploads\/2026\/09\/WhatsApp-Image-2026-09-03-at-4.45.17-PM-768x512.jpeg 768w, https:\/\/www.muniquintero.cl\/wp-content\/uploads\/2026\/09\/WhatsApp-Image-2026-09-03-at-4.45.17-PM.jpeg 1280w\" sizes=\"(max-width: 1024px) 100vw, 1024px\" \/><\/figure>\n\n\n\n<p class=\"wp-block-paragraph\">La propuesta busca construir un pacto territorial con visi\u00f3n de largo plazo, gobernanza y participaci\u00f3n p\u00fablico-privada, que permita ordenar las inversiones y potenciar las vocaciones energ\u00e9tica, portuaria, industrial, tur\u00edstica y urbana de la bah\u00eda hacia los pr\u00f3ximos 20 a\u00f1os.<\/p>\n\n\n\n<figure class=\"wp-block-image size-large\"><img decoding=\"async\" width=\"1024\" height=\"683\" src=\"https:\/\/www.muniquintero.cl\/wp-content\/uploads\/2026\/09\/WhatsApp-Image-2026-09-03-at-4.45.16-PM-1024x683.jpeg\" alt=\"\" class=\"wp-image-47010\" srcset=\"https:\/\/www.muniquintero.cl\/wp-content\/uploads\/2026\/09\/WhatsApp-Image-2026-09-03-at-4.45.16-PM-1024x683.jpeg 1024w, https:\/\/www.muniquintero.cl\/wp-content\/uploads\/2026\/09\/WhatsApp-Image-2026-09-03-at-4.45.16-PM-300x200.jpeg 300w, https:\/\/www.muniquintero.cl\/wp-content\/uploads\/2026\/09\/WhatsApp-Image-2026-09-03-at-4.45.16-PM-768x512.jpeg 768w, https:\/\/www.muniquintero.cl\/wp-content\/uploads\/2026\/09\/WhatsApp-Image-2026-09-03-at-4.45.16-PM.jpeg 1280w\" sizes=\"(max-width: 1024px) 100vw, 1024px\" \/><\/figure>\n\n\n\n<p class=\"wp-block-paragraph\">El <strong>alcalde de Quintero, Rolando Silva Fuentes<\/strong>, destac\u00f3 que esta visi\u00f3n conecta directamente con la planificaci\u00f3n que impulsa su administraci\u00f3n: \u00abUna reuni\u00f3n muy importante, porque estamos planificando la comuna que queremos a futuro. Se enmarca en el Plan Regulador que estamos trabajando en nuestra comuna. Ayer aprobamos el PLADECO y el PLADETUR, el Plan de Turismo de la comuna de Quintero\u00bb, se\u00f1al\u00f3.<\/p>\n\n\n\n<figure class=\"wp-block-image size-large\"><img decoding=\"async\" width=\"1024\" height=\"683\" src=\"https:\/\/www.muniquintero.cl\/wp-content\/uploads\/2026\/09\/WhatsApp-Image-2026-09-03-at-4.45.17-PM-1-1024x683.jpeg\" alt=\"\" class=\"wp-image-47011\" srcset=\"https:\/\/www.muniquintero.cl\/wp-content\/uploads\/2026\/09\/WhatsApp-Image-2026-09-03-at-4.45.17-PM-1-1024x683.jpeg 1024w, https:\/\/www.muniquintero.cl\/wp-content\/uploads\/2026\/09\/WhatsApp-Image-2026-09-03-at-4.45.17-PM-1-300x200.jpeg 300w, https:\/\/www.muniquintero.cl\/wp-content\/uploads\/2026\/09\/WhatsApp-Image-2026-09-03-at-4.45.17-PM-1-768x512.jpeg 768w, https:\/\/www.muniquintero.cl\/wp-content\/uploads\/2026\/09\/WhatsApp-Image-2026-09-03-at-4.45.17-PM-1.jpeg 1280w\" sizes=\"(max-width: 1024px) 100vw, 1024px\" \/><\/figure>\n\n\n\n<p class=\"wp-block-paragraph\">La jornada cont\u00f3 con la participaci\u00f3n del alcalde de Puchuncav\u00ed, Marcos Morales; el delegado presidencial regional, Manuel Millones; la seremi de Gobierno, Rosario P\u00e9rez; el seremi de Energ\u00eda, Celso Quezada, y el arquitecto, economista y urbanista Dr. Alfonso Vergara, fundador y presidente de la Fundaci\u00f3n Metr\u00f3poli.<\/p>\n\n\n\n<figure class=\"wp-block-image size-large\"><img loading=\"lazy\" decoding=\"async\" width=\"1024\" height=\"683\" src=\"https:\/\/www.muniquintero.cl\/wp-content\/uploads\/2026\/09\/WhatsApp-Image-2026-09-03-at-4.45.17-PM-2-1024x683.jpeg\" alt=\"\" class=\"wp-image-47013\" srcset=\"https:\/\/www.muniquintero.cl\/wp-content\/uploads\/2026\/09\/WhatsApp-Image-2026-09-03-at-4.45.17-PM-2-1024x683.jpeg 1024w, https:\/\/www.muniquintero.cl\/wp-content\/uploads\/2026\/09\/WhatsApp-Image-2026-09-03-at-4.45.17-PM-2-300x200.jpeg 300w, https:\/\/www.muniquintero.cl\/wp-content\/uploads\/2026\/09\/WhatsApp-Image-2026-09-03-at-4.45.17-PM-2-768x512.jpeg 768w, https:\/\/www.muniquintero.cl\/wp-content\/uploads\/2026\/09\/WhatsApp-Image-2026-09-03-at-4.45.17-PM-2.jpeg 1280w\" sizes=\"(max-width: 1024px) 100vw, 1024px\" \/><\/figure>\n\n\n\n<p class=\"wp-block-paragraph\">Vergara expuso experiencias internacionales de transformaci\u00f3n de territorios industriales, con especial \u00e9nfasis en el modelo Bilbao R\u00eda 2000, como referencia para explorar alternativas de desarrollo para la bah\u00eda. \u00abHay muchos lugares en el mundo que han partido de situaciones complejas, industrias que contaminaban, y que se han transformado de manera espectacular. Aqu\u00ed hay una oportunidad de oro con este proyecto que hemos llamado Bah\u00eda 2040\u00bb, afirm\u00f3.<\/p>\n\n\n\n<figure class=\"wp-block-audio\"><audio controls src=\"https:\/\/www.muniquintero.cl\/wp-content\/uploads\/2026\/09\/Alfonso-Vergara-presidente-Fundacion-Metropoli.mp3.mp3\"><\/audio><\/figure>\n\n\n\n<p class=\"wp-block-paragraph\">Por su parte, la <strong>ministra Ximena Rinc\u00f3n<\/strong> subray\u00f3 la importancia de seguir trabajando junto a los municipios: \u00abHemos tenido una gran reuni\u00f3n con Alfonso Vergara de la Fundaci\u00f3n Metr\u00f3poli, quien est\u00e1 trabajando en CAP Huachipato en la regi\u00f3n del Biob\u00edo y lo hemos querido invitar aqu\u00ed a Valpara\u00edso para seguir trabajando con los alcaldes de Conc\u00f3n, Quintero y Puchuncav\u00ed en este desaf\u00edo de Bah\u00eda 2040\u00bb, se\u00f1al\u00f3.<\/p>\n\n\n\n<figure class=\"wp-block-audio\"><audio controls src=\"https:\/\/www.muniquintero.cl\/wp-content\/uploads\/2026\/09\/Ministra-Ximena-Rincon-.mp3.mp3\"><\/audio><\/figure>\n\n\n\n<p class=\"wp-block-paragraph\">El alcalde Silva cerr\u00f3 enfatizando que \u00abqueremos desarrollar nuestra comuna como una comuna de oportunidades\u00bb, destacando la necesidad de avanzar junto a las comunas vecinas en una estrategia com\u00fan: \u00abQueremos trabajar en conjunto con las comunas vecinas porque esto es un corredor tur\u00edstico, no solamente del borde costero, sino de la regi\u00f3n\u00bb.<\/p>\n\n\n\n<figure class=\"wp-block-audio\"><audio controls src=\"https:\/\/www.muniquintero.cl\/wp-content\/uploads\/2026\/09\/Alcalde-de-Quintero-Rolando-Silva-Fuentes.mp3-3.mp3\"><\/audio><\/figure>\n\n\n\n<p class=\"wp-block-paragraph\"><\/p>\n","protected":false},"excerpt":{"rendered":"<p>Con la mirada puesta en transformar las comunas de Quintero, Puchuncav\u00ed y Conc\u00f3n en un territorio de oportunidades hacia 2040, el alcalde Rolando Silva Fuentes particip\u00f3 en la presentaci\u00f3n de \u00abBah\u00eda 2040: Hacia un Pacto Territorial de Recuperaci\u00f3n\u00ab, iniciativa impulsada por la ministra de Energ\u00eda, Ximena Rinc\u00f3n, en dependencias del Gobierno Regional de Valpara\u00edso. La [&hellip;]<\/p>\n","protected":false},"author":27,"featured_media":47009,"comment_status":"closed","ping_status":"closed","sticky":false,"template":"","format":"standard","meta":{"wds_primary_category":2,"footnotes":""},"categories":[2],"tags":[],"class_list":["post-47008","post","type-post","status-publish","format-standard","has-post-thumbnail","hentry","category-noticias"],"_links":{"self":[{"href":"https:\/\/www.muniquintero.cl\/index.php\/wp-json\/wp\/v2\/posts\/47008","targetHints":{"allow":["GET"]}}],"collection":[{"href":"https:\/\/www.muniquintero.cl\/index.php\/wp-json\/wp\/v2\/posts"}],"about":[{"href":"https:\/\/www.muniquintero.cl\/index.php\/wp-json\/wp\/v2\/types\/post"}],"author":[{"embeddable":true,"href":"https:\/\/www.muniquintero.cl\/index.php\/wp-json\/wp\/v2\/users\/27"}],"replies":[{"embeddable":true,"href":"https:\/\/www.muniquintero.cl\/index.php\/wp-json\/wp\/v2\/comments?post=47008"}],"version-history":[{"count":1,"href":"https:\/\/www.muniquintero.cl\/index.php\/wp-json\/wp\/v2\/posts\/47008\/revisions"}],"predecessor-version":[{"id":47017,"href":"https:\/\/www.muniquintero.cl\/index.php\/wp-json\/wp\/v2\/posts\/47008\/revisions\/47017"}],"wp:featuredmedia":[{"embeddable":true,"href":"https:\/\/www.muniquintero.cl\/index.php\/wp-json\/wp\/v2\/media\/47009"}],"wp:attachment":[{"href":"https:\/\/www.muniquintero.cl\/index.php\/wp-json\/wp\/v2\/media?parent=47008"}],"wp:term":[{"taxonomy":"category","embeddable":true,"href":"https:\/\/www.muniquintero.cl\/index.php\/wp-json\/wp\/v2\/categories?post=47008"},{"taxonomy":"post_tag","embeddable":true,"href":"https:\/\/www.muniquintero.cl\/index.php\/wp-json\/wp\/v2\/tags?post=47008"}],"curies":[{"name":"wp","href":"https:\/\/api.w.org\/{rel}","templated":true}]}}