{"id":46958,"date":"2026-09-02T12:39:51","date_gmt":"2026-09-02T16:39:51","guid":{"rendered":"https:\/\/www.muniquintero.cl\/?p=46958"},"modified":"2026-09-02T12:39:51","modified_gmt":"2026-09-02T16:39:51","slug":"quintero-prepara-una-gran-fiesta-costumbrista-2026-con-musica-tradiciones-y-sabores-para-celebrar-las-fiestas-patrias","status":"publish","type":"post","link":"https:\/\/www.muniquintero.cl\/index.php\/2026\/09\/02\/quintero-prepara-una-gran-fiesta-costumbrista-2026-con-musica-tradiciones-y-sabores-para-celebrar-las-fiestas-patrias\/","title":{"rendered":"Quintero prepara una Gran Fiesta Costumbrista 2026 con m\u00fasica, tradiciones y sabores para celebrar las Fiestas Patrias"},"content":{"rendered":"\n<p class=\"wp-block-paragraph\"><strong><em>El alcalde Rolando Silva Fuentes present\u00f3 la parrilla art\u00edstica del evento, que se desarrollar\u00e1 los d\u00edas 17, 18 y 19 de septiembre en el Estadio Municipal Ra\u00fal Vargas Verdejo, con destacados artistas nacionales y una programaci\u00f3n que reunir\u00e1 gastronom\u00eda, folclor, artesan\u00eda y emprendimientos locales.<\/em><\/strong><\/p>\n\n\n\n<p class=\"wp-block-paragraph\">Quintero ya comienza a vivir el ambiente de Fiestas Patrias. Este lunes 1 de septiembre, el alcalde Rolando Silva Fuentes dio a conocer la parrilla de artistas nacionales y extranjeros que ser\u00e1n parte de la Gran Fiesta Costumbrista 2026, evento que se realizar\u00e1 los d\u00edas 17, 18 y 19 de septiembre en el Estadio Municipal Ra\u00fal Vargas Verdejo.<\/p>\n\n\n\n<p class=\"wp-block-paragraph\">La celebraci\u00f3n contar\u00e1 con un escenario instalado en la explanada del recinto deportivo, donde se desarrollar\u00e1n los principales espect\u00e1culos musicales y se ubicar\u00e1n diversos puestos de gastronom\u00eda, ofreciendo a vecinos y visitantes una amplia variedad de preparaciones para disfrutar durante estas jornadas dieciocheras.<\/p>\n\n\n\n<p class=\"wp-block-paragraph\">La fiesta tambi\u00e9n contempla actividades para toda la familia. En la cancha del estadio se instalar\u00e1n juegos infantiles, food trucks, puestos de artesan\u00eda y espacios destinados a emprendedores locales, generando un punto de encuentro para disfrutar de las tradiciones y productos de la comuna.<\/p>\n\n\n\n<p class=\"wp-block-paragraph\">El alcalde Rolando Silva Fuentes, en representaci\u00f3n del Concejo Municipal, extendi\u00f3 la invitaci\u00f3n a la comunidad y a quienes visiten Quintero durante las celebraciones patrias.<\/p>\n\n\n\n<figure class=\"wp-block-image size-large\"><img fetchpriority=\"high\" decoding=\"async\" width=\"1024\" height=\"683\" src=\"https:\/\/www.muniquintero.cl\/wp-content\/uploads\/2026\/09\/IMG_9540-1024x683.jpg\" alt=\"\" class=\"wp-image-46964\" srcset=\"https:\/\/www.muniquintero.cl\/wp-content\/uploads\/2026\/09\/IMG_9540-1024x683.jpg 1024w, https:\/\/www.muniquintero.cl\/wp-content\/uploads\/2026\/09\/IMG_9540-300x200.jpg 300w, https:\/\/www.muniquintero.cl\/wp-content\/uploads\/2026\/09\/IMG_9540-768x512.jpg 768w, https:\/\/www.muniquintero.cl\/wp-content\/uploads\/2026\/09\/IMG_9540-1536x1024.jpg 1536w, https:\/\/www.muniquintero.cl\/wp-content\/uploads\/2026\/09\/IMG_9540-2048x1365.jpg 2048w\" sizes=\"(max-width: 1024px) 100vw, 1024px\" \/><\/figure>\n\n\n\n<figure class=\"wp-block-audio\"><audio controls src=\"https:\/\/www.muniquintero.cl\/wp-content\/uploads\/2026\/09\/ROLANDO-SILVA-PARRILLA-FIESTAS-PATRIAS-2026.mp3\"><\/audio><figcaption class=\"wp-element-caption\">Rolando Silva<\/figcaption><\/figure>\n\n\n\n<p class=\"wp-block-paragraph\">\u201cQuintero ya se prepara para las Fiestas Patrias, para la gran fiesta costumbrista a\u00f1o 2026. Los d\u00edas 17, 18 y 19 de septiembre los vamos a estar esperando con excelente m\u00fasica, tradiciones y lo m\u00e1s importante, buena gastronom\u00eda y muy buena artesan\u00eda en la comuna de Quintero\u201d, se\u00f1al\u00f3 el jefe comunal.<\/p>\n\n\n\n<p class=\"wp-block-paragraph\"><strong><em>Tres jornadas de m\u00fasica para celebrar en grande<\/em><\/strong><\/p>\n\n\n\n<p class=\"wp-block-paragraph\">La programaci\u00f3n musical contempla destacados exponentes de la m\u00fasica nacional y representantes de la cumbia y la m\u00fasica tropical.<\/p>\n\n\n\n<p class=\"wp-block-paragraph\">El jueves 17 de septiembre, la jornada comenzar\u00e1 con la joven voz de la cumbia chilena Alanys Lagos, para posteriormente continuar con la presentaci\u00f3n de Koky y su Gran Banda Tropical.<\/p>\n\n\n\n<p class=\"wp-block-paragraph\">El viernes 18 de septiembre ser\u00e1 el turno de Leo Rey y su Banda, junto a una presentaci\u00f3n de los hist\u00f3ricos exponentes de la m\u00fasica sound chilena.<\/p>\n\n\n\n<p class=\"wp-block-paragraph\">Finalmente, el s\u00e1bado 19 de septiembre, la fiesta continuar\u00e1 con Agrupaci\u00f3n Marilyn y Los Vikings 5, adem\u00e1s de la participaci\u00f3n de grupos folcl\u00f3ricos de la comuna de Quintero y agrupaciones de la cumbia quinterana, poniendo en valor el talento art\u00edstico local.<\/p>\n\n\n\n<p class=\"wp-block-paragraph\">\u201cEste d\u00eda 17 empezamos con la gran voz nacional joven de la cumbia chilena Alanys Lagos y continuamos la fiesta con Koky y su Gran Banda Tropical. Y este 18 estamos con Leo Rey y su Banda y tambi\u00e9n con los hist\u00f3ricos de la m\u00fasica sound de Chile, y el 19 estamos con la Agrupaci\u00f3n Marilyn y con los Vikings 5, y tambi\u00e9n vamos a estar con todos los grupos folcl\u00f3ricos de la comuna de Quintero y nuestros grupos de la cumbia quinterana\u201d, anunci\u00f3 el alcalde.<\/p>\n\n\n\n<p class=\"wp-block-paragraph\"><strong><em>Una celebraci\u00f3n para toda la familia<\/em><\/strong><\/p>\n\n\n\n<p class=\"wp-block-paragraph\">La Gran Fiesta Costumbrista 2026 busca convertirse en uno de los principales puntos de encuentro de estas Fiestas Patrias en la comuna, combinando m\u00fasica en vivo, gastronom\u00eda, artesan\u00eda, emprendimiento y expresiones del folclor local.<\/p>\n\n\n\n<p class=\"wp-block-paragraph\">Para el desarrollo de esta gran celebraci\u00f3n, se adoptar\u00e1n todas las medidas de seguridad necesarias, con el objetivo de que vecinos, vecinas y visitantes puedan disfrutar de las actividades en un ambiente tranquilo y protegido.<\/p>\n\n\n\n<p class=\"wp-block-paragraph\">De esta manera, Quintero se prepara para recibir septiembre con una celebraci\u00f3n abierta a vecinos y visitantes, donde las tradiciones nacionales se encontrar\u00e1n con el talento art\u00edstico y emprendedor de la comuna.<\/p>\n","protected":false},"excerpt":{"rendered":"<p>El alcalde Rolando Silva Fuentes present\u00f3 la parrilla art\u00edstica del evento, que se desarrollar\u00e1 los d\u00edas 17, 18 y 19 de septiembre en el Estadio Municipal Ra\u00fal Vargas Verdejo, con destacados artistas nacionales y una programaci\u00f3n que reunir\u00e1 gastronom\u00eda, folclor, artesan\u00eda y emprendimientos locales. Quintero ya comienza a vivir el ambiente de Fiestas Patrias. Este [&hellip;]<\/p>\n","protected":false},"author":7,"featured_media":46963,"comment_status":"closed","ping_status":"closed","sticky":false,"template":"","format":"standard","meta":{"wds_primary_category":1,"footnotes":""},"categories":[1,2],"tags":[783,41,73],"class_list":["post-46958","post","type-post","status-publish","format-standard","has-post-thumbnail","hentry","category-municipalidad","category-noticias","tag-fiestas-costumbrista-2026","tag-fiestas-patrias","tag-quintero"],"_links":{"self":[{"href":"https:\/\/www.muniquintero.cl\/index.php\/wp-json\/wp\/v2\/posts\/46958","targetHints":{"allow":["GET"]}}],"collection":[{"href":"https:\/\/www.muniquintero.cl\/index.php\/wp-json\/wp\/v2\/posts"}],"about":[{"href":"https:\/\/www.muniquintero.cl\/index.php\/wp-json\/wp\/v2\/types\/post"}],"author":[{"embeddable":true,"href":"https:\/\/www.muniquintero.cl\/index.php\/wp-json\/wp\/v2\/users\/7"}],"replies":[{"embeddable":true,"href":"https:\/\/www.muniquintero.cl\/index.php\/wp-json\/wp\/v2\/comments?post=46958"}],"version-history":[{"count":1,"href":"https:\/\/www.muniquintero.cl\/index.php\/wp-json\/wp\/v2\/posts\/46958\/revisions"}],"predecessor-version":[{"id":46966,"href":"https:\/\/www.muniquintero.cl\/index.php\/wp-json\/wp\/v2\/posts\/46958\/revisions\/46966"}],"wp:featuredmedia":[{"embeddable":true,"href":"https:\/\/www.muniquintero.cl\/index.php\/wp-json\/wp\/v2\/media\/46963"}],"wp:attachment":[{"href":"https:\/\/www.muniquintero.cl\/index.php\/wp-json\/wp\/v2\/media?parent=46958"}],"wp:term":[{"taxonomy":"category","embeddable":true,"href":"https:\/\/www.muniquintero.cl\/index.php\/wp-json\/wp\/v2\/categories?post=46958"},{"taxonomy":"post_tag","embeddable":true,"href":"https:\/\/www.muniquintero.cl\/index.php\/wp-json\/wp\/v2\/tags?post=46958"}],"curies":[{"name":"wp","href":"https:\/\/api.w.org\/{rel}","templated":true}]}}