{"id":45723,"date":"2026-04-30T17:32:56","date_gmt":"2026-04-30T21:32:56","guid":{"rendered":"https:\/\/www.muniquintero.cl\/?p=45723"},"modified":"2026-04-30T17:32:56","modified_gmt":"2026-04-30T21:32:56","slug":"la-aclamada-pelicula-la-misteriosa-mirada-del-flamenco-dara-inicio-al-ciclo-de-cine-chileno-en-quintero","status":"publish","type":"post","link":"https:\/\/www.muniquintero.cl\/index.php\/2026\/04\/30\/la-aclamada-pelicula-la-misteriosa-mirada-del-flamenco-dara-inicio-al-ciclo-de-cine-chileno-en-quintero\/","title":{"rendered":"La aclamada pel\u00edcula \u201cLa misteriosa mirada del flamenco\u201d dar\u00e1 inicio al ciclo de cine chileno en Quintero"},"content":{"rendered":"\n<p>Escuchar Nota Aqu\u00ed<\/p>\n\n\n\n<figure class=\"wp-block-audio\"><audio controls src=\"https:\/\/www.muniquintero.cl\/wp-content\/uploads\/2026\/04\/ciclo-de-cine-chileno-en-Quintero.mp3\"><\/audio><\/figure>\n\n\n\n<p><em>La funci\u00f3n contar\u00e1 con la presencia del actor quinterano Pedro Mu\u00f1oz y Mat\u00edas Catal\u00e1n, ambos protagonistas de la cinta. La iniciativa cuenta con el financiamiento del Ministerio de las Culturas, las Artes y el Patrimonio a trav\u00e9s de su Programa de Apoyo a Organizaciones Culturales Colaboradoras.<\/em><\/p>\n\n\n\n<p>Por quinto a\u00f1o consecutivo, el <strong>Centro Cultural Quilpu\u00e9 Audiovisual<\/strong>, en colaboraci\u00f3n con la <strong>Municipalidad de Quintero y su Corporaci\u00f3n de Cultura y Turismo<\/strong>, invitan a la comunidad a disfrutar de una tarde cultural en torno al cine chileno en pantalla grande.<\/p>\n\n\n\n<p>Las exhibiciones se realizar\u00e1n los <strong>viernes<\/strong> <strong>8, 15, 22 y 29<\/strong> de <strong>mayo <\/strong>a las<strong> 18:00 horas<\/strong> en el <strong>Sal\u00f3n Francisco Coloane<\/strong>, ubicado en calle Estrella de Chile #210, Quintero. Todas las funciones son gratuitas y el ingreso ser\u00e1 por orden de llegada. Tras cada proyecci\u00f3n, se llevar\u00e1n a cabo conversatorios con invitados e invitadas \u2014entre ellos directores, actores y actrices\u2014, generando espacios de di\u00e1logo y reflexi\u00f3n en torno a la cinematograf\u00eda nacional y las tem\u00e1ticas abordadas en las obras.<\/p>\n\n\n\n<p>Esta iniciativa cuenta con el financiamiento del Ministerio de las Culturas, las Artes y el Patrimonio a trav\u00e9s de su Programa de Apoyo a Organizaciones Culturales Colaboradoras, adem\u00e1s de la colaboraci\u00f3n de EFE Trenes Valpara\u00edso y las municipalidades de Quilpu\u00e9, Villa Alemana, Quillota, Quintero, La Ligua, Cabildo, Llay Llay, San Felipe, Algarrobo y Casablanca.<\/p>\n\n\n\n<p>Sobre la relevancia de este ciclo para la comuna, <strong>Magdalena Torres, encargada de cultura de la Corporaci\u00f3n<\/strong>, se\u00f1ala que: <em>\u201cHa sido un trabajo de manera un\u00e1nime y muy fruct\u00edfero, lo que nos ha permitido nutrir tambi\u00e9n nuestra cartelera y nuestra programaci\u00f3n anual. Por lo tanto, consideramos relevante seguir fomentando y potenciando estas iniciativas, para poder tener acceso a un cine de calidad, sobre todo porque estas actividades van directamente a cubrir la necesidad de los adultos mayores. Es importante seguir potenciando este trabajo de manera permanente y continua por los a\u00f1os que vienen\u201d.<\/em><\/p>\n\n\n\n<p>Por su parte, Sebasti\u00e1n Cartajena, programador de Quilpu\u00e9 Audiovisual, destaca el sentido del proyecto<em>: \u201cComo Centro Cultural Quilpu\u00e9 Audiovisual, tenemos la convicci\u00f3n de que las personas de la Regi\u00f3n de Valpara\u00edso deben tener la posibilidad de descubrir, disfrutar y encantarse con el cine nacional. Es por ello que hemos puesto total atenci\u00f3n a la programaci\u00f3n en Quintero, con estrenos nacionales e invitados que nos permiten acercar cada vez m\u00e1s las obras a una comunidad que los \u00faltimos 4 a\u00f1os ha sido muy participativa de estas instancias, y que deseamos seguir promoviendo\u201d.<\/em><\/p>\n\n\n\n<p><strong>Programaci\u00f3n Cine Chileno en Quintero<\/strong><\/p>\n\n\n\n<p>El ciclo comenzar\u00e1 el <strong>viernes 8<\/strong> con la exhibici\u00f3n de<strong><em> La misteriosa mirada del flamenco<\/em><\/strong>, del director Diego C\u00e9spedes. Ambientada en la d\u00e9cada de los 80, narra la historia de Lidia, una ni\u00f1a de once a\u00f1os que vive en el desierto chileno junto a su amorosa familia queer, la cual tiene que convivir al borde de un desagradable y polvoriento pueblo minero.<\/p>\n\n\n\n<figure class=\"wp-block-image size-large\"><img fetchpriority=\"high\" decoding=\"async\" width=\"819\" height=\"1024\" src=\"https:\/\/www.muniquintero.cl\/wp-content\/uploads\/2026\/04\/WhatsApp-Image-2026-04-30-at-4.08.02-PM-819x1024.jpeg\" alt=\"\" class=\"wp-image-45726\" srcset=\"https:\/\/www.muniquintero.cl\/wp-content\/uploads\/2026\/04\/WhatsApp-Image-2026-04-30-at-4.08.02-PM-819x1024.jpeg 819w, https:\/\/www.muniquintero.cl\/wp-content\/uploads\/2026\/04\/WhatsApp-Image-2026-04-30-at-4.08.02-PM-240x300.jpeg 240w, https:\/\/www.muniquintero.cl\/wp-content\/uploads\/2026\/04\/WhatsApp-Image-2026-04-30-at-4.08.02-PM-768x960.jpeg 768w, https:\/\/www.muniquintero.cl\/wp-content\/uploads\/2026\/04\/WhatsApp-Image-2026-04-30-at-4.08.02-PM.jpeg 1080w\" sizes=\"(max-width: 819px) 100vw, 819px\" \/><\/figure>\n\n\n\n<p>La pel\u00edcula ha tenido gran \u00e9xito a nivel nacional e internacional, destacando su participaci\u00f3n en el Festival de Cine de Cannes y el Festival de Cine de San Sebasti\u00e1n. Para el conversatorio se contar\u00e1 con la presencia del <strong>actor Pedro Mu\u00f1oz<\/strong>, quien es oriundo de Quintero y tiene un papel fundamental en la trama, adem\u00e1s del actor Mat\u00edas Catal\u00e1n.<\/p>\n\n\n\n<p>El <strong>viernes 15<\/strong> ser\u00e1 el turno de la comedia dram\u00e1tica<a href=\"https:\/\/www.youtube.com\/watch?v=yWMi-u5DT30\"><strong><em>Lo que no se dijo<\/em><\/strong><\/a>, \u00f3pera primera del cineasta Ricardo Valenzuela y ganadora a <strong>Mejor Pel\u00edcula en el reciente 18\u00b0 Festival de Cine Chileno 2026<\/strong>. Protagonizada por Patricia Cuyul, H\u00e9ctor Morales y Mariana Loyola, la cinta se sit\u00faa en la ciudad de Puerto Montt de 1994, donde Margarita, madre soltera, carism\u00e1tica y ambiciosa, se destaca como vendedora de celulares, nueva tecnolog\u00eda en el sur de Chile. Junto a su compa\u00f1ero Cucho, recorre zonas rurales buscando clientes y exponi\u00e9ndose a situaciones peculiares.<\/p>\n\n\n\n<p>El <strong>viernes 22<\/strong> se presentar\u00e1 el documental <strong><em>Delfina: \u00a1C\u00e1llese, ap\u00farese y no se luzca! <\/em><\/strong>del director Ricardo Carrasco.A trav\u00e9s de su voz, archivos y memorias, el documental reconstruye el itinerario de una mujer que rompi\u00f3 moldes, desafiando la moral de su tiempo y pagando el precio de su libertad. Un retrato \u00edntimo sobre la vejez, el arte y la inquebrantable voluntad de ser uno mismo.<\/p>\n\n\n\n<p>El ciclo finalizar\u00e1 el <strong>viernes 29<\/strong> con <strong><em>Me rompiste el coraz\u00f3n,<\/em> <\/strong>del director Boris Quercia (<em>Los 80<\/em>) y protagonizada por Daniel Mu\u00f1oz y Carmen Gloria Bresky. La pel\u00edcula <strong>narra la historia de amor entre Roberto Parra y la Negra Ester<\/strong>. Ambientada en el Chile marginal de mediados del siglo XX, a trav\u00e9s de la m\u00fasica, poes\u00eda y tradici\u00f3n va recorriendo los bares, puertos y burdeles de San Antonio, Valpara\u00edso y Santiago, donde se forj\u00f3 la cueca chora.<\/p>\n\n\n\n<p>El <strong>Centro Cultural Quilpu\u00e9 Audiovisual<\/strong> forma parte del Programa de Apoyo a Organizaciones Culturales Colaboradoras del Ministerio de las Culturas, las Artes y el Patrimonio, Gobierno de Chile.<\/p>\n\n\n\n<p>Para m\u00e1s detalles sobre la programaci\u00f3n, revisar<a href=\"http:\/\/www.quilpueaudiovisual.cl\/\"> <\/a><a href=\"http:\/\/www.quilpueaudiovisual.cl\">www.quilpueaudiovisual.cl<\/a><\/p>\n\n\n\n<p><strong>Redes sociales: @ccquilpueaudiovisual<\/strong><em><\/em><\/p>\n","protected":false},"excerpt":{"rendered":"<p>Escuchar Nota Aqu\u00ed La funci\u00f3n contar\u00e1 con la presencia del actor quinterano Pedro Mu\u00f1oz y Mat\u00edas Catal\u00e1n, ambos protagonistas de la cinta. La iniciativa cuenta con el financiamiento del Ministerio de las Culturas, las Artes y el Patrimonio a trav\u00e9s de su Programa de Apoyo a Organizaciones Culturales Colaboradoras. Por quinto a\u00f1o consecutivo, el Centro [&hellip;]<\/p>\n","protected":false},"author":27,"featured_media":45724,"comment_status":"closed","ping_status":"closed","sticky":false,"template":"","format":"standard","meta":{"wds_primary_category":2,"footnotes":""},"categories":[2],"tags":[],"class_list":["post-45723","post","type-post","status-publish","format-standard","has-post-thumbnail","hentry","category-noticias"],"_links":{"self":[{"href":"https:\/\/www.muniquintero.cl\/index.php\/wp-json\/wp\/v2\/posts\/45723","targetHints":{"allow":["GET"]}}],"collection":[{"href":"https:\/\/www.muniquintero.cl\/index.php\/wp-json\/wp\/v2\/posts"}],"about":[{"href":"https:\/\/www.muniquintero.cl\/index.php\/wp-json\/wp\/v2\/types\/post"}],"author":[{"embeddable":true,"href":"https:\/\/www.muniquintero.cl\/index.php\/wp-json\/wp\/v2\/users\/27"}],"replies":[{"embeddable":true,"href":"https:\/\/www.muniquintero.cl\/index.php\/wp-json\/wp\/v2\/comments?post=45723"}],"version-history":[{"count":1,"href":"https:\/\/www.muniquintero.cl\/index.php\/wp-json\/wp\/v2\/posts\/45723\/revisions"}],"predecessor-version":[{"id":45727,"href":"https:\/\/www.muniquintero.cl\/index.php\/wp-json\/wp\/v2\/posts\/45723\/revisions\/45727"}],"wp:featuredmedia":[{"embeddable":true,"href":"https:\/\/www.muniquintero.cl\/index.php\/wp-json\/wp\/v2\/media\/45724"}],"wp:attachment":[{"href":"https:\/\/www.muniquintero.cl\/index.php\/wp-json\/wp\/v2\/media?parent=45723"}],"wp:term":[{"taxonomy":"category","embeddable":true,"href":"https:\/\/www.muniquintero.cl\/index.php\/wp-json\/wp\/v2\/categories?post=45723"},{"taxonomy":"post_tag","embeddable":true,"href":"https:\/\/www.muniquintero.cl\/index.php\/wp-json\/wp\/v2\/tags?post=45723"}],"curies":[{"name":"wp","href":"https:\/\/api.w.org\/{rel}","templated":true}]}}