{"id":45717,"date":"2026-04-30T10:35:00","date_gmt":"2026-04-30T14:35:00","guid":{"rendered":"https:\/\/www.muniquintero.cl\/?p=45717"},"modified":"2026-04-30T10:35:00","modified_gmt":"2026-04-30T14:35:00","slug":"alcalde-rolando-silva-participa-en-jornada-de-inversion-regional-2026","status":"publish","type":"post","link":"https:\/\/www.muniquintero.cl\/index.php\/2026\/04\/30\/alcalde-rolando-silva-participa-en-jornada-de-inversion-regional-2026\/","title":{"rendered":"Alcalde Rolando Silva participa en Jornada de Inversi\u00f3n Regional 2026"},"content":{"rendered":"\n<p>Escuchar Nota Aqu\u00ed<\/p>\n\n\n\n<figure class=\"wp-block-audio\"><audio controls src=\"https:\/\/www.muniquintero.cl\/wp-content\/uploads\/2026\/04\/Jornada-de-Inversion-Regional-2026.mp3\"><\/audio><\/figure>\n\n\n\n<p>El alcalde Rolando Silva Fuentes particip\u00f3 este lunes 28 de abril en la Jornada de Trabajo sobre Inversi\u00f3n Regional 2026 convocada por el Gobernador Regional Rodrigo Mundaca en Valpara\u00edso, instancia que reuni\u00f3 a m\u00e1s de 28 alcaldes y alcaldesas de la regi\u00f3n, junto a consejeros regionales y equipos de planificaci\u00f3n territorial.<\/p>\n\n\n\n<figure class=\"wp-block-image size-large\"><img fetchpriority=\"high\" decoding=\"async\" width=\"1024\" height=\"684\" src=\"https:\/\/www.muniquintero.cl\/wp-content\/uploads\/2026\/04\/WhatsApp-Image-2026-04-30-at-9.09.00-AM-1024x684.jpeg\" alt=\"\" class=\"wp-image-45719\" srcset=\"https:\/\/www.muniquintero.cl\/wp-content\/uploads\/2026\/04\/WhatsApp-Image-2026-04-30-at-9.09.00-AM-1024x684.jpeg 1024w, https:\/\/www.muniquintero.cl\/wp-content\/uploads\/2026\/04\/WhatsApp-Image-2026-04-30-at-9.09.00-AM-300x200.jpeg 300w, https:\/\/www.muniquintero.cl\/wp-content\/uploads\/2026\/04\/WhatsApp-Image-2026-04-30-at-9.09.00-AM-768x513.jpeg 768w, https:\/\/www.muniquintero.cl\/wp-content\/uploads\/2026\/04\/WhatsApp-Image-2026-04-30-at-9.09.00-AM.jpeg 1280w\" sizes=\"(max-width: 1024px) 100vw, 1024px\" \/><\/figure>\n\n\n\n<p>La jornada abord\u00f3 los principales instrumentos de financiamiento para proyectos comunales disponibles para este a\u00f1o, entre ellos, el Fondo Nacional de Desarrollo Regional (FNDR) 2026, la Circular 33 y el Fondo Regional de Iniciativa Local (FRIL), herramientas clave para el desarrollo de iniciativas en las distintas comunas de la regi\u00f3n.<\/p>\n\n\n\n<p>El <strong>Gobernador Regional de Valpara\u00edso, Rodrigo Mundaca<\/strong>, se\u00f1al\u00f3: \u201cLlegaron 28 alcaldes y alcaldesas, m\u00e1s del 75%, adem\u00e1s de los que fueron representados por sus equipos, donde tuvimos la posibilidad de dialogar con ellos, fijando las prioridades del Gobierno Regional en materia de seguridad, salud y vivienda; donde dimos a conocer la situaci\u00f3n financiera que est\u00e1 enfrentando el Gobierno Regional, a prop\u00f3sito de los ajustes fiscales. Fue una conversaci\u00f3n importante\u201d.<\/p>\n\n\n\n<figure class=\"wp-block-image size-large\"><img decoding=\"async\" width=\"1024\" height=\"682\" src=\"https:\/\/www.muniquintero.cl\/wp-content\/uploads\/2026\/04\/WhatsApp-Image-2026-04-30-at-9.09.01-AM-1024x682.jpeg\" alt=\"\" class=\"wp-image-45720\" srcset=\"https:\/\/www.muniquintero.cl\/wp-content\/uploads\/2026\/04\/WhatsApp-Image-2026-04-30-at-9.09.01-AM-1024x682.jpeg 1024w, https:\/\/www.muniquintero.cl\/wp-content\/uploads\/2026\/04\/WhatsApp-Image-2026-04-30-at-9.09.01-AM-300x200.jpeg 300w, https:\/\/www.muniquintero.cl\/wp-content\/uploads\/2026\/04\/WhatsApp-Image-2026-04-30-at-9.09.01-AM-768x512.jpeg 768w, https:\/\/www.muniquintero.cl\/wp-content\/uploads\/2026\/04\/WhatsApp-Image-2026-04-30-at-9.09.01-AM.jpeg 1280w\" sizes=\"(max-width: 1024px) 100vw, 1024px\" \/><\/figure>\n\n\n\n<p>Por su parte, el <strong>alcalde Rolando Silva Fuentes<\/strong>, destac\u00f3 la relevancia de la instancia: \u201cEstas jornadas nos permiten alinear las prioridades comunales con la estrategia regional y avanzar en la gesti\u00f3n de recursos que son fundamentales para mejorar la calidad de vida de nuestros vecinos y vecinas. En este contexto, tambi\u00e9n sostuvimos conversaciones con consejeros regionales de la provincia para informarles sobre proyectos que ya tenemos aprobados en el Sistema Nacional de Inversiones y en el Gobierno Regional, como la pavimentaci\u00f3n de la avenida San Mart\u00edn y el pasaje Avenda\u00f1o, adem\u00e1s de la iniciativa de adquisici\u00f3n de buses para garantizar un transporte seguro a estudiantes de educaci\u00f3n superior que deben trasladarse al Gran Valpara\u00edso\u201d.<\/p>\n\n\n\n<p>La instancia tambi\u00e9n dio a conocer los lineamientos de la Estrategia Regional de Desarrollo 2025-2035, instrumento que orientar\u00e1 la inversi\u00f3n p\u00fablica en el territorio durante la pr\u00f3xima d\u00e9cada con criterios de descentralizaci\u00f3n y pertinencia territorial.<\/p>\n\n\n\n<p>La participaci\u00f3n del alcalde Silva Fuentes se enmarca en el trabajo permanente de la Municipalidad de Quintero por gestionar recursos y oportunidades de inversi\u00f3n que beneficien directamente a los vecinos y vecinas de la comuna.<\/p>\n","protected":false},"excerpt":{"rendered":"<p>Escuchar Nota Aqu\u00ed El alcalde Rolando Silva Fuentes particip\u00f3 este lunes 28 de abril en la Jornada de Trabajo sobre Inversi\u00f3n Regional 2026 convocada por el Gobernador Regional Rodrigo Mundaca en Valpara\u00edso, instancia que reuni\u00f3 a m\u00e1s de 28 alcaldes y alcaldesas de la regi\u00f3n, junto a consejeros regionales y equipos de planificaci\u00f3n territorial. La [&hellip;]<\/p>\n","protected":false},"author":27,"featured_media":45718,"comment_status":"closed","ping_status":"closed","sticky":false,"template":"","format":"standard","meta":{"wds_primary_category":2,"footnotes":""},"categories":[2],"tags":[],"class_list":["post-45717","post","type-post","status-publish","format-standard","has-post-thumbnail","hentry","category-noticias"],"_links":{"self":[{"href":"https:\/\/www.muniquintero.cl\/index.php\/wp-json\/wp\/v2\/posts\/45717","targetHints":{"allow":["GET"]}}],"collection":[{"href":"https:\/\/www.muniquintero.cl\/index.php\/wp-json\/wp\/v2\/posts"}],"about":[{"href":"https:\/\/www.muniquintero.cl\/index.php\/wp-json\/wp\/v2\/types\/post"}],"author":[{"embeddable":true,"href":"https:\/\/www.muniquintero.cl\/index.php\/wp-json\/wp\/v2\/users\/27"}],"replies":[{"embeddable":true,"href":"https:\/\/www.muniquintero.cl\/index.php\/wp-json\/wp\/v2\/comments?post=45717"}],"version-history":[{"count":1,"href":"https:\/\/www.muniquintero.cl\/index.php\/wp-json\/wp\/v2\/posts\/45717\/revisions"}],"predecessor-version":[{"id":45722,"href":"https:\/\/www.muniquintero.cl\/index.php\/wp-json\/wp\/v2\/posts\/45717\/revisions\/45722"}],"wp:featuredmedia":[{"embeddable":true,"href":"https:\/\/www.muniquintero.cl\/index.php\/wp-json\/wp\/v2\/media\/45718"}],"wp:attachment":[{"href":"https:\/\/www.muniquintero.cl\/index.php\/wp-json\/wp\/v2\/media?parent=45717"}],"wp:term":[{"taxonomy":"category","embeddable":true,"href":"https:\/\/www.muniquintero.cl\/index.php\/wp-json\/wp\/v2\/categories?post=45717"},{"taxonomy":"post_tag","embeddable":true,"href":"https:\/\/www.muniquintero.cl\/index.php\/wp-json\/wp\/v2\/tags?post=45717"}],"curies":[{"name":"wp","href":"https:\/\/api.w.org\/{rel}","templated":true}]}}