{"id":45707,"date":"2026-04-29T19:08:28","date_gmt":"2026-04-29T23:08:28","guid":{"rendered":"https:\/\/www.muniquintero.cl\/?p=45707"},"modified":"2026-04-29T19:13:18","modified_gmt":"2026-04-29T23:13:18","slug":"alcalde-rolando-silva-rinde-cuenta-publica-2025-con-enfasis-en-avances-sociales-y-proyeccion-futura-de-la-comuna","status":"publish","type":"post","link":"https:\/\/www.muniquintero.cl\/index.php\/2026\/04\/29\/alcalde-rolando-silva-rinde-cuenta-publica-2025-con-enfasis-en-avances-sociales-y-proyeccion-futura-de-la-comuna\/","title":{"rendered":"Alcalde Rolando Silva rinde Cuenta P\u00fablica 2025 con \u00e9nfasis en avances sociales y proyecci\u00f3n futura de la comuna"},"content":{"rendered":"\n<p>En el Hotel Yachting y ante un centenar de asistentes, el alcalde de Quintero, Rolando Silva Fuentes, dio cumplimiento al art\u00edculo 67 de la Ley Org\u00e1nica Constitucional de Municipalidades, presentando la Cuenta P\u00fablica de la gesti\u00f3n municipal correspondiente al a\u00f1o 2025.<\/p>\n\n\n\n<p>La sesi\u00f3n extraordinaria del Concejo Municipal realizada el mi\u00e9rcoles 29 de abril cont\u00f3 con la presencia de parlamentarios, autoridades comunales, representantes del Consejo de la Sociedad Civil, del \u00e1mbito de la seguridad, polic\u00edas, empresas del cord\u00f3n industrial y dirigentes sociales, quienes conocieron en detalle los avances desarrollados en los distintos barrios de la comuna, destacando iniciativas con alto impacto social.<\/p>\n\n\n\n<p>Se trata de la segunda cuenta p\u00fablica encabezada por el jefe comunal, quien imprimi\u00f3 un sello centrado en lo humano, destacando avances concretos que han contribuido a mejorar la calidad de vida de la comunidad.<\/p>\n\n\n\n<figure class=\"wp-block-image size-large\"><img fetchpriority=\"high\" decoding=\"async\" width=\"1024\" height=\"683\" src=\"https:\/\/www.muniquintero.cl\/wp-content\/uploads\/2026\/04\/IMG_1200-1024x683.jpg\" alt=\"\" class=\"wp-image-45709\" srcset=\"https:\/\/www.muniquintero.cl\/wp-content\/uploads\/2026\/04\/IMG_1200-1024x683.jpg 1024w, https:\/\/www.muniquintero.cl\/wp-content\/uploads\/2026\/04\/IMG_1200-300x200.jpg 300w, https:\/\/www.muniquintero.cl\/wp-content\/uploads\/2026\/04\/IMG_1200-768x512.jpg 768w, https:\/\/www.muniquintero.cl\/wp-content\/uploads\/2026\/04\/IMG_1200-1536x1024.jpg 1536w, https:\/\/www.muniquintero.cl\/wp-content\/uploads\/2026\/04\/IMG_1200-2048x1365.jpg 2048w\" sizes=\"(max-width: 1024px) 100vw, 1024px\" \/><\/figure>\n\n\n\n<figure class=\"wp-block-audio\"><audio controls src=\"https:\/\/www.muniquintero.cl\/wp-content\/uploads\/2026\/04\/ROLANDO-SILVA-CUENTAPUBLICA-2025.mp3\"><\/audio><figcaption class=\"wp-element-caption\">Rolando Silva<\/figcaption><\/figure>\n\n\n\n<p><strong>Alcalde destaca trabajo conjunto y visi\u00f3n de futuro<\/strong><\/p>\n\n\n\n<p>Durante su intervenci\u00f3n, el alcalde relev\u00f3 el trabajo articulado entre funcionarios municipales, dirigentes sociales y autoridades, proyectando adem\u00e1s el desarrollo de la comuna a largo plazo:<\/p>\n\n\n\n<p>\u201cHoy d\u00eda dimos la cuenta p\u00fablica a\u00f1o 2025, de toda la gesti\u00f3n, de todo el trabajo, todo el esfuerzo de todos los funcionarios municipales, dirigentes y tambi\u00e9n de los concejales y la administraci\u00f3n. Hoy en d\u00eda nosotros queremos proyectar a nuestra comuna a 10, a 15, 20, 30 a\u00f1os m\u00e1s. Eso es lo que estamos viendo con proyectos que vienen ahora a futuro\u201d.<\/p>\n\n\n\n<figure class=\"wp-block-image size-large\"><img decoding=\"async\" width=\"1024\" height=\"683\" src=\"https:\/\/www.muniquintero.cl\/wp-content\/uploads\/2026\/04\/IMG_1031-1024x683.jpg\" alt=\"\" class=\"wp-image-45711\" srcset=\"https:\/\/www.muniquintero.cl\/wp-content\/uploads\/2026\/04\/IMG_1031-1024x683.jpg 1024w, https:\/\/www.muniquintero.cl\/wp-content\/uploads\/2026\/04\/IMG_1031-300x200.jpg 300w, https:\/\/www.muniquintero.cl\/wp-content\/uploads\/2026\/04\/IMG_1031-768x512.jpg 768w, https:\/\/www.muniquintero.cl\/wp-content\/uploads\/2026\/04\/IMG_1031-1536x1024.jpg 1536w, https:\/\/www.muniquintero.cl\/wp-content\/uploads\/2026\/04\/IMG_1031-2048x1365.jpg 2048w\" sizes=\"(max-width: 1024px) 100vw, 1024px\" \/><\/figure>\n\n\n\n<p>Asimismo, destac\u00f3 que el primer a\u00f1o de su administraci\u00f3n estuvo enfocado en ordenar la gesti\u00f3n municipal y sentar las bases para nuevos proyectos:<\/p>\n\n\n\n<p>\u201cEste primer a\u00f1o de nuestra gesti\u00f3n fue un a\u00f1o de ordenamiento, de c\u00f3mo queremos trabajar. Licitamos el gimnasio municipal y vienen varios proyectos, como el gimnasio que queremos en Loncura, iniciativas en el borde costero que estamos impulsando\u201d.<\/p>\n\n\n\n<p>En esa l\u00ednea, tambi\u00e9n se refiri\u00f3 al contexto econ\u00f3mico y al rol de distintos actores en el desarrollo comunal:<\/p>\n\n\n\n<p>\u201cHoy d\u00eda tambi\u00e9n lo vemos reflejado en el presupuesto a nivel regional que est\u00e1 con d\u00e9ficit, por un tema pa\u00eds, pero nosotros tenemos la capacidad con fondos municipales y tambi\u00e9n insto a las empresas a que se comprometan con el futuro de nuestra comuna\u201d.<\/p>\n\n\n\n<p><strong>Principales avances de la gesti\u00f3n 2025<\/strong><\/p>\n\n\n\n<figure class=\"wp-block-image size-large\"><img decoding=\"async\" width=\"1024\" height=\"683\" src=\"https:\/\/www.muniquintero.cl\/wp-content\/uploads\/2026\/04\/IMG_1064-1024x683.jpg\" alt=\"\" class=\"wp-image-45712\" srcset=\"https:\/\/www.muniquintero.cl\/wp-content\/uploads\/2026\/04\/IMG_1064-1024x683.jpg 1024w, https:\/\/www.muniquintero.cl\/wp-content\/uploads\/2026\/04\/IMG_1064-300x200.jpg 300w, https:\/\/www.muniquintero.cl\/wp-content\/uploads\/2026\/04\/IMG_1064-768x512.jpg 768w, https:\/\/www.muniquintero.cl\/wp-content\/uploads\/2026\/04\/IMG_1064-1536x1024.jpg 1536w, https:\/\/www.muniquintero.cl\/wp-content\/uploads\/2026\/04\/IMG_1064-2048x1365.jpg 2048w\" sizes=\"(max-width: 1024px) 100vw, 1024px\" \/><\/figure>\n\n\n\n<p>Entre los hitos destacados se encuentra el inicio del nuevo Plan Regulador Comunal \u2014tras m\u00e1s de 40 a\u00f1os\u2014, junto con la incorporaci\u00f3n de recursos del Royalty Minero, que permitir\u00e1n financiar proyectos en infraestructura, servicios b\u00e1sicos y espacios p\u00fablicos.<\/p>\n\n\n\n<p>En salud, el CESFAM Quintero consolid\u00f3 su funcionamiento con m\u00e1s de 76 mil prestaciones, mientras que en el \u00e1mbito social se fortalecieron programas de apoyo a familias, personas mayores y organizaciones comunitarias.<\/p>\n\n\n\n<figure class=\"wp-block-image size-large\"><img loading=\"lazy\" decoding=\"async\" width=\"1024\" height=\"683\" src=\"https:\/\/www.muniquintero.cl\/wp-content\/uploads\/2026\/04\/IMG_1406-1024x683.jpg\" alt=\"\" class=\"wp-image-45713\" srcset=\"https:\/\/www.muniquintero.cl\/wp-content\/uploads\/2026\/04\/IMG_1406-1024x683.jpg 1024w, https:\/\/www.muniquintero.cl\/wp-content\/uploads\/2026\/04\/IMG_1406-300x200.jpg 300w, https:\/\/www.muniquintero.cl\/wp-content\/uploads\/2026\/04\/IMG_1406-768x512.jpg 768w, https:\/\/www.muniquintero.cl\/wp-content\/uploads\/2026\/04\/IMG_1406-1536x1024.jpg 1536w, https:\/\/www.muniquintero.cl\/wp-content\/uploads\/2026\/04\/IMG_1406-2048x1365.jpg 2048w\" sizes=\"(max-width: 1024px) 100vw, 1024px\" \/><\/figure>\n\n\n\n<p>En seguridad p\u00fablica, se incrementaron los patrullajes, se implementaron nuevas tecnolog\u00edas y se reforz\u00f3 el trabajo coordinado con Carabineros, mejorando la cobertura preventiva en distintos sectores.<\/p>\n\n\n\n<p>Por su parte, el desarrollo econ\u00f3mico, el turismo y la cultura tambi\u00e9n avanzaron con fuerza, impulsando el emprendimiento local, la identidad comunal y nuevas oportunidades de crecimiento.<\/p>\n\n\n\n<p>La Cuenta P\u00fablica 2025 destac\u00f3 el compromiso de la actual administraci\u00f3n con una comuna m\u00e1s ordenada, inclusiva y con visi\u00f3n de futuro, recalcando que los avances alcanzados son fruto del trabajo conjunto entre el municipio, el Concejo Municipal y la comunidad.<\/p>\n\n\n\n<p>Revisa la galer\u00eda de fotograf\u00edas en el siguiente enlace: <\/p>\n\n\n\n<p><a href=\"https:\/\/www.facebook.com\/share\/p\/1AbYb9Wqu4\/ \">https:\/\/www.facebook.com\/share\/p\/1AbYb9Wqu4\/ <\/a><\/p>\n\n\n\n<p><\/p>\n","protected":false},"excerpt":{"rendered":"<p>En el Hotel Yachting y ante un centenar de asistentes, el alcalde de Quintero, Rolando Silva Fuentes, dio cumplimiento al art\u00edculo 67 de la Ley Org\u00e1nica Constitucional de Municipalidades, presentando la Cuenta P\u00fablica de la gesti\u00f3n municipal correspondiente al a\u00f1o 2025. La sesi\u00f3n extraordinaria del Concejo Municipal realizada el mi\u00e9rcoles 29 de abril cont\u00f3 con [&hellip;]<\/p>\n","protected":false},"author":7,"featured_media":45708,"comment_status":"closed","ping_status":"closed","sticky":false,"template":"","format":"standard","meta":{"wds_primary_category":1,"footnotes":""},"categories":[1,2],"tags":[531,748],"class_list":["post-45707","post","type-post","status-publish","format-standard","has-post-thumbnail","hentry","category-municipalidad","category-noticias","tag-alcalde-rolando-silva-fuentes","tag-cuenta-publica-2025"],"_links":{"self":[{"href":"https:\/\/www.muniquintero.cl\/index.php\/wp-json\/wp\/v2\/posts\/45707","targetHints":{"allow":["GET"]}}],"collection":[{"href":"https:\/\/www.muniquintero.cl\/index.php\/wp-json\/wp\/v2\/posts"}],"about":[{"href":"https:\/\/www.muniquintero.cl\/index.php\/wp-json\/wp\/v2\/types\/post"}],"author":[{"embeddable":true,"href":"https:\/\/www.muniquintero.cl\/index.php\/wp-json\/wp\/v2\/users\/7"}],"replies":[{"embeddable":true,"href":"https:\/\/www.muniquintero.cl\/index.php\/wp-json\/wp\/v2\/comments?post=45707"}],"version-history":[{"count":3,"href":"https:\/\/www.muniquintero.cl\/index.php\/wp-json\/wp\/v2\/posts\/45707\/revisions"}],"predecessor-version":[{"id":45716,"href":"https:\/\/www.muniquintero.cl\/index.php\/wp-json\/wp\/v2\/posts\/45707\/revisions\/45716"}],"wp:featuredmedia":[{"embeddable":true,"href":"https:\/\/www.muniquintero.cl\/index.php\/wp-json\/wp\/v2\/media\/45708"}],"wp:attachment":[{"href":"https:\/\/www.muniquintero.cl\/index.php\/wp-json\/wp\/v2\/media?parent=45707"}],"wp:term":[{"taxonomy":"category","embeddable":true,"href":"https:\/\/www.muniquintero.cl\/index.php\/wp-json\/wp\/v2\/categories?post=45707"},{"taxonomy":"post_tag","embeddable":true,"href":"https:\/\/www.muniquintero.cl\/index.php\/wp-json\/wp\/v2\/tags?post=45707"}],"curies":[{"name":"wp","href":"https:\/\/api.w.org\/{rel}","templated":true}]}}