{"id":45695,"date":"2026-04-28T16:13:39","date_gmt":"2026-04-28T20:13:39","guid":{"rendered":"https:\/\/www.muniquintero.cl\/?p=45695"},"modified":"2026-04-28T16:13:39","modified_gmt":"2026-04-28T20:13:39","slug":"quintero-celebro-la-cultura-con-exitosa-feria-del-libro-2026-en-la-casa-estacion","status":"publish","type":"post","link":"https:\/\/www.muniquintero.cl\/index.php\/2026\/04\/28\/quintero-celebro-la-cultura-con-exitosa-feria-del-libro-2026-en-la-casa-estacion\/","title":{"rendered":"Quintero celebr\u00f3 la cultura con exitosa Feria del Libro 2026 en la Casa Estaci\u00f3n"},"content":{"rendered":"\n<p>Con una destacada participaci\u00f3n de la comunidad y una amplia oferta cultural, el domingo 26 de abril se realiz\u00f3 la Feria del Libro Quintero 2026 en el frontis de la Casa Estaci\u00f3n, consolid\u00e1ndose como uno de los eventos literarios m\u00e1s importantes de la comuna.<\/p>\n\n\n\n<p>La jornada ofreci\u00f3 una variada programaci\u00f3n pensada para toda la familia, que incluy\u00f3 presentaciones de libros y lanzamientos de destacados autores. Entre ellos, Jeannette Rodr\u00edguez con su obra \u201cAmor de madre\u201d; Juan Robles con el poemario \u201cCat\u00e1strofe\u201d; Alicia Vilches Moreno con \u201cSer Espiritual en el Mundo Laboral\u201d; y Felipe Oviedo con su poemario \u201cHaik\u00fas\u201d.<\/p>\n\n\n\n<figure class=\"wp-block-image size-large\"><img fetchpriority=\"high\" decoding=\"async\" width=\"1024\" height=\"683\" src=\"https:\/\/www.muniquintero.cl\/wp-content\/uploads\/2026\/04\/IMG_0154-1024x683.jpg\" alt=\"\" class=\"wp-image-45700\" srcset=\"https:\/\/www.muniquintero.cl\/wp-content\/uploads\/2026\/04\/IMG_0154-1024x683.jpg 1024w, https:\/\/www.muniquintero.cl\/wp-content\/uploads\/2026\/04\/IMG_0154-300x200.jpg 300w, https:\/\/www.muniquintero.cl\/wp-content\/uploads\/2026\/04\/IMG_0154-768x512.jpg 768w, https:\/\/www.muniquintero.cl\/wp-content\/uploads\/2026\/04\/IMG_0154-1536x1024.jpg 1536w, https:\/\/www.muniquintero.cl\/wp-content\/uploads\/2026\/04\/IMG_0154-2048x1365.jpg 2048w\" sizes=\"(max-width: 1024px) 100vw, 1024px\" \/><\/figure>\n\n\n\n<p>Asimismo, el p\u00fablico pudo disfrutar de conversatorios, talleres art\u00edsticos, presentaciones musicales a cargo de la orquesta de la corporaci\u00f3n municipal de cultura, una entretenida funci\u00f3n de t\u00edteres y un taller de journaling, generando espacios de encuentro, aprendizaje y participaci\u00f3n ciudadana.<\/p>\n\n\n\n<p>La actividad, con entrada liberada, se transform\u00f3 en una verdadera fiesta cultural, donde vecinos y vecinas compartieron en torno a la literatura, el arte y la creatividad, fortaleciendo el acceso a la cultura en la comuna.<\/p>\n\n\n\n<figure class=\"wp-block-image size-large\"><img decoding=\"async\" width=\"1024\" height=\"683\" src=\"https:\/\/www.muniquintero.cl\/wp-content\/uploads\/2026\/04\/IMG_0080-1024x683.jpg\" alt=\"\" class=\"wp-image-45697\" srcset=\"https:\/\/www.muniquintero.cl\/wp-content\/uploads\/2026\/04\/IMG_0080-1024x683.jpg 1024w, https:\/\/www.muniquintero.cl\/wp-content\/uploads\/2026\/04\/IMG_0080-300x200.jpg 300w, https:\/\/www.muniquintero.cl\/wp-content\/uploads\/2026\/04\/IMG_0080-768x512.jpg 768w, https:\/\/www.muniquintero.cl\/wp-content\/uploads\/2026\/04\/IMG_0080-1536x1024.jpg 1536w, https:\/\/www.muniquintero.cl\/wp-content\/uploads\/2026\/04\/IMG_0080-2048x1365.jpg 2048w\" sizes=\"(max-width: 1024px) 100vw, 1024px\" \/><\/figure>\n\n\n\n<figure class=\"wp-block-audio\"><audio controls src=\"https:\/\/www.muniquintero.cl\/wp-content\/uploads\/2026\/04\/Carlos-Mun\u0303oz.mp3\"><\/audio><figcaption class=\"wp-element-caption\">Carlos Mu\u00f1oz<\/figcaption><\/figure>\n\n\n\n<p>El gerente de la Corporaci\u00f3n Municipal de Cultura y Turismo de Quintero, Carlos Mu\u00f1oz Kusma, valor\u00f3 el desarrollo de la iniciativa se\u00f1alando que \u201cesta feria celebra su novena edici\u00f3n con la participaci\u00f3n de autores locales, regionales y nacionales, lo que demuestra el crecimiento y consolidaci\u00f3n de este espacio cultural\u201d. Asimismo, agradeci\u00f3 el compromiso del equipo organizador y el respaldo del directorio, encabezado por el alcalde Rolando Silva Fuentes.<\/p>\n\n\n\n<figure class=\"wp-block-image size-large\"><img decoding=\"async\" width=\"1024\" height=\"683\" src=\"https:\/\/www.muniquintero.cl\/wp-content\/uploads\/2026\/04\/IMG_0166-1024x683.jpg\" alt=\"\" class=\"wp-image-45701\" srcset=\"https:\/\/www.muniquintero.cl\/wp-content\/uploads\/2026\/04\/IMG_0166-1024x683.jpg 1024w, https:\/\/www.muniquintero.cl\/wp-content\/uploads\/2026\/04\/IMG_0166-300x200.jpg 300w, https:\/\/www.muniquintero.cl\/wp-content\/uploads\/2026\/04\/IMG_0166-768x512.jpg 768w, https:\/\/www.muniquintero.cl\/wp-content\/uploads\/2026\/04\/IMG_0166-1536x1024.jpg 1536w, https:\/\/www.muniquintero.cl\/wp-content\/uploads\/2026\/04\/IMG_0166-2048x1365.jpg 2048w\" sizes=\"(max-width: 1024px) 100vw, 1024px\" \/><\/figure>\n\n\n\n<p>Por su parte, el concejal Antonio Aguayo Su\u00e1rez destac\u00f3 la diversidad de la actividad: \u201cNos encontramos con distintos exponentes, una gran variedad de g\u00e9neros, autores y espacios como el trueque de libros, lo que invita a toda la comunidad, especialmente a ni\u00f1os y j\u00f3venes, a acercarse a la lectura\u201d.<\/p>\n\n\n\n<figure class=\"wp-block-audio\"><audio controls src=\"https:\/\/www.muniquintero.cl\/wp-content\/uploads\/2026\/04\/Antonio-Aguayo.mp3\"><\/audio><figcaption class=\"wp-element-caption\">Antonio Aguayo<\/figcaption><\/figure>\n\n\n\n<p>Desde el municipio y la Corporaci\u00f3n Municipal de Cultura y Turismo se destac\u00f3 el \u00e9xito de esta nueva edici\u00f3n de la Feria del Libro, reiterando el compromiso de seguir impulsando espacios culturales abiertos, inclusivos y de calidad, que fomenten la lectura, la creatividad y el encuentro comunitario en Quintero.<\/p>\n\n\n\n<figure class=\"wp-block-gallery has-nested-images columns-default is-cropped wp-block-gallery-1 is-layout-flex wp-block-gallery-is-layout-flex\">\n<figure class=\"wp-block-image size-large\"><img loading=\"lazy\" decoding=\"async\" width=\"1024\" height=\"683\" data-id=\"45703\" src=\"https:\/\/www.muniquintero.cl\/wp-content\/uploads\/2026\/04\/IMG_0110-1024x683.jpg\" alt=\"\" class=\"wp-image-45703\" srcset=\"https:\/\/www.muniquintero.cl\/wp-content\/uploads\/2026\/04\/IMG_0110-1024x683.jpg 1024w, https:\/\/www.muniquintero.cl\/wp-content\/uploads\/2026\/04\/IMG_0110-300x200.jpg 300w, https:\/\/www.muniquintero.cl\/wp-content\/uploads\/2026\/04\/IMG_0110-768x512.jpg 768w, https:\/\/www.muniquintero.cl\/wp-content\/uploads\/2026\/04\/IMG_0110-1536x1024.jpg 1536w, https:\/\/www.muniquintero.cl\/wp-content\/uploads\/2026\/04\/IMG_0110-2048x1365.jpg 2048w\" sizes=\"(max-width: 1024px) 100vw, 1024px\" \/><\/figure>\n\n\n\n<figure class=\"wp-block-image size-large\"><img loading=\"lazy\" decoding=\"async\" width=\"1024\" height=\"683\" data-id=\"45702\" src=\"https:\/\/www.muniquintero.cl\/wp-content\/uploads\/2026\/04\/IMG_0171-1024x683.jpg\" alt=\"\" class=\"wp-image-45702\" srcset=\"https:\/\/www.muniquintero.cl\/wp-content\/uploads\/2026\/04\/IMG_0171-1024x683.jpg 1024w, https:\/\/www.muniquintero.cl\/wp-content\/uploads\/2026\/04\/IMG_0171-300x200.jpg 300w, https:\/\/www.muniquintero.cl\/wp-content\/uploads\/2026\/04\/IMG_0171-768x512.jpg 768w, https:\/\/www.muniquintero.cl\/wp-content\/uploads\/2026\/04\/IMG_0171-1536x1024.jpg 1536w, https:\/\/www.muniquintero.cl\/wp-content\/uploads\/2026\/04\/IMG_0171-2048x1365.jpg 2048w\" sizes=\"(max-width: 1024px) 100vw, 1024px\" \/><\/figure>\n\n\n\n<figure class=\"wp-block-image size-large\"><img loading=\"lazy\" decoding=\"async\" width=\"1024\" height=\"683\" data-id=\"45705\" src=\"https:\/\/www.muniquintero.cl\/wp-content\/uploads\/2026\/04\/IMG_0181-1024x683.jpg\" alt=\"\" class=\"wp-image-45705\" srcset=\"https:\/\/www.muniquintero.cl\/wp-content\/uploads\/2026\/04\/IMG_0181-1024x683.jpg 1024w, https:\/\/www.muniquintero.cl\/wp-content\/uploads\/2026\/04\/IMG_0181-300x200.jpg 300w, https:\/\/www.muniquintero.cl\/wp-content\/uploads\/2026\/04\/IMG_0181-768x512.jpg 768w, https:\/\/www.muniquintero.cl\/wp-content\/uploads\/2026\/04\/IMG_0181-1536x1024.jpg 1536w, https:\/\/www.muniquintero.cl\/wp-content\/uploads\/2026\/04\/IMG_0181-2048x1365.jpg 2048w\" sizes=\"(max-width: 1024px) 100vw, 1024px\" \/><\/figure>\n\n\n\n<figure class=\"wp-block-image size-large\"><img loading=\"lazy\" decoding=\"async\" width=\"1024\" height=\"683\" data-id=\"45704\" src=\"https:\/\/www.muniquintero.cl\/wp-content\/uploads\/2026\/04\/IMG_0200-1024x683.jpg\" alt=\"\" class=\"wp-image-45704\" srcset=\"https:\/\/www.muniquintero.cl\/wp-content\/uploads\/2026\/04\/IMG_0200-1024x683.jpg 1024w, https:\/\/www.muniquintero.cl\/wp-content\/uploads\/2026\/04\/IMG_0200-300x200.jpg 300w, https:\/\/www.muniquintero.cl\/wp-content\/uploads\/2026\/04\/IMG_0200-768x512.jpg 768w, https:\/\/www.muniquintero.cl\/wp-content\/uploads\/2026\/04\/IMG_0200-1536x1024.jpg 1536w, https:\/\/www.muniquintero.cl\/wp-content\/uploads\/2026\/04\/IMG_0200-2048x1365.jpg 2048w\" sizes=\"(max-width: 1024px) 100vw, 1024px\" \/><\/figure>\n<\/figure>\n","protected":false},"excerpt":{"rendered":"<p>Con una destacada participaci\u00f3n de la comunidad y una amplia oferta cultural, el domingo 26 de abril se realiz\u00f3 la Feria del Libro Quintero 2026 en el frontis de la Casa Estaci\u00f3n, consolid\u00e1ndose como uno de los eventos literarios m\u00e1s importantes de la comuna. La jornada ofreci\u00f3 una variada programaci\u00f3n pensada para toda la familia, [&hellip;]<\/p>\n","protected":false},"author":7,"featured_media":45696,"comment_status":"closed","ping_status":"closed","sticky":false,"template":"","format":"standard","meta":{"wds_primary_category":1,"footnotes":""},"categories":[1,2],"tags":[28,474],"class_list":["post-45695","post","type-post","status-publish","format-standard","has-post-thumbnail","hentry","category-municipalidad","category-noticias","tag-cultura","tag-dia-del-libro"],"_links":{"self":[{"href":"https:\/\/www.muniquintero.cl\/index.php\/wp-json\/wp\/v2\/posts\/45695","targetHints":{"allow":["GET"]}}],"collection":[{"href":"https:\/\/www.muniquintero.cl\/index.php\/wp-json\/wp\/v2\/posts"}],"about":[{"href":"https:\/\/www.muniquintero.cl\/index.php\/wp-json\/wp\/v2\/types\/post"}],"author":[{"embeddable":true,"href":"https:\/\/www.muniquintero.cl\/index.php\/wp-json\/wp\/v2\/users\/7"}],"replies":[{"embeddable":true,"href":"https:\/\/www.muniquintero.cl\/index.php\/wp-json\/wp\/v2\/comments?post=45695"}],"version-history":[{"count":1,"href":"https:\/\/www.muniquintero.cl\/index.php\/wp-json\/wp\/v2\/posts\/45695\/revisions"}],"predecessor-version":[{"id":45706,"href":"https:\/\/www.muniquintero.cl\/index.php\/wp-json\/wp\/v2\/posts\/45695\/revisions\/45706"}],"wp:featuredmedia":[{"embeddable":true,"href":"https:\/\/www.muniquintero.cl\/index.php\/wp-json\/wp\/v2\/media\/45696"}],"wp:attachment":[{"href":"https:\/\/www.muniquintero.cl\/index.php\/wp-json\/wp\/v2\/media?parent=45695"}],"wp:term":[{"taxonomy":"category","embeddable":true,"href":"https:\/\/www.muniquintero.cl\/index.php\/wp-json\/wp\/v2\/categories?post=45695"},{"taxonomy":"post_tag","embeddable":true,"href":"https:\/\/www.muniquintero.cl\/index.php\/wp-json\/wp\/v2\/tags?post=45695"}],"curies":[{"name":"wp","href":"https:\/\/api.w.org\/{rel}","templated":true}]}}