{"id":45679,"date":"2026-04-24T13:57:02","date_gmt":"2026-04-24T17:57:02","guid":{"rendered":"https:\/\/www.muniquintero.cl\/?p=45679"},"modified":"2026-04-24T13:57:02","modified_gmt":"2026-04-24T17:57:02","slug":"quintero-fortalece-la-atencion-a-personas-dependientes-con-encuentro-intercomunal-de-red-local-de-apoyos-y-cuidados","status":"publish","type":"post","link":"https:\/\/www.muniquintero.cl\/index.php\/2026\/04\/24\/quintero-fortalece-la-atencion-a-personas-dependientes-con-encuentro-intercomunal-de-red-local-de-apoyos-y-cuidados\/","title":{"rendered":"Quintero fortalece la atenci\u00f3n a personas dependientes con encuentro intercomunal de Red Local de Apoyos y Cuidados"},"content":{"rendered":"\n<p>En el Parque Municipal de Quintero se desarroll\u00f3 el pasado mi\u00e9rcoles 22 de abril un importante encuentro intercomunal del Programa Red Local de Apoyos y Cuidados (PRLAC), instancia que reuni\u00f3 a equipos de diversas comunas de la Regi\u00f3n de Valpara\u00edso con el objetivo de fortalecer el trabajo colaborativo y mejorar la atenci\u00f3n a personas en situaci\u00f3n de dependencia.<\/p>\n\n\n\n<p>La jornada convoc\u00f3 a representantes de Olmu\u00e9, San Felipe, Limache, Puchuncav\u00ed, La Ligua y Papudo, quienes participaron en una mesa de trabajo orientada al intercambio de experiencias, buenas pr\u00e1cticas y estrategias de intervenci\u00f3n social.<\/p>\n\n\n\n<figure class=\"wp-block-image size-full\"><img fetchpriority=\"high\" decoding=\"async\" width=\"1013\" height=\"542\" src=\"https:\/\/www.muniquintero.cl\/wp-content\/uploads\/2026\/04\/PR3.jpeg\" alt=\"\" class=\"wp-image-45681\" srcset=\"https:\/\/www.muniquintero.cl\/wp-content\/uploads\/2026\/04\/PR3.jpeg 1013w, https:\/\/www.muniquintero.cl\/wp-content\/uploads\/2026\/04\/PR3-300x161.jpeg 300w, https:\/\/www.muniquintero.cl\/wp-content\/uploads\/2026\/04\/PR3-768x411.jpeg 768w\" sizes=\"(max-width: 1013px) 100vw, 1013px\" \/><\/figure>\n\n\n\n<p>Esta iniciativa se enmarca en los lineamientos impulsados por el alcalde Rolando Silva Fuentes, orientados a fortalecer y mejorar la calidad de las atenciones dirigidas a vecinos y vecinas que requieren apoyo, especialmente personas postradas, enfermas y adultos mayores, promoviendo una respuesta m\u00e1s digna, oportuna y cercana.<\/p>\n\n\n\n<p>Constanza Alarc\u00f3n Jara, encargada del Programa Red Local de Apoyos y Cuidados en Quintero, explic\u00f3 que \u201cel objetivo de este encuentro intercomunal fue generar un espacio de articulaci\u00f3n y colaboraci\u00f3n entre los equipos, permiti\u00e9ndonos compartir aprendizajes y avanzar en una mejor implementaci\u00f3n del programa en cada territorio\u201d.<\/p>\n\n\n\n<figure class=\"wp-block-image size-large\"><img decoding=\"async\" width=\"1024\" height=\"682\" src=\"https:\/\/www.muniquintero.cl\/wp-content\/uploads\/2026\/04\/PR2-1-1024x682.jpeg\" alt=\"\" class=\"wp-image-45682\" srcset=\"https:\/\/www.muniquintero.cl\/wp-content\/uploads\/2026\/04\/PR2-1-1024x682.jpeg 1024w, https:\/\/www.muniquintero.cl\/wp-content\/uploads\/2026\/04\/PR2-1-300x200.jpeg 300w, https:\/\/www.muniquintero.cl\/wp-content\/uploads\/2026\/04\/PR2-1-768x512.jpeg 768w, https:\/\/www.muniquintero.cl\/wp-content\/uploads\/2026\/04\/PR2-1.jpeg 1280w\" sizes=\"(max-width: 1024px) 100vw, 1024px\" \/><\/figure>\n\n\n\n<figure class=\"wp-block-audio\"><audio controls src=\"https:\/\/www.muniquintero.cl\/wp-content\/uploads\/2026\/04\/CONSTANZA-ALARCON.mp3\"><\/audio><figcaption class=\"wp-element-caption\">Constanza Alarc\u00f3n<\/figcaption><\/figure>\n\n\n\n<p>Durante la actividad tambi\u00e9n particip\u00f3 la directora de Desarrollo Comunitario de la Municipalidad de Quintero, Marianna Herrera, quien entreg\u00f3 un saludo a las delegaciones asistentes. Asimismo, la jornada cont\u00f3 con la participaci\u00f3n telem\u00e1tica de \u00c1lvaro Mella, contraparte regional de la Seremi de Desarrollo Social y Familia, quien resolvi\u00f3 consultas y aport\u00f3 lineamientos t\u00e9cnicos.<\/p>\n\n\n\n<p>Alarc\u00f3n destac\u00f3 que este tipo de instancias permite identificar desaf\u00edos comunes entre los equipos: \u201cNos dimos cuenta de que, pese a las distintas realidades territoriales, enfrentamos problem\u00e1ticas similares, lo que nos permiti\u00f3 organizarnos mejor, compartir informaci\u00f3n y generar redes de apoyo entre comunas\u201d.<\/p>\n\n\n\n<p>El encuentro reuni\u00f3 a cerca de 35 participantes y contempl\u00f3, adem\u00e1s del trabajo t\u00e9cnico, espacios de autocuidado, incluyendo pausas activas y un recorrido guiado por el Parque Municipal, liderado por la terapeuta ocupacional del programa.<\/p>\n\n\n\n<p>Desde el municipio destacaron que este encuentro fue organizado por el equipo comunal del Programa Red Local de Apoyos y Cuidados (PRLAC), evidenciando su compromiso con el trabajo colaborativo y el fortalecimiento de redes que permitan avanzar hacia una atenci\u00f3n m\u00e1s integral y humana para las personas en situaci\u00f3n de dependencia en la comuna de Quintero.<\/p>\n","protected":false},"excerpt":{"rendered":"<p>En el Parque Municipal de Quintero se desarroll\u00f3 el pasado mi\u00e9rcoles 22 de abril un importante encuentro intercomunal del Programa Red Local de Apoyos y Cuidados (PRLAC), instancia que reuni\u00f3 a equipos de diversas comunas de la Regi\u00f3n de Valpara\u00edso con el objetivo de fortalecer el trabajo colaborativo y mejorar la atenci\u00f3n a personas en [&hellip;]<\/p>\n","protected":false},"author":7,"featured_media":45680,"comment_status":"closed","ping_status":"closed","sticky":false,"template":"","format":"standard","meta":{"wds_primary_category":1,"footnotes":""},"categories":[1,2],"tags":[568],"class_list":["post-45679","post","type-post","status-publish","format-standard","has-post-thumbnail","hentry","category-municipalidad","category-noticias","tag-prlac"],"_links":{"self":[{"href":"https:\/\/www.muniquintero.cl\/index.php\/wp-json\/wp\/v2\/posts\/45679","targetHints":{"allow":["GET"]}}],"collection":[{"href":"https:\/\/www.muniquintero.cl\/index.php\/wp-json\/wp\/v2\/posts"}],"about":[{"href":"https:\/\/www.muniquintero.cl\/index.php\/wp-json\/wp\/v2\/types\/post"}],"author":[{"embeddable":true,"href":"https:\/\/www.muniquintero.cl\/index.php\/wp-json\/wp\/v2\/users\/7"}],"replies":[{"embeddable":true,"href":"https:\/\/www.muniquintero.cl\/index.php\/wp-json\/wp\/v2\/comments?post=45679"}],"version-history":[{"count":1,"href":"https:\/\/www.muniquintero.cl\/index.php\/wp-json\/wp\/v2\/posts\/45679\/revisions"}],"predecessor-version":[{"id":45684,"href":"https:\/\/www.muniquintero.cl\/index.php\/wp-json\/wp\/v2\/posts\/45679\/revisions\/45684"}],"wp:featuredmedia":[{"embeddable":true,"href":"https:\/\/www.muniquintero.cl\/index.php\/wp-json\/wp\/v2\/media\/45680"}],"wp:attachment":[{"href":"https:\/\/www.muniquintero.cl\/index.php\/wp-json\/wp\/v2\/media?parent=45679"}],"wp:term":[{"taxonomy":"category","embeddable":true,"href":"https:\/\/www.muniquintero.cl\/index.php\/wp-json\/wp\/v2\/categories?post=45679"},{"taxonomy":"post_tag","embeddable":true,"href":"https:\/\/www.muniquintero.cl\/index.php\/wp-json\/wp\/v2\/tags?post=45679"}],"curies":[{"name":"wp","href":"https:\/\/api.w.org\/{rel}","templated":true}]}}