{"id":45417,"date":"2026-03-15T11:25:26","date_gmt":"2026-03-15T15:25:26","guid":{"rendered":"https:\/\/www.muniquintero.cl\/?p=45417"},"modified":"2026-03-15T11:26:04","modified_gmt":"2026-03-15T15:26:04","slug":"alcalde-rolando-silva-y-carabineros-analizan-balance-del-verano-y-proyectan-nuevas-medidas-de-seguridad","status":"publish","type":"post","link":"https:\/\/www.muniquintero.cl\/index.php\/2026\/03\/15\/alcalde-rolando-silva-y-carabineros-analizan-balance-del-verano-y-proyectan-nuevas-medidas-de-seguridad\/","title":{"rendered":"Alcalde Rolando Silva y Carabineros analizan balance del verano y proyectan nuevas medidas de seguridad"},"content":{"rendered":"\n<p>Con el objetivo de fortalecer la seguridad en la comuna, el alcalde de Quintero, Rolando Silva Fuentes, sostuvo el jueves 12 de marzo una reuni\u00f3n con la general Patricia V\u00e1squez, representante de la V Zona de Carabineros, instancia en la que se abordaron diversas gestiones estrat\u00e9gicas orientadas a aumentar los recursos policiales disponibles para la comuna.<\/p>\n\n\n\n<p>Durante el encuentro, las autoridades tambi\u00e9n realizaron un balance del per\u00edodo estival, destacando el importante flujo de visitantes que recibi\u00f3 Quintero durante el verano y valorando, al mismo tiempo, una disminuci\u00f3n en los delitos e incivilidades en comparaci\u00f3n con el verano de 2025, lo que fue atribuido al trabajo coordinado entre Carabineros, el municipio y los equipos de seguridad.<\/p>\n\n\n\n<p>Tras la reuni\u00f3n, el alcalde Rolando Silva Fuentes se\u00f1al\u00f3 que uno de los principales objetivos es continuar avanzando en el fortalecimiento institucional de la presencia policial en la comuna: \u201cQueremos seguir trabajando en la senda que nos hemos propuesto como comuna de Quintero, que es lograr que la Subcomisar\u00eda de Quintero suba de categor\u00eda. Tambi\u00e9n abordamos distintos temas sobre c\u00f3mo se est\u00e1 desarrollando el trabajo en materia de seguridad, y quisimos agradecer el esfuerzo realizado durante el verano con la dotaci\u00f3n de Carabineros que tuvimos en la comuna\u201d, expres\u00f3 el jefe comunal.<\/p>\n\n\n\n<figure class=\"wp-block-image size-large\"><img fetchpriority=\"high\" decoding=\"async\" width=\"1024\" height=\"564\" src=\"https:\/\/www.muniquintero.cl\/wp-content\/uploads\/2026\/03\/Foto-3-1024x564.png\" alt=\"\" class=\"wp-image-45418\" srcset=\"https:\/\/www.muniquintero.cl\/wp-content\/uploads\/2026\/03\/Foto-3-1024x564.png 1024w, https:\/\/www.muniquintero.cl\/wp-content\/uploads\/2026\/03\/Foto-3-300x165.png 300w, https:\/\/www.muniquintero.cl\/wp-content\/uploads\/2026\/03\/Foto-3-768x423.png 768w, https:\/\/www.muniquintero.cl\/wp-content\/uploads\/2026\/03\/Foto-3-1536x846.png 1536w, https:\/\/www.muniquintero.cl\/wp-content\/uploads\/2026\/03\/Foto-3.png 1595w\" sizes=\"(max-width: 1024px) 100vw, 1024px\" \/><\/figure>\n\n\n\n<figure class=\"wp-block-audio\"><audio controls src=\"https:\/\/www.muniquintero.cl\/wp-content\/uploads\/2026\/03\/ALCALDE-ROLANDO-SILVA-3.mp3\"><\/audio><figcaption class=\"wp-element-caption\">Rolando Silva<\/figcaption><\/figure>\n\n\n\n<p>En la instancia, adem\u00e1s, desde la instituci\u00f3n policial se comprometieron a evaluar el contingente de Carabineros en la comuna para implementar mejoras, junto con impulsar el trabajo especializado del OS7 en el combate al narcotr\u00e1fico y fortalecer la coordinaci\u00f3n con la Direcci\u00f3n de Seguridad P\u00fablica del municipio a trav\u00e9s del programa OS14, iniciativa que permite desarrollar patrullajes mixtos entre personal policial y funcionarios municipales.<\/p>\n\n\n\n<p>El trabajo coordinado entre Carabineros y la Municipalidad de Quintero permitir\u00e1 seguir fortaleciendo las estrategias de prevenci\u00f3n, control y combate de la delincuencia, avanzando en mejores condiciones de seguridad para los vecinos y vecinas de la comuna.<\/p>\n\n\n\n<p><\/p>\n","protected":false},"excerpt":{"rendered":"<p>Con el objetivo de fortalecer la seguridad en la comuna, el alcalde de Quintero, Rolando Silva Fuentes, sostuvo el jueves 12 de marzo una reuni\u00f3n con la general Patricia V\u00e1squez, representante de la V Zona de Carabineros, instancia en la que se abordaron diversas gestiones estrat\u00e9gicas orientadas a aumentar los recursos policiales disponibles para la [&hellip;]<\/p>\n","protected":false},"author":7,"featured_media":45418,"comment_status":"closed","ping_status":"closed","sticky":false,"template":"","format":"standard","meta":{"wds_primary_category":1,"footnotes":""},"categories":[1,2],"tags":[490,73,345],"class_list":["post-45417","post","type-post","status-publish","format-standard","has-post-thumbnail","hentry","category-municipalidad","category-noticias","tag-carabineros","tag-quintero","tag-seguridad-publica"],"_links":{"self":[{"href":"https:\/\/www.muniquintero.cl\/index.php\/wp-json\/wp\/v2\/posts\/45417","targetHints":{"allow":["GET"]}}],"collection":[{"href":"https:\/\/www.muniquintero.cl\/index.php\/wp-json\/wp\/v2\/posts"}],"about":[{"href":"https:\/\/www.muniquintero.cl\/index.php\/wp-json\/wp\/v2\/types\/post"}],"author":[{"embeddable":true,"href":"https:\/\/www.muniquintero.cl\/index.php\/wp-json\/wp\/v2\/users\/7"}],"replies":[{"embeddable":true,"href":"https:\/\/www.muniquintero.cl\/index.php\/wp-json\/wp\/v2\/comments?post=45417"}],"version-history":[{"count":2,"href":"https:\/\/www.muniquintero.cl\/index.php\/wp-json\/wp\/v2\/posts\/45417\/revisions"}],"predecessor-version":[{"id":45421,"href":"https:\/\/www.muniquintero.cl\/index.php\/wp-json\/wp\/v2\/posts\/45417\/revisions\/45421"}],"wp:featuredmedia":[{"embeddable":true,"href":"https:\/\/www.muniquintero.cl\/index.php\/wp-json\/wp\/v2\/media\/45418"}],"wp:attachment":[{"href":"https:\/\/www.muniquintero.cl\/index.php\/wp-json\/wp\/v2\/media?parent=45417"}],"wp:term":[{"taxonomy":"category","embeddable":true,"href":"https:\/\/www.muniquintero.cl\/index.php\/wp-json\/wp\/v2\/categories?post=45417"},{"taxonomy":"post_tag","embeddable":true,"href":"https:\/\/www.muniquintero.cl\/index.php\/wp-json\/wp\/v2\/tags?post=45417"}],"curies":[{"name":"wp","href":"https:\/\/api.w.org\/{rel}","templated":true}]}}