{"id":45410,"date":"2026-03-13T16:20:53","date_gmt":"2026-03-13T20:20:53","guid":{"rendered":"https:\/\/www.muniquintero.cl\/?p=45410"},"modified":"2026-03-13T16:26:31","modified_gmt":"2026-03-13T20:26:31","slug":"alcalde-rolando-silva-valora-nueva-plataforma-de-monitoreo-ambiental-y-destaca-importancia-de-prevenir-episodios-de-contaminacion-en-la-bahia","status":"publish","type":"post","link":"https:\/\/www.muniquintero.cl\/index.php\/2026\/03\/13\/alcalde-rolando-silva-valora-nueva-plataforma-de-monitoreo-ambiental-y-destaca-importancia-de-prevenir-episodios-de-contaminacion-en-la-bahia\/","title":{"rendered":"Alcalde Rolando Silva valora nueva plataforma de monitoreo ambiental y destaca importancia de prevenir episodios de contaminaci\u00f3n en la bah\u00eda"},"content":{"rendered":"\n<p>El alcalde de Quintero, <strong>Rolando Silva Fuentes<\/strong>, valor\u00f3 la puesta en marcha del nuevo sitio web de seguimiento ambiental presentado por la Superintendencia del Medio Ambiente (SMA), plataforma que permitir\u00e1 monitorear en tiempo real la calidad del aire en las comunas de Conc\u00f3n, Quintero y Puchuncav\u00ed.<\/p>\n\n\n\n<p>La herramienta digital entrega informaci\u00f3n sobre mediciones de <strong>compuestos org\u00e1nicos vol\u00e1tiles (COVs)<\/strong>, entre ellos benceno, tolueno, etilbenceno y xileno, a partir de los equipos de monitoreo <strong>PyxisGC<\/strong> instalados en distintos puntos de la zona.<\/p>\n\n\n\n<p>El jefe comunal destac\u00f3 que el acceso p\u00fablico a estos datos constituye un avance importante en materia de transparencia y fiscalizaci\u00f3n ambiental, especialmente en una zona hist\u00f3ricamente marcada por la actividad industrial.<\/p>\n\n\n\n<figure class=\"wp-block-image size-large\"><img fetchpriority=\"high\" decoding=\"async\" width=\"1024\" height=\"683\" src=\"https:\/\/www.muniquintero.cl\/wp-content\/uploads\/2026\/03\/puerto-mayor-1024x683.jpg\" alt=\"\" class=\"wp-image-45412\" srcset=\"https:\/\/www.muniquintero.cl\/wp-content\/uploads\/2026\/03\/puerto-mayor-1024x683.jpg 1024w, https:\/\/www.muniquintero.cl\/wp-content\/uploads\/2026\/03\/puerto-mayor-300x200.jpg 300w, https:\/\/www.muniquintero.cl\/wp-content\/uploads\/2026\/03\/puerto-mayor-768x512.jpg 768w, https:\/\/www.muniquintero.cl\/wp-content\/uploads\/2026\/03\/puerto-mayor-1536x1024.jpg 1536w, https:\/\/www.muniquintero.cl\/wp-content\/uploads\/2026\/03\/puerto-mayor.jpg 2048w\" sizes=\"(max-width: 1024px) 100vw, 1024px\" \/><\/figure>\n\n\n\n<figure class=\"wp-block-audio\"><audio controls src=\"https:\/\/www.muniquintero.cl\/wp-content\/uploads\/2026\/03\/ALCALDE-ROLANDO-SILVA-2.mp3\"><\/audio><figcaption class=\"wp-element-caption\">Rolando Silva<\/figcaption><\/figure>\n\n\n\n<p>\u201cValoramos esta iniciativa de la Superintendencia del Medio Ambiente, porque permite a la comunidad acceder de manera transparente a informaci\u00f3n relevante sobre la calidad del aire en nuestra bah\u00eda. Esto cobra especial importancia en esta \u00e9poca del a\u00f1o, cuando se inicia el a\u00f1o escolar y comienza la temporada de oto\u00f1o, periodo en que las condiciones de ventilaci\u00f3n suelen ser m\u00e1s complejas\u201d, se\u00f1al\u00f3 el alcalde <strong>Rolando Silva Fuentes<\/strong>.<\/p>\n\n\n\n<p>La autoridad comunal agreg\u00f3 que el uso de tecnolog\u00eda para el monitoreo permanente del aire puede contribuir a fortalecer la prevenci\u00f3n y la toma de decisiones oportunas frente a eventuales situaciones ambientales.<\/p>\n\n\n\n<p>\u201cEsperamos que herramientas como esta permitan anticipar situaciones cr\u00edticas y contribuyan a evitar episodios de contaminaci\u00f3n que afecten a nuestras familias. Para nosotros, la protecci\u00f3n de la salud de los vecinos y vecinas de Quintero siempre ser\u00e1 una prioridad\u201d, agreg\u00f3.<\/p>\n\n\n\n<p>Por su parte, la superintendenta del Medio Ambiente, <strong>Marie Claude Plumer<\/strong>, destac\u00f3 que esta plataforma busca fortalecer la transparencia y el acceso a la informaci\u00f3n ambiental en la zona.<\/p>\n\n\n\n<figure class=\"wp-block-audio\"><audio controls src=\"https:\/\/www.muniquintero.cl\/wp-content\/uploads\/2026\/03\/SUPERINTENDENTA-MARIE-CLAUDE-PLUMER.mp3\"><\/audio><figcaption class=\"wp-element-caption\">Marie Claude Plumer<\/figcaption><\/figure>\n\n\n\n<p>\u201cCon el lanzamiento de este nuevo sitio web queremos fortalecer la transparencia y el acceso a la informaci\u00f3n. A trav\u00e9s de esta plataforma, cualquier persona podr\u00e1 revisar en l\u00ednea los datos de los monitoreos de la Superintendencia del Medio Ambiente respecto de compuestos org\u00e1nicos vol\u00e1tiles y otros contaminantes, adem\u00e1s de informaci\u00f3n sobre las acciones de fiscalizaci\u00f3n que estamos desarrollando en la zona\u201d, indic\u00f3 la autoridad.<\/p>\n\n\n\n<p>El sistema de vigilancia ambiental considera <strong>ocho equipos Pyxis de monitoreo continuo<\/strong>, adem\u00e1s de <strong>20 puntos de muestreo mediante tubos pasivos<\/strong>, lo que permite generar informaci\u00f3n t\u00e9cnica permanente sobre la presencia de contaminantes en el aire.<\/p>\n\n\n\n<p>Asimismo, el portal incluye el <strong>Informe de Monitoreo de COVs 2025<\/strong>, documento que re\u00fane mediciones realizadas en <strong>31 puntos de Conc\u00f3n, Quintero y Puchuncav\u00ed<\/strong>, junto con antecedentes sobre las acciones de fiscalizaci\u00f3n y seguimiento ambiental que desarrolla la Superintendencia del Medio Ambiente en el cord\u00f3n industrial de la bah\u00eda.<\/p>\n\n\n\n<p>La comunidad puede acceder a esta informaci\u00f3n a trav\u00e9s del sitio web habilitado por la SMA en el siguiente enlace:<br><a href=\"https:\/\/portal.sma.gob.cl\/index.php\/gestion-concon-quintero-y-puchuncavi\/\">https:\/\/portal.sma.gob.cl\/index.php\/gestion-concon-quintero-y-puchuncavi\/<\/a><\/p>\n\n\n\n<p><\/p>\n","protected":false},"excerpt":{"rendered":"<p>El alcalde de Quintero, Rolando Silva Fuentes, valor\u00f3 la puesta en marcha del nuevo sitio web de seguimiento ambiental presentado por la Superintendencia del Medio Ambiente (SMA), plataforma que permitir\u00e1 monitorear en tiempo real la calidad del aire en las comunas de Conc\u00f3n, Quintero y Puchuncav\u00ed. La herramienta digital entrega informaci\u00f3n sobre mediciones de compuestos [&hellip;]<\/p>\n","protected":false},"author":7,"featured_media":45411,"comment_status":"closed","ping_status":"closed","sticky":false,"template":"","format":"standard","meta":{"wds_primary_category":1,"footnotes":""},"categories":[1,2],"tags":[741,156,742],"class_list":["post-45410","post","type-post","status-publish","format-standard","has-post-thumbnail","hentry","category-municipalidad","category-noticias","tag-covs","tag-medio-ambiente","tag-pyxisgc"],"_links":{"self":[{"href":"https:\/\/www.muniquintero.cl\/index.php\/wp-json\/wp\/v2\/posts\/45410","targetHints":{"allow":["GET"]}}],"collection":[{"href":"https:\/\/www.muniquintero.cl\/index.php\/wp-json\/wp\/v2\/posts"}],"about":[{"href":"https:\/\/www.muniquintero.cl\/index.php\/wp-json\/wp\/v2\/types\/post"}],"author":[{"embeddable":true,"href":"https:\/\/www.muniquintero.cl\/index.php\/wp-json\/wp\/v2\/users\/7"}],"replies":[{"embeddable":true,"href":"https:\/\/www.muniquintero.cl\/index.php\/wp-json\/wp\/v2\/comments?post=45410"}],"version-history":[{"count":2,"href":"https:\/\/www.muniquintero.cl\/index.php\/wp-json\/wp\/v2\/posts\/45410\/revisions"}],"predecessor-version":[{"id":45416,"href":"https:\/\/www.muniquintero.cl\/index.php\/wp-json\/wp\/v2\/posts\/45410\/revisions\/45416"}],"wp:featuredmedia":[{"embeddable":true,"href":"https:\/\/www.muniquintero.cl\/index.php\/wp-json\/wp\/v2\/media\/45411"}],"wp:attachment":[{"href":"https:\/\/www.muniquintero.cl\/index.php\/wp-json\/wp\/v2\/media?parent=45410"}],"wp:term":[{"taxonomy":"category","embeddable":true,"href":"https:\/\/www.muniquintero.cl\/index.php\/wp-json\/wp\/v2\/categories?post=45410"},{"taxonomy":"post_tag","embeddable":true,"href":"https:\/\/www.muniquintero.cl\/index.php\/wp-json\/wp\/v2\/tags?post=45410"}],"curies":[{"name":"wp","href":"https:\/\/api.w.org\/{rel}","templated":true}]}}