{"id":45400,"date":"2026-03-12T12:15:26","date_gmt":"2026-03-12T16:15:26","guid":{"rendered":"https:\/\/www.muniquintero.cl\/?p=45400"},"modified":"2026-03-12T12:15:26","modified_gmt":"2026-03-12T16:15:26","slug":"quintero-tendra-nueva-plaza-comunitaria-con-inversion-de-mas-de-100-millones","status":"publish","type":"post","link":"https:\/\/www.muniquintero.cl\/index.php\/2026\/03\/12\/quintero-tendra-nueva-plaza-comunitaria-con-inversion-de-mas-de-100-millones\/","title":{"rendered":"QUINTERO TENDR\u00c1 NUEVA PLAZA COMUNITARIA CON INVERSI\u00d3N DE M\u00c1S DE $100 MILLONES"},"content":{"rendered":"\n<p><\/p>\n\n\n\n<p>Quintero contar\u00e1 muy pronto con una nueva plaza comunitaria en la Poblaci\u00f3n Lomas de Mirasol, una iniciativa que busca recuperar un espacio para la recreaci\u00f3n, el deporte y el encuentro de vecinos y vecinas del sector.<\/p>\n\n\n\n<figure class=\"wp-block-image size-large\"><img fetchpriority=\"high\" decoding=\"async\" width=\"1024\" height=\"683\" src=\"https:\/\/www.muniquintero.cl\/wp-content\/uploads\/2026\/03\/IMG_2522.JPG-1024x683.jpeg\" alt=\"\" class=\"wp-image-45401\" srcset=\"https:\/\/www.muniquintero.cl\/wp-content\/uploads\/2026\/03\/IMG_2522.JPG-1024x683.jpeg 1024w, https:\/\/www.muniquintero.cl\/wp-content\/uploads\/2026\/03\/IMG_2522.JPG-300x200.jpeg 300w, https:\/\/www.muniquintero.cl\/wp-content\/uploads\/2026\/03\/IMG_2522.JPG-768x512.jpeg 768w, https:\/\/www.muniquintero.cl\/wp-content\/uploads\/2026\/03\/IMG_2522.JPG-1536x1024.jpeg 1536w, https:\/\/www.muniquintero.cl\/wp-content\/uploads\/2026\/03\/IMG_2522.JPG-2048x1365.jpeg 2048w\" sizes=\"(max-width: 1024px) 100vw, 1024px\" \/><\/figure>\n\n\n\n<p>El proyecto, financiado a trav\u00e9s del Fondo Regional de Inversi\u00f3n Local (FRIL) del Gobierno Regional de Valpara\u00edso, alcanza un 30% de avance y contempla una inversi\u00f3n de $104.401.259 para la construcci\u00f3n de esta nueva zona de uso recreativo.<\/p>\n\n\n\n<p>Durante una visita a terreno, el alcalde de Quintero, Rolando Silva Fuentes, junto a su equipo municipal, destac\u00f3 la importancia de la iniciativa para la comunidad. \u201cEstamos muy contentos de haber estado con los vecinos viendo el avance del proyecto gestionado por el Gobierno Regional y el municipio. Lo positivo es que los propios vecinos cuidar\u00e1n su entorno y fortalecer\u00e1n el sentido de pertenencia, que es justamente lo que buscamos al recuperar los espacios p\u00fablicos con distintas acciones\u201d, afirm\u00f3.<\/p>\n\n\n\n<figure class=\"wp-block-audio\"><audio controls src=\"https:\/\/www.muniquintero.cl\/wp-content\/uploads\/2026\/03\/ROLANDO-SILVA-FUENTES-ALCALDE-DE-QUINTERO.mp3.mp3\"><\/audio><\/figure>\n\n\n\n<p>Por su parte, el director de SECPLAN de la Municipalidad de Quintero, Alonso Retamales, explic\u00f3 los detalles de las obras.<\/p>\n\n\n\n<figure class=\"wp-block-audio\"><audio controls src=\"https:\/\/www.muniquintero.cl\/wp-content\/uploads\/2026\/03\/ALONSO-RETAMALES-DIRECTOR-SECPLAN-MUNICIPALIDAD-DE-QUINTERO.mp3.mp3\"><\/audio><\/figure>\n\n\n\n<p>\u201cEstamos aqu\u00ed agradeciendo a los vecinos que se han acercado esta ma\u00f1ana a conocer los avances de esta obra, que ya alcanza cerca de un 30%. Este proyecto contempla dos sectores. Uno con una plaza de ejercicios y elementos de calistenia, y otro que quedar\u00e1 destinado al tr\u00e1nsito de las personas. Es una inversi\u00f3n importante, superior a los 100 millones de pesos\u201d.<\/p>\n\n\n\n<figure class=\"wp-block-image size-large\"><img decoding=\"async\" width=\"1024\" height=\"683\" src=\"https:\/\/www.muniquintero.cl\/wp-content\/uploads\/2026\/03\/IMG_2523.JPG-1024x683.jpeg\" alt=\"\" class=\"wp-image-45405\" srcset=\"https:\/\/www.muniquintero.cl\/wp-content\/uploads\/2026\/03\/IMG_2523.JPG-1024x683.jpeg 1024w, https:\/\/www.muniquintero.cl\/wp-content\/uploads\/2026\/03\/IMG_2523.JPG-300x200.jpeg 300w, https:\/\/www.muniquintero.cl\/wp-content\/uploads\/2026\/03\/IMG_2523.JPG-768x512.jpeg 768w, https:\/\/www.muniquintero.cl\/wp-content\/uploads\/2026\/03\/IMG_2523.JPG-1536x1024.jpeg 1536w, https:\/\/www.muniquintero.cl\/wp-content\/uploads\/2026\/03\/IMG_2523.JPG-2048x1365.jpeg 2048w\" sizes=\"(max-width: 1024px) 100vw, 1024px\" \/><\/figure>\n\n\n\n<p>PROGRAMA TRANSFORMANDO BARRIOS INTERVENDR\u00c1 LA MULTICANCHA EN LOMAS DE MIRASOL<\/p>\n\n\n\n<p>Durante la instancia tambi\u00e9n particip\u00f3 la directora de la Direcci\u00f3n de Desarrollo Comunitario (DIDECO), Marianna Herrera, quien anunci\u00f3 una futura intervenci\u00f3n en la multicancha del sector de la plaza a trav\u00e9s del programa social Transformando Barrios, con participaci\u00f3n directa de ni\u00f1as y ni\u00f1os de la comunidad.<\/p>\n\n\n\n<figure class=\"wp-block-audio\"><audio controls src=\"https:\/\/www.muniquintero.cl\/wp-content\/uploads\/2026\/03\/MARIANNA-HERRERA-DIRECTORA-DIDECO-MUNICIPALIDAD-DE-QUINTERO.mp3.mp3\"><\/audio><\/figure>\n\n\n\n<p>\u201cA trav\u00e9s de nuestro programa Transformando Barrios se intervendr\u00e1 la multicancha. Esta iniciativa fue levantada por profesionales del programa, quienes realizaron un trabajo participativo con la infancia del sector para conocer qu\u00e9 espacio quer\u00edan intervenir y de qu\u00e9 forma. El trabajo se realizar\u00e1 en conjunto con los ni\u00f1os y sus adultos responsables, fomentando as\u00ed la colaboraci\u00f3n comunitaria\u201d.<\/p>\n\n\n\n<figure class=\"wp-block-image size-large\"><img decoding=\"async\" width=\"1024\" height=\"683\" src=\"https:\/\/www.muniquintero.cl\/wp-content\/uploads\/2026\/03\/IMG_2524.JPG-1024x683.jpeg\" alt=\"\" class=\"wp-image-45407\" srcset=\"https:\/\/www.muniquintero.cl\/wp-content\/uploads\/2026\/03\/IMG_2524.JPG-1024x683.jpeg 1024w, https:\/\/www.muniquintero.cl\/wp-content\/uploads\/2026\/03\/IMG_2524.JPG-300x200.jpeg 300w, https:\/\/www.muniquintero.cl\/wp-content\/uploads\/2026\/03\/IMG_2524.JPG-768x512.jpeg 768w, https:\/\/www.muniquintero.cl\/wp-content\/uploads\/2026\/03\/IMG_2524.JPG-1536x1024.jpeg 1536w, https:\/\/www.muniquintero.cl\/wp-content\/uploads\/2026\/03\/IMG_2524.JPG-2048x1365.jpeg 2048w\" sizes=\"(max-width: 1024px) 100vw, 1024px\" \/><\/figure>\n\n\n\n<p>La presidenta de la Poblaci\u00f3n Teniente Serrano, Karina Arancibia, valor\u00f3 el avance de las obras:<\/p>\n\n\n\n<figure class=\"wp-block-audio\"><audio controls src=\"https:\/\/www.muniquintero.cl\/wp-content\/uploads\/2026\/03\/KARINA-ARANCIBIA-PDTA-JJVV-TTE-SERRANO.mp3.mp3\"><\/audio><\/figure>\n\n\n\n<p>\u201cPara nosotros es una gran alegr\u00eda este proyecto de la plaza, porque antes era un sitio abandonado y ahora tendr\u00e1 un uso importante para los ni\u00f1os y tambi\u00e9n para los adultos mayores, ya que tenemos muchos vecinos de la tercera edad. Estamos muy agradecidos y esperamos que sigan llegando m\u00e1s proyectos para continuar mejorando nuestro sector\u201d.<\/p>\n\n\n\n<p>Desde la Municipalidad de Quintero destacaron que este proyecto representa un paso m\u00e1s en el compromiso por mejorar los espacios p\u00fablicos de la comuna y fortalecer la participaci\u00f3n ciudadana. La nueva plaza comunitaria en Lomas de Mirasol, junto a la futura intervenci\u00f3n de la multicancha a trav\u00e9s del programa Transformando Barrios, busca ofrecer a vecinos y vecinas un lugar seguro para la recreaci\u00f3n, el deporte y el encuentro, promoviendo as\u00ed un sentido de pertenencia y colaboraci\u00f3n comunitaria que continuar\u00e1 con futuras iniciativas en la comuna.<\/p>\n","protected":false},"excerpt":{"rendered":"<p>Quintero contar\u00e1 muy pronto con una nueva plaza comunitaria en la Poblaci\u00f3n Lomas de Mirasol, una iniciativa que busca recuperar un espacio para la recreaci\u00f3n, el deporte y el encuentro de vecinos y vecinas del sector. El proyecto, financiado a trav\u00e9s del Fondo Regional de Inversi\u00f3n Local (FRIL) del Gobierno Regional de Valpara\u00edso, alcanza un [&hellip;]<\/p>\n","protected":false},"author":27,"featured_media":45402,"comment_status":"closed","ping_status":"closed","sticky":false,"template":"","format":"standard","meta":{"wds_primary_category":2,"footnotes":""},"categories":[2],"tags":[],"class_list":["post-45400","post","type-post","status-publish","format-standard","has-post-thumbnail","hentry","category-noticias"],"_links":{"self":[{"href":"https:\/\/www.muniquintero.cl\/index.php\/wp-json\/wp\/v2\/posts\/45400","targetHints":{"allow":["GET"]}}],"collection":[{"href":"https:\/\/www.muniquintero.cl\/index.php\/wp-json\/wp\/v2\/posts"}],"about":[{"href":"https:\/\/www.muniquintero.cl\/index.php\/wp-json\/wp\/v2\/types\/post"}],"author":[{"embeddable":true,"href":"https:\/\/www.muniquintero.cl\/index.php\/wp-json\/wp\/v2\/users\/27"}],"replies":[{"embeddable":true,"href":"https:\/\/www.muniquintero.cl\/index.php\/wp-json\/wp\/v2\/comments?post=45400"}],"version-history":[{"count":1,"href":"https:\/\/www.muniquintero.cl\/index.php\/wp-json\/wp\/v2\/posts\/45400\/revisions"}],"predecessor-version":[{"id":45409,"href":"https:\/\/www.muniquintero.cl\/index.php\/wp-json\/wp\/v2\/posts\/45400\/revisions\/45409"}],"wp:featuredmedia":[{"embeddable":true,"href":"https:\/\/www.muniquintero.cl\/index.php\/wp-json\/wp\/v2\/media\/45402"}],"wp:attachment":[{"href":"https:\/\/www.muniquintero.cl\/index.php\/wp-json\/wp\/v2\/media?parent=45400"}],"wp:term":[{"taxonomy":"category","embeddable":true,"href":"https:\/\/www.muniquintero.cl\/index.php\/wp-json\/wp\/v2\/categories?post=45400"},{"taxonomy":"post_tag","embeddable":true,"href":"https:\/\/www.muniquintero.cl\/index.php\/wp-json\/wp\/v2\/tags?post=45400"}],"curies":[{"name":"wp","href":"https:\/\/api.w.org\/{rel}","templated":true}]}}