{"id":45391,"date":"2026-03-10T12:56:58","date_gmt":"2026-03-10T16:56:58","guid":{"rendered":"https:\/\/www.muniquintero.cl\/?p=45391"},"modified":"2026-03-10T12:56:58","modified_gmt":"2026-03-10T16:56:58","slug":"familias-de-quintero-podran-postular-a-programa-de-micro-radicacion","status":"publish","type":"post","link":"https:\/\/www.muniquintero.cl\/index.php\/2026\/03\/10\/familias-de-quintero-podran-postular-a-programa-de-micro-radicacion\/","title":{"rendered":"Familias de Quintero podr\u00e1n postular a programa de Micro Radicaci\u00f3n"},"content":{"rendered":"\n<p>La Oficina de Vivienda de la Municipalidad de Quintero inform\u00f3 a la comunidad que ya se encuentra disponible el llamado del Ministerio de Vivienda y Urbanismo (Minvu) al Programa de Peque\u00f1os Condominios, correspondiente al Fondo Solidario de Elecci\u00f3n de Vivienda DS N\u00b049, en su modalidad de Micro Radicaci\u00f3n.<\/p>\n\n\n\n<p>El encargado de la Oficina Municipal de Vivienda, Arturo Navia, explic\u00f3 que esta iniciativa se enmarca en el trabajo impulsado por el alcalde Rolando Silva Fuentes, orientado a promover soluciones habitacionales que permitan mejorar la calidad de vida de las familias de la comuna.<\/p>\n\n\n\n<figure class=\"wp-block-image size-large\"><img fetchpriority=\"high\" decoding=\"async\" width=\"1024\" height=\"767\" src=\"https:\/\/www.muniquintero.cl\/wp-content\/uploads\/2026\/03\/C1-1024x767.png\" alt=\"\" class=\"wp-image-45393\" srcset=\"https:\/\/www.muniquintero.cl\/wp-content\/uploads\/2026\/03\/C1-1024x767.png 1024w, https:\/\/www.muniquintero.cl\/wp-content\/uploads\/2026\/03\/C1-300x225.png 300w, https:\/\/www.muniquintero.cl\/wp-content\/uploads\/2026\/03\/C1-768x576.png 768w, https:\/\/www.muniquintero.cl\/wp-content\/uploads\/2026\/03\/C1-1536x1151.png 1536w, https:\/\/www.muniquintero.cl\/wp-content\/uploads\/2026\/03\/C1.png 1600w\" sizes=\"(max-width: 1024px) 100vw, 1024px\" \/><\/figure>\n\n\n\n<figure class=\"wp-block-audio\"><audio controls src=\"https:\/\/www.muniquintero.cl\/wp-content\/uploads\/2026\/03\/ARTURO-NAVIA.mp3\"><\/audio><figcaption class=\"wp-element-caption\">Arturo Navia<\/figcaption><\/figure>\n\n\n\n<p>\u201cEsta es una iniciativa del alcalde Rolando Silva que nos llama a promover los programas de micro radicaci\u00f3n del Ministerio de Vivienda y Urbanismo. Por lo mismo estamos haciendo un llamado a las familias a postular al programa Peque\u00f1os Condominios del Fondo Solidario de Vivienda, que es un convenio entre el Ministerio y la Oficina de Vivienda de la Municipalidad de Quintero\u201d, se\u00f1al\u00f3.<\/p>\n\n\n\n<p>Navia explic\u00f3 que este programa est\u00e1 dirigido principalmente a familias que viven como allegadas o que comparten un terreno familiar, buscando una soluci\u00f3n habitacional que les permita acceder a una vivienda adecuada sin tener que abandonar su entorno ni sus redes familiares.<\/p>\n\n\n\n<p>\u201cEste programa permite construir entre dos y nueve viviendas dentro de un mismo terreno, organizadas bajo un sistema de copropiedad, lo que permite regularizar la situaci\u00f3n del terreno y acceder a viviendas adecuadas y seguras\u201d, agreg\u00f3.<\/p>\n\n\n\n<p>Por esta raz\u00f3n, desde el municipio se invita a todas las familias de la comuna que se encuentren en esta situaci\u00f3n y que cuenten con un terreno donde viven varias familias, a acercarse a la Oficina de Vivienda de la Municipalidad de Quintero, donde el equipo profesional podr\u00e1 orientarlos y evaluar si cumplen con los requisitos t\u00e9cnicos para postular.<\/p>\n\n\n\n<p>La atenci\u00f3n se realiza de lunes a viernes, entre las 08:30 y las 14:00 horas.<\/p>\n\n\n\n<p>Desde el municipio se destac\u00f3 que este programa del Ministerio de Vivienda y Urbanismo representa una importante oportunidad para disminuir el allegamiento y mejorar las condiciones habitacionales de muchas familias de la comuna, permitiendo acceder a soluciones dignas sin abandonar sus barrios y fortaleciendo as\u00ed el desarrollo y la calidad de vida de la comunidad de Quintero.<\/p>\n","protected":false},"excerpt":{"rendered":"<p>La Oficina de Vivienda de la Municipalidad de Quintero inform\u00f3 a la comunidad que ya se encuentra disponible el llamado del Ministerio de Vivienda y Urbanismo (Minvu) al Programa de Peque\u00f1os Condominios, correspondiente al Fondo Solidario de Elecci\u00f3n de Vivienda DS N\u00b049, en su modalidad de Micro Radicaci\u00f3n. El encargado de la Oficina Municipal de [&hellip;]<\/p>\n","protected":false},"author":7,"featured_media":45392,"comment_status":"closed","ping_status":"closed","sticky":false,"template":"","format":"standard","meta":{"wds_primary_category":1,"footnotes":""},"categories":[1,2],"tags":[740,425,327],"class_list":["post-45391","post","type-post","status-publish","format-standard","has-post-thumbnail","hentry","category-municipalidad","category-noticias","tag-familias-allegadas","tag-minvu","tag-vivienda"],"_links":{"self":[{"href":"https:\/\/www.muniquintero.cl\/index.php\/wp-json\/wp\/v2\/posts\/45391","targetHints":{"allow":["GET"]}}],"collection":[{"href":"https:\/\/www.muniquintero.cl\/index.php\/wp-json\/wp\/v2\/posts"}],"about":[{"href":"https:\/\/www.muniquintero.cl\/index.php\/wp-json\/wp\/v2\/types\/post"}],"author":[{"embeddable":true,"href":"https:\/\/www.muniquintero.cl\/index.php\/wp-json\/wp\/v2\/users\/7"}],"replies":[{"embeddable":true,"href":"https:\/\/www.muniquintero.cl\/index.php\/wp-json\/wp\/v2\/comments?post=45391"}],"version-history":[{"count":1,"href":"https:\/\/www.muniquintero.cl\/index.php\/wp-json\/wp\/v2\/posts\/45391\/revisions"}],"predecessor-version":[{"id":45395,"href":"https:\/\/www.muniquintero.cl\/index.php\/wp-json\/wp\/v2\/posts\/45391\/revisions\/45395"}],"wp:featuredmedia":[{"embeddable":true,"href":"https:\/\/www.muniquintero.cl\/index.php\/wp-json\/wp\/v2\/media\/45392"}],"wp:attachment":[{"href":"https:\/\/www.muniquintero.cl\/index.php\/wp-json\/wp\/v2\/media?parent=45391"}],"wp:term":[{"taxonomy":"category","embeddable":true,"href":"https:\/\/www.muniquintero.cl\/index.php\/wp-json\/wp\/v2\/categories?post=45391"},{"taxonomy":"post_tag","embeddable":true,"href":"https:\/\/www.muniquintero.cl\/index.php\/wp-json\/wp\/v2\/tags?post=45391"}],"curies":[{"name":"wp","href":"https:\/\/api.w.org\/{rel}","templated":true}]}}