{"id":45379,"date":"2026-03-10T08:47:01","date_gmt":"2026-03-10T12:47:01","guid":{"rendered":"https:\/\/www.muniquintero.cl\/?p=45379"},"modified":"2026-03-10T08:47:01","modified_gmt":"2026-03-10T12:47:01","slug":"mujeres-de-quintero-fueron-reconocidas-por-su-aporte-al-desarrollo-social-de-la-comuna","status":"publish","type":"post","link":"https:\/\/www.muniquintero.cl\/index.php\/2026\/03\/10\/mujeres-de-quintero-fueron-reconocidas-por-su-aporte-al-desarrollo-social-de-la-comuna\/","title":{"rendered":"Mujeres de Quintero fueron reconocidas por su aporte al desarrollo social de la comuna"},"content":{"rendered":"\n<p>El s\u00e1bado 7 de marzo, la Direcci\u00f3n de Desarrollo Comunitario (DIDECO) de la Municipalidad de Quintero realiz\u00f3 en el Sal\u00f3n de Eventos Francisco Coloane la conmemoraci\u00f3n del <strong>D\u00eda Internacional de la Mujer<\/strong>, instancia encabezada por el alcalde <strong>Rolando Silva Fuentes<\/strong>.<\/p>\n\n\n\n<p>La actividad cont\u00f3 adem\u00e1s con la presencia de la directora de DIDECO, <strong>Marianna Herrera<\/strong>, y de los concejales <strong>Gerardo Sandoval, Marco Avenda\u00f1o y Marcelo Vergara<\/strong>, reuniendo a m\u00e1s de <strong>quinientas vecinas provenientes de distintos sectores de la comuna<\/strong>.<\/p>\n\n\n\n<p>En la oportunidad se entregaron reconocimientos a destacadas mujeres de <strong>zonas rurales, Loncura y de la pen\u00ednsula<\/strong>, destacando sus trayectorias y su valioso aporte a la comunidad. Desde la cotidianidad y muchas veces a trav\u00e9s de un trabajo silencioso, estas mujeres han contribuido de manera significativa al fortalecimiento del tejido social y familiar de sus localidades y barrios.<\/p>\n\n\n\n<figure class=\"wp-block-gallery has-nested-images columns-default is-cropped wp-block-gallery-1 is-layout-flex wp-block-gallery-is-layout-flex\">\n<figure class=\"wp-block-image size-large\"><img fetchpriority=\"high\" decoding=\"async\" width=\"1024\" height=\"683\" data-id=\"45381\" src=\"https:\/\/www.muniquintero.cl\/wp-content\/uploads\/2026\/03\/IMG_1808-1024x683.jpg\" alt=\"\" class=\"wp-image-45381\" srcset=\"https:\/\/www.muniquintero.cl\/wp-content\/uploads\/2026\/03\/IMG_1808-1024x683.jpg 1024w, https:\/\/www.muniquintero.cl\/wp-content\/uploads\/2026\/03\/IMG_1808-300x200.jpg 300w, https:\/\/www.muniquintero.cl\/wp-content\/uploads\/2026\/03\/IMG_1808-768x512.jpg 768w, https:\/\/www.muniquintero.cl\/wp-content\/uploads\/2026\/03\/IMG_1808-1536x1024.jpg 1536w, https:\/\/www.muniquintero.cl\/wp-content\/uploads\/2026\/03\/IMG_1808-2048x1365.jpg 2048w\" sizes=\"(max-width: 1024px) 100vw, 1024px\" \/><\/figure>\n\n\n\n<figure class=\"wp-block-image size-large\"><img decoding=\"async\" width=\"1024\" height=\"683\" data-id=\"45383\" src=\"https:\/\/www.muniquintero.cl\/wp-content\/uploads\/2026\/03\/IMG_1814-1024x683.jpg\" alt=\"\" class=\"wp-image-45383\" srcset=\"https:\/\/www.muniquintero.cl\/wp-content\/uploads\/2026\/03\/IMG_1814-1024x683.jpg 1024w, https:\/\/www.muniquintero.cl\/wp-content\/uploads\/2026\/03\/IMG_1814-300x200.jpg 300w, https:\/\/www.muniquintero.cl\/wp-content\/uploads\/2026\/03\/IMG_1814-768x512.jpg 768w, https:\/\/www.muniquintero.cl\/wp-content\/uploads\/2026\/03\/IMG_1814-1536x1024.jpg 1536w, https:\/\/www.muniquintero.cl\/wp-content\/uploads\/2026\/03\/IMG_1814-2048x1365.jpg 2048w\" sizes=\"(max-width: 1024px) 100vw, 1024px\" \/><\/figure>\n\n\n\n<figure class=\"wp-block-image size-large\"><img decoding=\"async\" width=\"1024\" height=\"683\" data-id=\"45384\" src=\"https:\/\/www.muniquintero.cl\/wp-content\/uploads\/2026\/03\/IMG_1824-1024x683.jpg\" alt=\"\" class=\"wp-image-45384\" srcset=\"https:\/\/www.muniquintero.cl\/wp-content\/uploads\/2026\/03\/IMG_1824-1024x683.jpg 1024w, https:\/\/www.muniquintero.cl\/wp-content\/uploads\/2026\/03\/IMG_1824-300x200.jpg 300w, https:\/\/www.muniquintero.cl\/wp-content\/uploads\/2026\/03\/IMG_1824-768x512.jpg 768w, https:\/\/www.muniquintero.cl\/wp-content\/uploads\/2026\/03\/IMG_1824-1536x1024.jpg 1536w, https:\/\/www.muniquintero.cl\/wp-content\/uploads\/2026\/03\/IMG_1824-2048x1365.jpg 2048w\" sizes=\"(max-width: 1024px) 100vw, 1024px\" \/><\/figure>\n\n\n\n<figure class=\"wp-block-image size-large\"><img loading=\"lazy\" decoding=\"async\" width=\"1024\" height=\"683\" data-id=\"45385\" src=\"https:\/\/www.muniquintero.cl\/wp-content\/uploads\/2026\/03\/IMG_1949-1024x683.jpg\" alt=\"\" class=\"wp-image-45385\" srcset=\"https:\/\/www.muniquintero.cl\/wp-content\/uploads\/2026\/03\/IMG_1949-1024x683.jpg 1024w, https:\/\/www.muniquintero.cl\/wp-content\/uploads\/2026\/03\/IMG_1949-300x200.jpg 300w, https:\/\/www.muniquintero.cl\/wp-content\/uploads\/2026\/03\/IMG_1949-768x512.jpg 768w, https:\/\/www.muniquintero.cl\/wp-content\/uploads\/2026\/03\/IMG_1949-1536x1024.jpg 1536w, https:\/\/www.muniquintero.cl\/wp-content\/uploads\/2026\/03\/IMG_1949-2048x1365.jpg 2048w\" sizes=\"(max-width: 1024px) 100vw, 1024px\" \/><\/figure>\n\n\n\n<figure class=\"wp-block-image size-large\"><img loading=\"lazy\" decoding=\"async\" width=\"1024\" height=\"683\" data-id=\"45382\" src=\"https:\/\/www.muniquintero.cl\/wp-content\/uploads\/2026\/03\/IMG_1955-1024x683.jpg\" alt=\"\" class=\"wp-image-45382\" srcset=\"https:\/\/www.muniquintero.cl\/wp-content\/uploads\/2026\/03\/IMG_1955-1024x683.jpg 1024w, https:\/\/www.muniquintero.cl\/wp-content\/uploads\/2026\/03\/IMG_1955-300x200.jpg 300w, https:\/\/www.muniquintero.cl\/wp-content\/uploads\/2026\/03\/IMG_1955-768x512.jpg 768w, https:\/\/www.muniquintero.cl\/wp-content\/uploads\/2026\/03\/IMG_1955-1536x1024.jpg 1536w, https:\/\/www.muniquintero.cl\/wp-content\/uploads\/2026\/03\/IMG_1955-2048x1365.jpg 2048w\" sizes=\"(max-width: 1024px) 100vw, 1024px\" \/><\/figure>\n\n\n\n<figure class=\"wp-block-image size-large\"><img loading=\"lazy\" decoding=\"async\" width=\"1024\" height=\"683\" data-id=\"45386\" src=\"https:\/\/www.muniquintero.cl\/wp-content\/uploads\/2026\/03\/IMG_1967-1024x683.jpg\" alt=\"\" class=\"wp-image-45386\" srcset=\"https:\/\/www.muniquintero.cl\/wp-content\/uploads\/2026\/03\/IMG_1967-1024x683.jpg 1024w, https:\/\/www.muniquintero.cl\/wp-content\/uploads\/2026\/03\/IMG_1967-300x200.jpg 300w, https:\/\/www.muniquintero.cl\/wp-content\/uploads\/2026\/03\/IMG_1967-768x512.jpg 768w, https:\/\/www.muniquintero.cl\/wp-content\/uploads\/2026\/03\/IMG_1967-1536x1024.jpg 1536w, https:\/\/www.muniquintero.cl\/wp-content\/uploads\/2026\/03\/IMG_1967-2048x1365.jpg 2048w\" sizes=\"(max-width: 1024px) 100vw, 1024px\" \/><\/figure>\n\n\n\n<figure class=\"wp-block-image size-large\"><img loading=\"lazy\" decoding=\"async\" width=\"1024\" height=\"683\" data-id=\"45388\" src=\"https:\/\/www.muniquintero.cl\/wp-content\/uploads\/2026\/03\/IMG_1975-1024x683.jpg\" alt=\"\" class=\"wp-image-45388\" srcset=\"https:\/\/www.muniquintero.cl\/wp-content\/uploads\/2026\/03\/IMG_1975-1024x683.jpg 1024w, https:\/\/www.muniquintero.cl\/wp-content\/uploads\/2026\/03\/IMG_1975-300x200.jpg 300w, https:\/\/www.muniquintero.cl\/wp-content\/uploads\/2026\/03\/IMG_1975-768x512.jpg 768w, https:\/\/www.muniquintero.cl\/wp-content\/uploads\/2026\/03\/IMG_1975-1536x1024.jpg 1536w, https:\/\/www.muniquintero.cl\/wp-content\/uploads\/2026\/03\/IMG_1975-2048x1365.jpg 2048w\" sizes=\"(max-width: 1024px) 100vw, 1024px\" \/><\/figure>\n\n\n\n<figure class=\"wp-block-image size-large\"><img loading=\"lazy\" decoding=\"async\" width=\"1024\" height=\"683\" data-id=\"45387\" src=\"https:\/\/www.muniquintero.cl\/wp-content\/uploads\/2026\/03\/IMG_1983-1024x683.jpg\" alt=\"\" class=\"wp-image-45387\" srcset=\"https:\/\/www.muniquintero.cl\/wp-content\/uploads\/2026\/03\/IMG_1983-1024x683.jpg 1024w, https:\/\/www.muniquintero.cl\/wp-content\/uploads\/2026\/03\/IMG_1983-300x200.jpg 300w, https:\/\/www.muniquintero.cl\/wp-content\/uploads\/2026\/03\/IMG_1983-768x512.jpg 768w, https:\/\/www.muniquintero.cl\/wp-content\/uploads\/2026\/03\/IMG_1983-1536x1024.jpg 1536w, https:\/\/www.muniquintero.cl\/wp-content\/uploads\/2026\/03\/IMG_1983-2048x1365.jpg 2048w\" sizes=\"(max-width: 1024px) 100vw, 1024px\" \/><\/figure>\n\n\n\n<figure class=\"wp-block-image size-large\"><img loading=\"lazy\" decoding=\"async\" width=\"1024\" height=\"683\" data-id=\"45389\" src=\"https:\/\/www.muniquintero.cl\/wp-content\/uploads\/2026\/03\/IMG_1987-1024x683.jpg\" alt=\"\" class=\"wp-image-45389\" srcset=\"https:\/\/www.muniquintero.cl\/wp-content\/uploads\/2026\/03\/IMG_1987-1024x683.jpg 1024w, https:\/\/www.muniquintero.cl\/wp-content\/uploads\/2026\/03\/IMG_1987-300x200.jpg 300w, https:\/\/www.muniquintero.cl\/wp-content\/uploads\/2026\/03\/IMG_1987-768x512.jpg 768w, https:\/\/www.muniquintero.cl\/wp-content\/uploads\/2026\/03\/IMG_1987-1536x1024.jpg 1536w, https:\/\/www.muniquintero.cl\/wp-content\/uploads\/2026\/03\/IMG_1987-2048x1365.jpg 2048w\" sizes=\"(max-width: 1024px) 100vw, 1024px\" \/><\/figure>\n<\/figure>\n\n\n\n<p>Las homenajeadas de este a\u00f1o fueron <strong>Claudia R\u00edos, Fany Ibacache Ponce, Mar\u00eda Mu\u00f1oz, Trinidad Far\u00edas, Lorena Margarita Salinas, Katherine Aguilera Rom\u00e1n, Blanca Ben\u00edtez, Sara Cubelli, Paulina Cisternas Vega y Sonia Gonz\u00e1lez Palavecino.<\/strong><\/p>\n\n\n\n<p>Durante la ceremonia, el alcalde <strong>Rolando Silva Fuentes<\/strong> dirigi\u00f3 unas palabras a las asistentes, se\u00f1alando: \u201cEste d\u00eda no solo nos invita a saludar, sino tambi\u00e9n a reflexionar; a reconocer la lucha hist\u00f3rica de tantas mujeres por la igualdad, la dignidad y el respeto. Tambi\u00e9n es una oportunidad para renovar nuestro compromiso con una comuna m\u00e1s justa, m\u00e1s humana y con m\u00e1s oportunidades para todas\u201d.<\/p>\n\n\n\n<p>El jefe comunal agreg\u00f3 que \u201cvaloramos profundamente todo lo que hacen cada d\u00eda, muchas veces con un esfuerzo silencioso, pero con un amor y una fortaleza admirables\u201d.<\/p>\n\n\n\n<p>La jornada tambi\u00e9n incluy\u00f3 presentaciones art\u00edsticas que dieron realce a la conmemoraci\u00f3n. Entre ellas destac\u00f3 la participaci\u00f3n del grupo de danza <strong>Las Torcazas de Loncura<\/strong>, adem\u00e1s de los artistas quinteranos radicados en Argentina <strong>Marcos Mont (Marcos Montecinos)<\/strong> y <strong>Sireneth Montecinos<\/strong>. Asimismo, se presentaron <strong>Anali <\/strong><strong>tributo a Miriam Hern\u00e1ndez<\/strong> y <strong>Calle 4, <\/strong><strong>tributo a Los V\u00e1squez<\/strong>, quienes animaron al p\u00fablico presente.<\/p>\n\n\n\n<p>Finalmente, desde el municipio destacaron que esta ceremonia y los reconocimientos entregados representan <strong>un acto de valoraci\u00f3n y visibilizaci\u00f3n del aporte fundamental que realizan las mujeres de la comuna<\/strong>, cuyo trabajo cotidiano fortalece a las familias, las comunidades y el desarrollo social de Quintero.<\/p>\n","protected":false},"excerpt":{"rendered":"<p>El s\u00e1bado 7 de marzo, la Direcci\u00f3n de Desarrollo Comunitario (DIDECO) de la Municipalidad de Quintero realiz\u00f3 en el Sal\u00f3n de Eventos Francisco Coloane la conmemoraci\u00f3n del D\u00eda Internacional de la Mujer, instancia encabezada por el alcalde Rolando Silva Fuentes. La actividad cont\u00f3 adem\u00e1s con la presencia de la directora de DIDECO, Marianna Herrera, y [&hellip;]<\/p>\n","protected":false},"author":7,"featured_media":45380,"comment_status":"closed","ping_status":"closed","sticky":false,"template":"","format":"standard","meta":{"wds_primary_category":1,"footnotes":""},"categories":[1,2],"tags":[739,25,57],"class_list":["post-45379","post","type-post","status-publish","format-standard","has-post-thumbnail","hentry","category-municipalidad","category-noticias","tag-8m","tag-conmemoracion","tag-mujeres"],"_links":{"self":[{"href":"https:\/\/www.muniquintero.cl\/index.php\/wp-json\/wp\/v2\/posts\/45379","targetHints":{"allow":["GET"]}}],"collection":[{"href":"https:\/\/www.muniquintero.cl\/index.php\/wp-json\/wp\/v2\/posts"}],"about":[{"href":"https:\/\/www.muniquintero.cl\/index.php\/wp-json\/wp\/v2\/types\/post"}],"author":[{"embeddable":true,"href":"https:\/\/www.muniquintero.cl\/index.php\/wp-json\/wp\/v2\/users\/7"}],"replies":[{"embeddable":true,"href":"https:\/\/www.muniquintero.cl\/index.php\/wp-json\/wp\/v2\/comments?post=45379"}],"version-history":[{"count":1,"href":"https:\/\/www.muniquintero.cl\/index.php\/wp-json\/wp\/v2\/posts\/45379\/revisions"}],"predecessor-version":[{"id":45390,"href":"https:\/\/www.muniquintero.cl\/index.php\/wp-json\/wp\/v2\/posts\/45379\/revisions\/45390"}],"wp:featuredmedia":[{"embeddable":true,"href":"https:\/\/www.muniquintero.cl\/index.php\/wp-json\/wp\/v2\/media\/45380"}],"wp:attachment":[{"href":"https:\/\/www.muniquintero.cl\/index.php\/wp-json\/wp\/v2\/media?parent=45379"}],"wp:term":[{"taxonomy":"category","embeddable":true,"href":"https:\/\/www.muniquintero.cl\/index.php\/wp-json\/wp\/v2\/categories?post=45379"},{"taxonomy":"post_tag","embeddable":true,"href":"https:\/\/www.muniquintero.cl\/index.php\/wp-json\/wp\/v2\/tags?post=45379"}],"curies":[{"name":"wp","href":"https:\/\/api.w.org\/{rel}","templated":true}]}}