{"id":45350,"date":"2026-03-05T17:50:16","date_gmt":"2026-03-05T21:50:16","guid":{"rendered":"https:\/\/www.muniquintero.cl\/?p=45350"},"modified":"2026-03-05T17:50:16","modified_gmt":"2026-03-05T21:50:16","slug":"municipio-de-quintero-firma-convenio-de-colaboracion-con-slep-costa-central","status":"publish","type":"post","link":"https:\/\/www.muniquintero.cl\/index.php\/2026\/03\/05\/municipio-de-quintero-firma-convenio-de-colaboracion-con-slep-costa-central\/","title":{"rendered":"Municipio de Quintero firma convenio de colaboraci\u00f3n con SLEP Costa Central"},"content":{"rendered":"\n<p>Este 5 de marzo, el alcalde Rolando Silva Fuentes, y el director ejecutivo del Servicio Local de Educaci\u00f3n P\u00fablica Costa Central, Nelson Z\u00e1rate, firmaron un Convenio de Cooperaci\u00f3n y Colaboraci\u00f3n que establece un marco de trabajo conjunto en beneficio de los estudiantes y las comunidades educativas de la comuna.<\/p>\n\n\n\n<p><strong>\u201cMuy contento, hoy podemos celebrar el Convenio de Cooperaci\u00f3n y Colaboraci\u00f3n entre la Municipalidad de Quintero y el SLEP Costa Central. Como administraci\u00f3n municipal queremos estar siempre atentos a las necesidades de todos los estudiantes de la comuna. Por eso firmamos este convenio, que nos permitir\u00e1 invertir y apoyar a los colegios donde hoy est\u00e1 presente el SLEP Costa Central<\/strong>\u201d, se\u00f1al\u00f3 el alcalde.<\/p>\n\n\n\n<figure class=\"wp-block-audio\"><audio controls src=\"https:\/\/www.muniquintero.cl\/wp-content\/uploads\/2026\/03\/ALCALDE-ROLANDO-SILVA.mp3\"><\/audio><figcaption class=\"wp-element-caption\">Rolando Silva<\/figcaption><\/figure>\n\n\n\n<p>El convenio establece compromisos concretos desde diversas \u00e1reas del municipio, entre ellas apoyo en aseo y mantenci\u00f3n de los establecimientos, educaci\u00f3n ambiental, operativos de salud, seguridad p\u00fablica, actividades comunitarias y traslado de estudiantes desde sectores rurales, entre otras acciones.<\/p>\n\n\n\n<p>Por su parte, el SLEP Costa Central se compromete a promover una educaci\u00f3n de calidad con pertinencia territorial, que permita a los estudiantes acceder a mejores oportunidades de aprendizaje para su desarrollo integral. Asimismo, impulsar\u00e1 acciones para asegurar la continuidad de actividades comunitarias, deportivas y culturales en los inmuebles traspasados al servicio educativo, adem\u00e1s de facilitar el uso de los establecimientos para programas sociales y actividades comunitarias en la comuna.<\/p>\n\n\n\n<figure class=\"wp-block-audio\"><audio controls src=\"https:\/\/www.muniquintero.cl\/wp-content\/uploads\/2026\/03\/DIRECTOR-SLEP-NELSON-ZARATE.mp3\"><\/audio><figcaption class=\"wp-element-caption\">Nelson Z\u00e1rate<\/figcaption><\/figure>\n\n\n\n<p>En el contexto de la implementaci\u00f3n de la Ley N.\u00ba 21.040, que crea el nuevo Sistema de Educaci\u00f3n P\u00fablica, los establecimientos educacionales p\u00fablicos de Quintero pasaron a ser administrados por el SLEP Costa Central, organismo que tambi\u00e9n gestiona la educaci\u00f3n p\u00fablica en Conc\u00f3n, Puchuncav\u00ed y Vi\u00f1a del Mar.<\/p>\n\n\n\n<p>El director ejecutivo del SLEP Costa Central, Nelson Z\u00e1rate, destac\u00f3 la relevancia del acuerdo:<\/p>\n\n\n\n<p><strong>\u201cHoy hemos firmado junto al alcalde Rolando Silva un convenio de colaboraci\u00f3n que contempla diversas acciones que impulsaremos tanto la Municipalidad como el Servicio Local en beneficio de nuestros estudiantes y comunidades educativas, porque la educaci\u00f3n p\u00fablica se construye con el trabajo conjunto entre los municipios y los servicios locales\u201d.<\/strong><\/p>\n\n\n\n<p>Con este convenio, la Municipalidad de Quintero y el SLEP Costa Central buscan fortalecer el trabajo colaborativo en favor de las comunidades educativas de la comuna, promoviendo iniciativas que contribuyan al bienestar, desarrollo y formaci\u00f3n integral de los estudiantes.<\/p>\n","protected":false},"excerpt":{"rendered":"<p>Este 5 de marzo, el alcalde Rolando Silva Fuentes, y el director ejecutivo del Servicio Local de Educaci\u00f3n P\u00fablica Costa Central, Nelson Z\u00e1rate, firmaron un Convenio de Cooperaci\u00f3n y Colaboraci\u00f3n que establece un marco de trabajo conjunto en beneficio de los estudiantes y las comunidades educativas de la comuna. \u201cMuy contento, hoy podemos celebrar el [&hellip;]<\/p>\n","protected":false},"author":7,"featured_media":45353,"comment_status":"closed","ping_status":"closed","sticky":false,"template":"","format":"standard","meta":{"wds_primary_category":1,"footnotes":""},"categories":[1],"tags":[641],"class_list":["post-45350","post","type-post","status-publish","format-standard","has-post-thumbnail","hentry","category-municipalidad","tag-slep"],"_links":{"self":[{"href":"https:\/\/www.muniquintero.cl\/index.php\/wp-json\/wp\/v2\/posts\/45350","targetHints":{"allow":["GET"]}}],"collection":[{"href":"https:\/\/www.muniquintero.cl\/index.php\/wp-json\/wp\/v2\/posts"}],"about":[{"href":"https:\/\/www.muniquintero.cl\/index.php\/wp-json\/wp\/v2\/types\/post"}],"author":[{"embeddable":true,"href":"https:\/\/www.muniquintero.cl\/index.php\/wp-json\/wp\/v2\/users\/7"}],"replies":[{"embeddable":true,"href":"https:\/\/www.muniquintero.cl\/index.php\/wp-json\/wp\/v2\/comments?post=45350"}],"version-history":[{"count":1,"href":"https:\/\/www.muniquintero.cl\/index.php\/wp-json\/wp\/v2\/posts\/45350\/revisions"}],"predecessor-version":[{"id":45354,"href":"https:\/\/www.muniquintero.cl\/index.php\/wp-json\/wp\/v2\/posts\/45350\/revisions\/45354"}],"wp:featuredmedia":[{"embeddable":true,"href":"https:\/\/www.muniquintero.cl\/index.php\/wp-json\/wp\/v2\/media\/45353"}],"wp:attachment":[{"href":"https:\/\/www.muniquintero.cl\/index.php\/wp-json\/wp\/v2\/media?parent=45350"}],"wp:term":[{"taxonomy":"category","embeddable":true,"href":"https:\/\/www.muniquintero.cl\/index.php\/wp-json\/wp\/v2\/categories?post=45350"},{"taxonomy":"post_tag","embeddable":true,"href":"https:\/\/www.muniquintero.cl\/index.php\/wp-json\/wp\/v2\/tags?post=45350"}],"curies":[{"name":"wp","href":"https:\/\/api.w.org\/{rel}","templated":true}]}}