{"id":45286,"date":"2026-02-24T11:03:00","date_gmt":"2026-02-24T15:03:00","guid":{"rendered":"https:\/\/www.muniquintero.cl\/?p=45286"},"modified":"2026-02-24T11:03:00","modified_gmt":"2026-02-24T15:03:00","slug":"con-gran-algarabia-brillo-y-samba-quintero-estrena-exitoso-primer-gran-carnaval-de-verano","status":"publish","type":"post","link":"https:\/\/www.muniquintero.cl\/index.php\/2026\/02\/24\/con-gran-algarabia-brillo-y-samba-quintero-estrena-exitoso-primer-gran-carnaval-de-verano\/","title":{"rendered":"Con gran algarab\u00eda, brillo y samba Quintero estrena exitoso primer gran Carnaval de Verano"},"content":{"rendered":"\n<p>Escuchar Nota Aqu\u00ed<\/p>\n\n\n\n<figure class=\"wp-block-audio\"><audio controls src=\"https:\/\/www.muniquintero.cl\/wp-content\/uploads\/2026\/02\/primer-gran-Carnaval-de-Verano.mp3\"><\/audio><\/figure>\n\n\n\n<p><em>Una multitud disfrut\u00f3 del colorido desfile que recorri\u00f3 el centro de la comuna, marcando el fin de la temporada estival con una promesa de tradici\u00f3n.<\/em><\/p>\n\n\n\n<p>La comuna de Quintero vivi\u00f3 una noche m\u00e1gica y llena de color el pasado s\u00e1bado 21 de febrero con la realizaci\u00f3n de su primer \u00abShow Carnaval\u00bb, un evento que super\u00f3 todas las expectativas al transformar las calles del centro en una aut\u00e9ntica fiesta para despedir la \u201cSemana Quinterana\u201d.<\/p>\n\n\n\n<figure class=\"wp-block-image size-large\"><img fetchpriority=\"high\" decoding=\"async\" width=\"1024\" height=\"576\" src=\"https:\/\/www.muniquintero.cl\/wp-content\/uploads\/2026\/02\/DJI_20260222070733_0247_D.MP4_snapshot_00.14.763.jpg-1024x576.jpeg\" alt=\"\" class=\"wp-image-45290\" srcset=\"https:\/\/www.muniquintero.cl\/wp-content\/uploads\/2026\/02\/DJI_20260222070733_0247_D.MP4_snapshot_00.14.763.jpg-1024x576.jpeg 1024w, https:\/\/www.muniquintero.cl\/wp-content\/uploads\/2026\/02\/DJI_20260222070733_0247_D.MP4_snapshot_00.14.763.jpg-300x169.jpeg 300w, https:\/\/www.muniquintero.cl\/wp-content\/uploads\/2026\/02\/DJI_20260222070733_0247_D.MP4_snapshot_00.14.763.jpg-768x432.jpeg 768w, https:\/\/www.muniquintero.cl\/wp-content\/uploads\/2026\/02\/DJI_20260222070733_0247_D.MP4_snapshot_00.14.763.jpg-1536x864.jpeg 1536w, https:\/\/www.muniquintero.cl\/wp-content\/uploads\/2026\/02\/DJI_20260222070733_0247_D.MP4_snapshot_00.14.763.jpg-2048x1152.jpeg 2048w\" sizes=\"(max-width: 1024px) 100vw, 1024px\" \/><\/figure>\n\n\n\n<p>La cita tuvo como gran protagonista la alegr\u00eda desbordante de los asistentes. El desfile lo encabez\u00f3 una r\u00e9plica del tradicional ferrocarril, \u00edcono de la comuna que a diario lleva a turistas por los paisajes m\u00e1s pintorescos de la zona. Detr\u00e1s de la locomotora, una verdadera explosi\u00f3n de fantas\u00eda tom\u00f3 las calles: gigantescos mu\u00f1ecos desfilaron entre la multitud, convirti\u00e9ndose en el deleite tanto de los m\u00e1s peque\u00f1os como de los adultos, que no dudaron en fotografiarse junto a ellos, la destreza de la capoeira asombr\u00f3 a los asistentes, as\u00ed como el baile nortino de los caporales y el maravilloso tumbar de las batucadas.<\/p>\n\n\n\n<figure class=\"wp-block-image size-large\"><img decoding=\"async\" width=\"1024\" height=\"683\" src=\"https:\/\/www.muniquintero.cl\/wp-content\/uploads\/2026\/02\/IMG_7922.JPG-1024x683.jpeg\" alt=\"\" class=\"wp-image-45288\" srcset=\"https:\/\/www.muniquintero.cl\/wp-content\/uploads\/2026\/02\/IMG_7922.JPG-1024x683.jpeg 1024w, https:\/\/www.muniquintero.cl\/wp-content\/uploads\/2026\/02\/IMG_7922.JPG-300x200.jpeg 300w, https:\/\/www.muniquintero.cl\/wp-content\/uploads\/2026\/02\/IMG_7922.JPG-768x512.jpeg 768w, https:\/\/www.muniquintero.cl\/wp-content\/uploads\/2026\/02\/IMG_7922.JPG-1536x1024.jpeg 1536w, https:\/\/www.muniquintero.cl\/wp-content\/uploads\/2026\/02\/IMG_7922.JPG-2048x1365.jpeg 2048w\" sizes=\"(max-width: 1024px) 100vw, 1024px\" \/><\/figure>\n\n\n\n<p>Sin embargo, la gran sorpresa de la noche lleg\u00f3 con el imponente despliegue de la organizaci\u00f3n de samba. Con un derroche de brillo, plumas y una energ\u00eda contagiosa, los bailarines realizaron un espect\u00e1culo coreogr\u00e1fico de alto nivel que hizo vibrar a los asistentes. El ritmo envolvente de los tambores y la destreza de las <em>passistas<\/em> contagiaron al p\u00fablico, que termin\u00f3 bailando al comp\u00e1s de la m\u00fasica carioca en plena v\u00eda p\u00fablica.<\/p>\n\n\n\n<figure class=\"wp-block-gallery has-nested-images columns-default is-cropped wp-block-gallery-1 is-layout-flex wp-block-gallery-is-layout-flex\">\n<figure class=\"wp-block-image size-large\"><img decoding=\"async\" width=\"1024\" height=\"683\" data-id=\"45292\" src=\"https:\/\/www.muniquintero.cl\/wp-content\/uploads\/2026\/02\/IMG_8031.JPG-1024x683.jpeg\" alt=\"\" class=\"wp-image-45292\" srcset=\"https:\/\/www.muniquintero.cl\/wp-content\/uploads\/2026\/02\/IMG_8031.JPG-1024x683.jpeg 1024w, https:\/\/www.muniquintero.cl\/wp-content\/uploads\/2026\/02\/IMG_8031.JPG-300x200.jpeg 300w, https:\/\/www.muniquintero.cl\/wp-content\/uploads\/2026\/02\/IMG_8031.JPG-768x512.jpeg 768w, https:\/\/www.muniquintero.cl\/wp-content\/uploads\/2026\/02\/IMG_8031.JPG-1536x1024.jpeg 1536w, https:\/\/www.muniquintero.cl\/wp-content\/uploads\/2026\/02\/IMG_8031.JPG-2048x1365.jpeg 2048w\" sizes=\"(max-width: 1024px) 100vw, 1024px\" \/><\/figure>\n\n\n\n<figure class=\"wp-block-image size-large\"><img loading=\"lazy\" decoding=\"async\" width=\"1024\" height=\"683\" data-id=\"45291\" src=\"https:\/\/www.muniquintero.cl\/wp-content\/uploads\/2026\/02\/IMG_8497.JPG-1024x683.jpeg\" alt=\"\" class=\"wp-image-45291\" srcset=\"https:\/\/www.muniquintero.cl\/wp-content\/uploads\/2026\/02\/IMG_8497.JPG-1024x683.jpeg 1024w, https:\/\/www.muniquintero.cl\/wp-content\/uploads\/2026\/02\/IMG_8497.JPG-300x200.jpeg 300w, https:\/\/www.muniquintero.cl\/wp-content\/uploads\/2026\/02\/IMG_8497.JPG-768x512.jpeg 768w, https:\/\/www.muniquintero.cl\/wp-content\/uploads\/2026\/02\/IMG_8497.JPG-1536x1024.jpeg 1536w, https:\/\/www.muniquintero.cl\/wp-content\/uploads\/2026\/02\/IMG_8497.JPG-2048x1365.jpeg 2048w\" sizes=\"(max-width: 1024px) 100vw, 1024px\" \/><\/figure>\n<\/figure>\n\n\n\n<p>Una fiesta aparte fue el desfile de las dos ambulancias que aportan movilidad y urgencia en los Centros de Salud de Loncura y Quintero, y los dos buses adquiridos con financiamiento municipal que permitir\u00e1n el traslado de adultos mayores y nuestros estudiantes.<\/p>\n\n\n\n<figure class=\"wp-block-image size-large\"><img loading=\"lazy\" decoding=\"async\" width=\"1024\" height=\"576\" src=\"https:\/\/www.muniquintero.cl\/wp-content\/uploads\/2026\/02\/DJI_20260222075106_0292_D.MP4_snapshot_00.19.273.jpg-1024x576.jpeg\" alt=\"\" class=\"wp-image-45293\" srcset=\"https:\/\/www.muniquintero.cl\/wp-content\/uploads\/2026\/02\/DJI_20260222075106_0292_D.MP4_snapshot_00.19.273.jpg-1024x576.jpeg 1024w, https:\/\/www.muniquintero.cl\/wp-content\/uploads\/2026\/02\/DJI_20260222075106_0292_D.MP4_snapshot_00.19.273.jpg-300x169.jpeg 300w, https:\/\/www.muniquintero.cl\/wp-content\/uploads\/2026\/02\/DJI_20260222075106_0292_D.MP4_snapshot_00.19.273.jpg-768x432.jpeg 768w, https:\/\/www.muniquintero.cl\/wp-content\/uploads\/2026\/02\/DJI_20260222075106_0292_D.MP4_snapshot_00.19.273.jpg-1536x864.jpeg 1536w, https:\/\/www.muniquintero.cl\/wp-content\/uploads\/2026\/02\/DJI_20260222075106_0292_D.MP4_snapshot_00.19.273.jpg-2048x1152.jpeg 2048w\" sizes=\"(max-width: 1024px) 100vw, 1024px\" \/><\/figure>\n\n\n\n<p>El ambiente festivo fue total, seg\u00fan relataron los propios asistentes. \u201cFelicitar la excelente iniciativa de este primer carnaval aqu\u00ed en Quintero, al alcalde, al Concejo Municipal y la gran sorpresa que nos dio con los buses y las ambulancias. As\u00ed que bien Quintero y a seguir adelante. Gracias a toda la comunidad y en particular a nuestro alcalde.\u201d, coment\u00f3 emocionado un vecino, reflejando el sentir general de una noche que uni\u00f3 a vecinos y visitantes.<\/p>\n\n\n\n<figure class=\"wp-block-audio\"><audio controls src=\"https:\/\/www.muniquintero.cl\/wp-content\/uploads\/2026\/02\/vecino_1.mp3.mp3\"><\/audio><\/figure>\n\n\n\n<p>El alcalde de la comuna, Rolando Silva, presente durante todo el recorrido, hizo un positivo balance de la jornada. \u00abEsto es lo que queremos de Quintero, un Quintero tur\u00edstico y si queremos turismo tenemos que tener estas actividades, un carnaval que se vivi\u00f3 en familia y es lo que queremos plasmar en nuestra comuna, pero depende de ustedes, de nuestra comuna, de los j\u00f3venes, los adultos, los adultos mayores para ma\u00f1ana ser reconocidos como una comuna tur\u00edstica. Quintero tiene las m\u00e1s lindas playas de la regi\u00f3n, pero todo este cambio que queremos nosotros, todo es para nuestros j\u00f3venes, para nuestros comerciantes, nuestros artesanos, eso es lo que queremos de Quintero y hoy se vio reflejado en este carnaval hermoso, transparente, con seguridad, y aqu\u00ed estamos felices, muy felices\u201d, se\u00f1al\u00f3 la autoridad comunal.<\/p>\n\n\n\n<figure class=\"wp-block-image size-large\"><img loading=\"lazy\" decoding=\"async\" width=\"1024\" height=\"683\" src=\"https:\/\/www.muniquintero.cl\/wp-content\/uploads\/2026\/02\/IMG_8634.JPG-1024x683.jpeg\" alt=\"\" class=\"wp-image-45296\" srcset=\"https:\/\/www.muniquintero.cl\/wp-content\/uploads\/2026\/02\/IMG_8634.JPG-1024x683.jpeg 1024w, https:\/\/www.muniquintero.cl\/wp-content\/uploads\/2026\/02\/IMG_8634.JPG-300x200.jpeg 300w, https:\/\/www.muniquintero.cl\/wp-content\/uploads\/2026\/02\/IMG_8634.JPG-768x512.jpeg 768w, https:\/\/www.muniquintero.cl\/wp-content\/uploads\/2026\/02\/IMG_8634.JPG-1536x1024.jpeg 1536w, https:\/\/www.muniquintero.cl\/wp-content\/uploads\/2026\/02\/IMG_8634.JPG-2048x1365.jpeg 2048w\" sizes=\"(max-width: 1024px) 100vw, 1024px\" \/><\/figure>\n\n\n\n<p>Las organizaciones que participaron de este maravilloso evento fueron \u201cCaporal San Gabriel\u201d de Vi\u00f1a del Mar que aport\u00f3 dinamismo y belleza con sus distintivos colores; la fuerza de los \u201cBatuque Achelpen\u201d de la comuna de Puchuncav\u00ed; el tumbe afroarique\u00f1o de \u201cAporte\u00f1ados\u201d de Valpara\u00edso; los inigualables tambores de \u201cKellun\u201d; la hermosa presentaci\u00f3n de los mu\u00f1ecos de \u201cGigantes Sin Fronteras\u201d; el tradicional chinchineo de \u201cCarnaval de los Valles\u201d; los bailes nortinos de la \u201cBanda San Pedro\u201d de Valpara\u00edso; la maravillosa m\u00fasica de los tambores de \u201cTaDemais Batucada\u201d de Quillota; el espectacular despliegue de baile y belleza de la \u201cEscuela De Samba Valpara\u00edso\u201d y la destreza y m\u00fasica de \u201cCapoeira Na\u00e7ao Goitaca\u201d y &nbsp;\u201cCapoeira Bom Caminho\u201d de Quintero.<\/p>\n\n\n\n<p>El evento, que se extendi\u00f3 cerca de las 22:00 horas, culmin\u00f3 con un ambiente de total satisfacci\u00f3n y una promesa de repetir la experiencia. El municipio ya trabaja en la idea de institucionalizar este show, con la firme intenci\u00f3n de convertirlo en la gran tradici\u00f3n de fin de per\u00edodo estival en la comuna de Quintero para los a\u00f1os venideros.<\/p>\n","protected":false},"excerpt":{"rendered":"<p>Escuchar Nota Aqu\u00ed Una multitud disfrut\u00f3 del colorido desfile que recorri\u00f3 el centro de la comuna, marcando el fin de la temporada estival con una promesa de tradici\u00f3n. La comuna de Quintero vivi\u00f3 una noche m\u00e1gica y llena de color el pasado s\u00e1bado 21 de febrero con la realizaci\u00f3n de su primer \u00abShow Carnaval\u00bb, un [&hellip;]<\/p>\n","protected":false},"author":27,"featured_media":45287,"comment_status":"closed","ping_status":"closed","sticky":false,"template":"","format":"standard","meta":{"wds_primary_category":2,"footnotes":""},"categories":[2],"tags":[],"class_list":["post-45286","post","type-post","status-publish","format-standard","has-post-thumbnail","hentry","category-noticias"],"_links":{"self":[{"href":"https:\/\/www.muniquintero.cl\/index.php\/wp-json\/wp\/v2\/posts\/45286","targetHints":{"allow":["GET"]}}],"collection":[{"href":"https:\/\/www.muniquintero.cl\/index.php\/wp-json\/wp\/v2\/posts"}],"about":[{"href":"https:\/\/www.muniquintero.cl\/index.php\/wp-json\/wp\/v2\/types\/post"}],"author":[{"embeddable":true,"href":"https:\/\/www.muniquintero.cl\/index.php\/wp-json\/wp\/v2\/users\/27"}],"replies":[{"embeddable":true,"href":"https:\/\/www.muniquintero.cl\/index.php\/wp-json\/wp\/v2\/comments?post=45286"}],"version-history":[{"count":3,"href":"https:\/\/www.muniquintero.cl\/index.php\/wp-json\/wp\/v2\/posts\/45286\/revisions"}],"predecessor-version":[{"id":45307,"href":"https:\/\/www.muniquintero.cl\/index.php\/wp-json\/wp\/v2\/posts\/45286\/revisions\/45307"}],"wp:featuredmedia":[{"embeddable":true,"href":"https:\/\/www.muniquintero.cl\/index.php\/wp-json\/wp\/v2\/media\/45287"}],"wp:attachment":[{"href":"https:\/\/www.muniquintero.cl\/index.php\/wp-json\/wp\/v2\/media?parent=45286"}],"wp:term":[{"taxonomy":"category","embeddable":true,"href":"https:\/\/www.muniquintero.cl\/index.php\/wp-json\/wp\/v2\/categories?post=45286"},{"taxonomy":"post_tag","embeddable":true,"href":"https:\/\/www.muniquintero.cl\/index.php\/wp-json\/wp\/v2\/tags?post=45286"}],"curies":[{"name":"wp","href":"https:\/\/api.w.org\/{rel}","templated":true}]}}