{"id":45273,"date":"2026-02-17T16:39:18","date_gmt":"2026-02-17T20:39:18","guid":{"rendered":"https:\/\/www.muniquintero.cl\/?p=45273"},"modified":"2026-02-17T16:39:18","modified_gmt":"2026-02-17T20:39:18","slug":"dos-nuevos-minibuses-se-integran-a-la-flota-municipal-de-quintero-para-reforzar-la-atencion-a-la-comunidad","status":"publish","type":"post","link":"https:\/\/www.muniquintero.cl\/index.php\/2026\/02\/17\/dos-nuevos-minibuses-se-integran-a-la-flota-municipal-de-quintero-para-reforzar-la-atencion-a-la-comunidad\/","title":{"rendered":"Dos nuevos minibuses se integran a la flota municipal de Quintero para reforzar la atenci\u00f3n a la comunidad"},"content":{"rendered":"\n<p>Con satisfacci\u00f3n y entusiasmo, el alcalde de Quintero, Rolando Silva Fuentes, junto al Concejo Municipal, recibi\u00f3 el lunes 16 de febrero dos nuevos minibuses adquiridos por el municipio, los que permitir\u00e1n fortalecer la atenci\u00f3n de los requerimientos de transporte de las distintas organizaciones sociales de la comuna.<\/p>\n\n\n\n<p>Son dos minibuses Hyundai nuevos, con capacidad para 32 pasajeros, gestionados por SECPLAN y la Oficina de Movilizaci\u00f3n Municipal, destinados a responder a la alta demanda de transporte municipal de la comunidad de Quintero.<\/p>\n\n\n\n<figure class=\"wp-block-image size-large\"><img fetchpriority=\"high\" decoding=\"async\" width=\"1024\" height=\"683\" src=\"https:\/\/www.muniquintero.cl\/wp-content\/uploads\/2026\/02\/IMG_0043-1024x683.jpg\" alt=\"\" class=\"wp-image-45275\" srcset=\"https:\/\/www.muniquintero.cl\/wp-content\/uploads\/2026\/02\/IMG_0043-1024x683.jpg 1024w, https:\/\/www.muniquintero.cl\/wp-content\/uploads\/2026\/02\/IMG_0043-300x200.jpg 300w, https:\/\/www.muniquintero.cl\/wp-content\/uploads\/2026\/02\/IMG_0043-768x512.jpg 768w, https:\/\/www.muniquintero.cl\/wp-content\/uploads\/2026\/02\/IMG_0043-1536x1024.jpg 1536w, https:\/\/www.muniquintero.cl\/wp-content\/uploads\/2026\/02\/IMG_0043-2048x1365.jpg 2048w\" sizes=\"(max-width: 1024px) 100vw, 1024px\" \/><\/figure>\n\n\n\n<figure class=\"wp-block-audio\"><audio controls src=\"https:\/\/www.muniquintero.cl\/wp-content\/uploads\/2026\/02\/ROLANDO-SILVA-MINIBUSES.mp3\"><\/audio><figcaption class=\"wp-element-caption\">Rolando Silva<\/figcaption><\/figure>\n\n\n\n<p>En la ocasi\u00f3n, el alcalde Rolando Silva Fuentes destac\u00f3 la importancia de esta incorporaci\u00f3n, se\u00f1alando que \u201choy se integran dos buses de 32 asientos que estar\u00e1n al servicio de nuestros adultos mayores, deportistas, estudiantes y, en general, de todas las personas de la comuna que lo requieran\u201d.<\/p>\n\n\n\n<p>Asimismo, la autoridad comunal recalc\u00f3 que estos recursos fueron aprobados por el Concejo Municipal, haciendo un llamado a la comunidad a cuidarlos, ya que \u201cson parte del patrimonio de la comuna de Quintero\u201d. En ese sentido, enfatiz\u00f3 que se trata de \u201cuna incorporaci\u00f3n muy relevante para el beneficio de la comunidad, ya que son buses a\u00f1o 2025, marca Hyundai, que cumplen con todas las normativas vigentes en materia de emisiones contaminantes\u201d.<\/p>\n\n\n\n<figure class=\"wp-block-image size-large\"><img decoding=\"async\" width=\"1024\" height=\"683\" src=\"https:\/\/www.muniquintero.cl\/wp-content\/uploads\/2026\/02\/IMG_0040-1024x683.jpg\" alt=\"\" class=\"wp-image-45276\" srcset=\"https:\/\/www.muniquintero.cl\/wp-content\/uploads\/2026\/02\/IMG_0040-1024x683.jpg 1024w, https:\/\/www.muniquintero.cl\/wp-content\/uploads\/2026\/02\/IMG_0040-300x200.jpg 300w, https:\/\/www.muniquintero.cl\/wp-content\/uploads\/2026\/02\/IMG_0040-768x512.jpg 768w, https:\/\/www.muniquintero.cl\/wp-content\/uploads\/2026\/02\/IMG_0040-1536x1024.jpg 1536w, https:\/\/www.muniquintero.cl\/wp-content\/uploads\/2026\/02\/IMG_0040-2048x1365.jpg 2048w\" sizes=\"(max-width: 1024px) 100vw, 1024px\" \/><\/figure>\n\n\n\n<p>El proyecto fue licitado durante los meses de noviembre y diciembre de 2025 y, a partir de su entrega oficial, los minibuses entran de inmediato en funcionamiento, ya que cuentan con toda su documentaci\u00f3n al d\u00eda, incluyendo placa patente, revisi\u00f3n t\u00e9cnica y tarjetas de combustible.<\/p>\n\n\n\n<p>Con esta adquisici\u00f3n, la Municipalidad de Quintero refuerza su compromiso con el fortalecimiento de los servicios municipales y con el apoyo permanente a las organizaciones sociales, promoviendo una comuna m\u00e1s conectada, inclusiva y al servicio de sus vecinos y vecinas.<\/p>\n","protected":false},"excerpt":{"rendered":"<p>Con satisfacci\u00f3n y entusiasmo, el alcalde de Quintero, Rolando Silva Fuentes, junto al Concejo Municipal, recibi\u00f3 el lunes 16 de febrero dos nuevos minibuses adquiridos por el municipio, los que permitir\u00e1n fortalecer la atenci\u00f3n de los requerimientos de transporte de las distintas organizaciones sociales de la comuna. Son dos minibuses Hyundai nuevos, con capacidad para [&hellip;]<\/p>\n","protected":false},"author":7,"featured_media":45274,"comment_status":"closed","ping_status":"closed","sticky":false,"template":"","format":"standard","meta":{"wds_primary_category":1,"footnotes":""},"categories":[1,2],"tags":[735,113],"class_list":["post-45273","post","type-post","status-publish","format-standard","has-post-thumbnail","hentry","category-municipalidad","category-noticias","tag-minibuses","tag-transporte"],"_links":{"self":[{"href":"https:\/\/www.muniquintero.cl\/index.php\/wp-json\/wp\/v2\/posts\/45273","targetHints":{"allow":["GET"]}}],"collection":[{"href":"https:\/\/www.muniquintero.cl\/index.php\/wp-json\/wp\/v2\/posts"}],"about":[{"href":"https:\/\/www.muniquintero.cl\/index.php\/wp-json\/wp\/v2\/types\/post"}],"author":[{"embeddable":true,"href":"https:\/\/www.muniquintero.cl\/index.php\/wp-json\/wp\/v2\/users\/7"}],"replies":[{"embeddable":true,"href":"https:\/\/www.muniquintero.cl\/index.php\/wp-json\/wp\/v2\/comments?post=45273"}],"version-history":[{"count":1,"href":"https:\/\/www.muniquintero.cl\/index.php\/wp-json\/wp\/v2\/posts\/45273\/revisions"}],"predecessor-version":[{"id":45278,"href":"https:\/\/www.muniquintero.cl\/index.php\/wp-json\/wp\/v2\/posts\/45273\/revisions\/45278"}],"wp:featuredmedia":[{"embeddable":true,"href":"https:\/\/www.muniquintero.cl\/index.php\/wp-json\/wp\/v2\/media\/45274"}],"wp:attachment":[{"href":"https:\/\/www.muniquintero.cl\/index.php\/wp-json\/wp\/v2\/media?parent=45273"}],"wp:term":[{"taxonomy":"category","embeddable":true,"href":"https:\/\/www.muniquintero.cl\/index.php\/wp-json\/wp\/v2\/categories?post=45273"},{"taxonomy":"post_tag","embeddable":true,"href":"https:\/\/www.muniquintero.cl\/index.php\/wp-json\/wp\/v2\/tags?post=45273"}],"curies":[{"name":"wp","href":"https:\/\/api.w.org\/{rel}","templated":true}]}}