{"id":45265,"date":"2026-02-17T15:41:01","date_gmt":"2026-02-17T19:41:01","guid":{"rendered":"https:\/\/www.muniquintero.cl\/?p=45265"},"modified":"2026-02-17T15:41:01","modified_gmt":"2026-02-17T19:41:01","slug":"un-sueno-de-102-anos-se-hace-realidad-club-alonso-de-quintero-recibe-las-llaves-de-su-primera-sede-social","status":"publish","type":"post","link":"https:\/\/www.muniquintero.cl\/index.php\/2026\/02\/17\/un-sueno-de-102-anos-se-hace-realidad-club-alonso-de-quintero-recibe-las-llaves-de-su-primera-sede-social\/","title":{"rendered":"Un sue\u00f1o de 102 a\u00f1os se hace realidad: Club Alonso de Quintero recibe las llaves de su primera sede social"},"content":{"rendered":"\n<p><em><strong>En una emotiva ceremonia cargada de historia y l\u00e1grimas de emoci\u00f3n, el club deportivo m\u00e1s antiguo de Quintero finalmente tiene un hogar propio despu\u00e9s de m\u00e1s de un siglo de existencia.<\/strong><\/em><\/p>\n\n\n\n<p>Con aplausos interminables y emociones a flor de piel, el Club Deportivo Alonso de Quintero vivi\u00f3 el pasado jueves 12 de febrero uno de los d\u00edas m\u00e1s importantes de sus 102 a\u00f1os de historia, la entrega oficial de las llaves de su primera sede social.<\/p>\n\n\n\n<p>La ceremonia, encabezada por el alcalde Rolando Silva Fuentes, se transform\u00f3 en un verdadero hito para esta instituci\u00f3n perteneciente a la Asociaci\u00f3n Nacional de F\u00fatbol Amateur (ANFA), que el pasado 24 de enero cumpli\u00f3 m\u00e1s de un siglo de existencia y que, por primera vez, cuenta con un espacio propio para sus socios y socias.<\/p>\n\n\n\n<figure class=\"wp-block-audio\"><audio controls src=\"https:\/\/www.muniquintero.cl\/wp-content\/uploads\/2026\/02\/alcalde_cun\u0303a.mp3\"><\/audio><figcaption class=\"wp-element-caption\">Rolando Silva<\/figcaption><\/figure>\n\n\n\n<p>\u00abEstoy muy contento de entregar las llaves de esta sede que empez\u00f3 su proceso hace mucho tiempo. Es un proyecto en conjunto con el Gobierno Regional. Hoy entregamos este espacio a los dirigentes, a los socios y a sus familias para que ellos cumplan su sue\u00f1o de tener su casa\u00bb, expres\u00f3 emocionado el edil durante su discurso, donde tambi\u00e9n record\u00f3 a aquellos dirigentes y socios que partieron sin ver este anhelo cumplido e indic\u00f3 que el municipio vela por cada uno de los deportes comunales y se alegra por sus \u00e9xitos.<\/p>\n\n\n\n<p>El municipio no solo hizo entrega del inmueble, sino que tambi\u00e9n proporcion\u00f3 un comodato municipal con sillas y mesas, permitiendo que la instituci\u00f3n pueda postular a futuros proyectos para seguir equipando su tan ansiado hogar.<\/p>\n\n\n\n<figure class=\"wp-block-image size-large\"><img fetchpriority=\"high\" decoding=\"async\" width=\"1024\" height=\"679\" src=\"https:\/\/www.muniquintero.cl\/wp-content\/uploads\/2026\/02\/alcalde_pta_irmaVillalobos_.jpg-1024x679.jpeg\" alt=\"\" class=\"wp-image-45271\" srcset=\"https:\/\/www.muniquintero.cl\/wp-content\/uploads\/2026\/02\/alcalde_pta_irmaVillalobos_.jpg-1024x679.jpeg 1024w, https:\/\/www.muniquintero.cl\/wp-content\/uploads\/2026\/02\/alcalde_pta_irmaVillalobos_.jpg-300x199.jpeg 300w, https:\/\/www.muniquintero.cl\/wp-content\/uploads\/2026\/02\/alcalde_pta_irmaVillalobos_.jpg-768x509.jpeg 768w, https:\/\/www.muniquintero.cl\/wp-content\/uploads\/2026\/02\/alcalde_pta_irmaVillalobos_.jpg-1536x1018.jpeg 1536w, https:\/\/www.muniquintero.cl\/wp-content\/uploads\/2026\/02\/alcalde_pta_irmaVillalobos_.jpg-2048x1358.jpeg 2048w\" sizes=\"(max-width: 1024px) 100vw, 1024px\" \/><\/figure>\n\n\n\n<p><strong>L\u00e1grimas de alegr\u00eda y agradecimiento<\/strong><\/p>\n\n\n\n<p>Con la voz quebrada y los ojos humedecidos, la presidenta del club, Erika Pereira, manifest\u00f3 su emoci\u00f3n: \u00abEstoy muy emocionada de tener esta sede. Fueron muchos a\u00f1os de espera, pero por fin esta sede sali\u00f3 y como club estamos muy contentos. No hay palabras para demostrar esta emoci\u00f3n porque somos el club m\u00e1s antiguo de Quintero, cumplimos 102 a\u00f1os y es primera vez que tenemos una sede. Estamos muy felices\u00bb.<\/p>\n\n\n\n<figure class=\"wp-block-audio\"><audio controls src=\"https:\/\/www.muniquintero.cl\/wp-content\/uploads\/2026\/02\/ErikaPereira.mp3.mp3\"><\/audio><figcaption class=\"wp-element-caption\">Erika Pereira<\/figcaption><\/figure>\n\n\n\n<p>El sentimiento se replicaba en cada rinc\u00f3n del nuevo espacio. Carlos Vargas, jefe de la barra que acompa\u00f1a al equipo en cada partido, no pudo ocultar su orgullo: \u00abComo club nos sentimos orgullosos de tener esta sede. Agradecemos a nuestro alcalde Rolando Silva, porque esperamos muchos a\u00f1os para obtener este espacio. Me siento emocionado por el club porque soy socio desde los 18 a\u00f1os. Agradezco a todos los socios porque ahora tenemos nuestro lugar para los ni\u00f1os, para nosotros, para nuestros nietos\u00bb.<\/p>\n\n\n\n<figure class=\"wp-block-audio\"><audio controls src=\"https:\/\/www.muniquintero.cl\/wp-content\/uploads\/2026\/02\/CarlosVargas.mp3\"><\/audio><figcaption class=\"wp-element-caption\">Carlos Vargas<\/figcaption><\/figure>\n\n\n\n<p>La presidenta de la Asociaci\u00f3n de F\u00fatbol de Quintero, Irma Villalobos, quiso destacar la figura de quienes hicieron posible este sue\u00f1o: \u00abMe siento orgullosa de inaugurar esta sede junto al alcalde y a la presidenta del club Alonso. C\u00f3mo no recordar a Carlos Leiva, uno de los gestores que quer\u00eda que el Club Alonso tuviera su sede. Creo que desde el cielo debe estar feliz porque se cumpli\u00f3 el sue\u00f1o que \u00e9l ten\u00eda\u00bb.<\/p>\n\n\n\n<figure class=\"wp-block-audio\"><audio controls src=\"https:\/\/www.muniquintero.cl\/wp-content\/uploads\/2026\/02\/irmaVillalobos.mp3\"><\/audio><figcaption class=\"wp-element-caption\">Irma Villalobos<\/figcaption><\/figure>\n\n\n\n<p>Villalobos valor\u00f3 adem\u00e1s el impacto que esto tiene para el f\u00fatbol local: \u00abFeliz de representar a la Asociaci\u00f3n de F\u00fatbol de Quintero y feliz que ahora todos los clubes de la Asociaci\u00f3n tengan sede, porque pueden seguir creciendo cada d\u00eda m\u00e1s teniendo casa\u00bb.<\/p>\n\n\n\n<p>La jornada concluy\u00f3 con dirigentes, socios y familias compartiendo en lo que desde ahora es su lugar, su espacio y, finalmente, su sue\u00f1o cumplido despu\u00e9s de 102 a\u00f1os de espera.<\/p>\n","protected":false},"excerpt":{"rendered":"<p>En una emotiva ceremonia cargada de historia y l\u00e1grimas de emoci\u00f3n, el club deportivo m\u00e1s antiguo de Quintero finalmente tiene un hogar propio despu\u00e9s de m\u00e1s de un siglo de existencia. Con aplausos interminables y emociones a flor de piel, el Club Deportivo Alonso de Quintero vivi\u00f3 el pasado jueves 12 de febrero uno de [&hellip;]<\/p>\n","protected":false},"author":7,"featured_media":45266,"comment_status":"closed","ping_status":"closed","sticky":false,"template":"","format":"standard","meta":{"wds_primary_category":2,"footnotes":""},"categories":[1,2],"tags":[734,465,358],"class_list":["post-45265","post","type-post","status-publish","format-standard","has-post-thumbnail","hentry","category-municipalidad","category-noticias","tag-club-alonso-de-quintero","tag-futbol-2","tag-sede-social"],"_links":{"self":[{"href":"https:\/\/www.muniquintero.cl\/index.php\/wp-json\/wp\/v2\/posts\/45265","targetHints":{"allow":["GET"]}}],"collection":[{"href":"https:\/\/www.muniquintero.cl\/index.php\/wp-json\/wp\/v2\/posts"}],"about":[{"href":"https:\/\/www.muniquintero.cl\/index.php\/wp-json\/wp\/v2\/types\/post"}],"author":[{"embeddable":true,"href":"https:\/\/www.muniquintero.cl\/index.php\/wp-json\/wp\/v2\/users\/7"}],"replies":[{"embeddable":true,"href":"https:\/\/www.muniquintero.cl\/index.php\/wp-json\/wp\/v2\/comments?post=45265"}],"version-history":[{"count":1,"href":"https:\/\/www.muniquintero.cl\/index.php\/wp-json\/wp\/v2\/posts\/45265\/revisions"}],"predecessor-version":[{"id":45272,"href":"https:\/\/www.muniquintero.cl\/index.php\/wp-json\/wp\/v2\/posts\/45265\/revisions\/45272"}],"wp:featuredmedia":[{"embeddable":true,"href":"https:\/\/www.muniquintero.cl\/index.php\/wp-json\/wp\/v2\/media\/45266"}],"wp:attachment":[{"href":"https:\/\/www.muniquintero.cl\/index.php\/wp-json\/wp\/v2\/media?parent=45265"}],"wp:term":[{"taxonomy":"category","embeddable":true,"href":"https:\/\/www.muniquintero.cl\/index.php\/wp-json\/wp\/v2\/categories?post=45265"},{"taxonomy":"post_tag","embeddable":true,"href":"https:\/\/www.muniquintero.cl\/index.php\/wp-json\/wp\/v2\/tags?post=45265"}],"curies":[{"name":"wp","href":"https:\/\/api.w.org\/{rel}","templated":true}]}}