{"id":44279,"date":"2025-08-27T17:32:07","date_gmt":"2025-08-27T21:32:07","guid":{"rendered":"https:\/\/www.muniquintero.cl\/?p=44279"},"modified":"2025-08-27T17:47:15","modified_gmt":"2025-08-27T21:47:15","slug":"concejo-municipal-inicia-el-estudio-de-los-proyectos-de-las-metas-institucionales-para-mejorar-la-gestion-municipal-ano-2025","status":"publish","type":"post","link":"https:\/\/www.muniquintero.cl\/index.php\/2025\/08\/27\/concejo-municipal-inicia-el-estudio-de-los-proyectos-de-las-metas-institucionales-para-mejorar-la-gestion-municipal-ano-2025\/","title":{"rendered":"CONCEJO MUNICIPAL INICIA EL ESTUDIO DE LOS PROYECTOS DE LAS METAS INSTITUCIONALES PARA MEJORAR LA GESTI\u00d3N MUNICIPAL A\u00d1O 2025"},"content":{"rendered":"\n<p>Como ocurre todos los a\u00f1os en los municipios, el Concejo Municipal de Quintero, a trav\u00e9s de la Comisi\u00f3n de Legislaci\u00f3n y R\u00e9gimen Interno, que dirige el concejal Gerardo Sandoval Latrille, inici\u00f3 el proceso de estudio de las metas ligadas al mejoramiento de la gesti\u00f3n, A\u00f1o 2025.<\/p>\n\n\n\n<figure class=\"wp-block-image size-large\"><img fetchpriority=\"high\" decoding=\"async\" width=\"1024\" height=\"768\" src=\"https:\/\/www.muniquintero.cl\/wp-content\/uploads\/2025\/08\/WhatsApp-Image-2025-08-27-at-17.08.10-1024x768.jpeg\" alt=\"\" class=\"wp-image-44280\" srcset=\"https:\/\/www.muniquintero.cl\/wp-content\/uploads\/2025\/08\/WhatsApp-Image-2025-08-27-at-17.08.10-1024x768.jpeg 1024w, https:\/\/www.muniquintero.cl\/wp-content\/uploads\/2025\/08\/WhatsApp-Image-2025-08-27-at-17.08.10-300x225.jpeg 300w, https:\/\/www.muniquintero.cl\/wp-content\/uploads\/2025\/08\/WhatsApp-Image-2025-08-27-at-17.08.10-768x576.jpeg 768w, https:\/\/www.muniquintero.cl\/wp-content\/uploads\/2025\/08\/WhatsApp-Image-2025-08-27-at-17.08.10.jpeg 1280w\" sizes=\"(max-width: 1024px) 100vw, 1024px\" \/><\/figure>\n\n\n\n<p>Es as\u00ed como este lunes 25, en la Comisi\u00f3n N\u00b0 20 de Legislaci\u00f3n y R\u00e9gimen interno se alcanzaron a revisar las presentadas por el municipio en general y las de cuatro departamentos, para continuar el martes 2 de septiembre con el tema. Todas estas propuestas est\u00e1n siendo presentadas a la comisi\u00f3n por el secretario de la Comisi\u00f3n Evaluadora, el abogado V\u00edctor Hugo Fern\u00e1ndez Contreras.<\/p>\n\n\n\n<p>Cabe destacar que las metas institucionales en una municipalidad, vinculadas al \u00abMEJORAMIENTO DE LA GESTI\u00d3N\u00bb, son&nbsp;objetivos espec\u00edficos, medibles, alcanzables, relevantes y con un plazo determinado que la municipalidad se propone cumplir para mejorar su desempe\u00f1o y la calidad de los servicios que ofrece a la ciudadan\u00eda.&nbsp;<\/p>\n\n\n\n<p>Estos objetivos pueden abarcar todas las \u00e1reas que la ley Org\u00e1nica Constitucional de Municipalidades le entrega a la instituci\u00f3n edilicia y deben ser creativas e innovadoras para un mejor desempe\u00f1o, y est\u00e1n ligados a un sistema que eval\u00faa de su cumplimiento en tres medidas: Alta, Media y Baja prioridad. Consultado el concejal Gerardo Sandoval, se\u00f1al\u00f3 que en esta oportunidad se plantea instalar una oficina de informaci\u00f3n tur\u00edstica en el Terminal de Buses, ampliar el Museo Quintero Vive, charlas de capacitaci\u00f3n de algunas leyes que se deben conocer, entre otros temas.<\/p>\n","protected":false},"excerpt":{"rendered":"<p>Como ocurre todos los a\u00f1os en los municipios, el Concejo Municipal de Quintero, a trav\u00e9s de la Comisi\u00f3n de Legislaci\u00f3n y R\u00e9gimen Interno, que dirige el concejal Gerardo Sandoval Latrille, inici\u00f3 el proceso de estudio de las metas ligadas al mejoramiento de la gesti\u00f3n, A\u00f1o 2025. Es as\u00ed como este lunes 25, en la Comisi\u00f3n [&hellip;]<\/p>\n","protected":false},"author":12,"featured_media":44280,"comment_status":"closed","ping_status":"closed","sticky":false,"template":"","format":"standard","meta":{"wds_primary_category":0,"footnotes":""},"categories":[2],"tags":[],"class_list":["post-44279","post","type-post","status-publish","format-standard","has-post-thumbnail","hentry","category-noticias"],"_links":{"self":[{"href":"https:\/\/www.muniquintero.cl\/index.php\/wp-json\/wp\/v2\/posts\/44279","targetHints":{"allow":["GET"]}}],"collection":[{"href":"https:\/\/www.muniquintero.cl\/index.php\/wp-json\/wp\/v2\/posts"}],"about":[{"href":"https:\/\/www.muniquintero.cl\/index.php\/wp-json\/wp\/v2\/types\/post"}],"author":[{"embeddable":true,"href":"https:\/\/www.muniquintero.cl\/index.php\/wp-json\/wp\/v2\/users\/12"}],"replies":[{"embeddable":true,"href":"https:\/\/www.muniquintero.cl\/index.php\/wp-json\/wp\/v2\/comments?post=44279"}],"version-history":[{"count":3,"href":"https:\/\/www.muniquintero.cl\/index.php\/wp-json\/wp\/v2\/posts\/44279\/revisions"}],"predecessor-version":[{"id":44282,"href":"https:\/\/www.muniquintero.cl\/index.php\/wp-json\/wp\/v2\/posts\/44279\/revisions\/44282"}],"wp:featuredmedia":[{"embeddable":true,"href":"https:\/\/www.muniquintero.cl\/index.php\/wp-json\/wp\/v2\/media\/44280"}],"wp:attachment":[{"href":"https:\/\/www.muniquintero.cl\/index.php\/wp-json\/wp\/v2\/media?parent=44279"}],"wp:term":[{"taxonomy":"category","embeddable":true,"href":"https:\/\/www.muniquintero.cl\/index.php\/wp-json\/wp\/v2\/categories?post=44279"},{"taxonomy":"post_tag","embeddable":true,"href":"https:\/\/www.muniquintero.cl\/index.php\/wp-json\/wp\/v2\/tags?post=44279"}],"curies":[{"name":"wp","href":"https:\/\/api.w.org\/{rel}","templated":true}]}}