{"id":43497,"date":"2025-06-30T15:21:52","date_gmt":"2025-06-30T19:21:52","guid":{"rendered":"https:\/\/www.muniquintero.cl\/?p=43497"},"modified":"2025-06-30T15:21:52","modified_gmt":"2025-06-30T19:21:52","slug":"comunicado-publico-traspaso-de-la-educacion-municipal-al-slep-costa-central","status":"publish","type":"post","link":"https:\/\/www.muniquintero.cl\/index.php\/2025\/06\/30\/comunicado-publico-traspaso-de-la-educacion-municipal-al-slep-costa-central\/","title":{"rendered":"Comunicado P\u00fablico: Traspaso de la Educaci\u00f3n Municipal al SLEP Costa Central"},"content":{"rendered":"\n<p>Queridas vecinas y vecinos,<\/p>\n\n\n\n<p>Querida Comunidad Educativa de Quintero:<\/p>\n\n\n\n<p>Hoy vivimos un momento hist\u00f3rico para nuestra comuna y para la educaci\u00f3n p\u00fablica en Chile. A partir del 1 de julio y a la vuelta de vacaciones, nuestros liceos, colegios y jardines infantiles \u2014tanto urbanos como rurales\u2014 pasan oficialmente a formar parte del Servicio Local de Educaci\u00f3n P\u00fablica (SLEP) Costa Central, junto a las comunas de Puchuncav\u00ed, Conc\u00f3n y Vi\u00f1a del Mar que integran este nuevo territorio educativo.<\/p>\n\n\n\n<p>Este traspaso marca el cierre de una etapa importante y el comienzo de una nueva forma de administrar la educaci\u00f3n p\u00fablica, y que nuestra administracion ha garantizado siempre con calidad, equidad y mejores condiciones para el aprendizaje y desarrollo integral de nuestros ni\u00f1os, ni\u00f1as y j\u00f3venes.<\/p>\n\n\n\n<p>Para esta administraci\u00f3n municipal, para todo el equipo de la Direcci\u00f3n de Administraci\u00f3n de Educaci\u00f3n Municipal (DAEM), y para quienes han trabajado por a\u00f1os con vocaci\u00f3n en nuestras aulas, oficinas, patios y jardines, este momento es profundamente emotivo. Hemos sido testigos del esfuerzo diario de docentes, asistentes de la educaci\u00f3n, directivos, profesionales, administrativos y auxiliares. Su compromiso con la educaci\u00f3n de Quintero ha sido y seguir\u00e1 siendo el pilar fundamental de nuestra comunidad.<\/p>\n\n\n\n<p>Queremos informar a todas y todos los <strong>docentes, asistentes de la educaci\u00f3n y personal de jardines infantiles que las remuneraciones correspondientes al mes de junio, incluidas las cotizaciones previsionales, fueron pagadas de forma \u00edntegra y oportuna antes de la fecha de traspaso.<\/strong> Nuestra responsabilidad con quienes forman parte de este sistema no termina con el traspaso: estaremos acompa\u00f1ando este proceso siempre por el bien de nuestras familas Quinteranas.<\/p>\n\n\n\n<p>Porque creemos en una educaci\u00f3n digna, inclusiva y con sentido de futuro, como Municipalidad seguiremos atentos, vigilantes y disponibles para colaborar con el SLEP Costa Central. Seguiremos luchando por alcanzar el est\u00e1ndar educativo que siempre hemos so\u00f1ado para nuestras hijas e hijos, con espacios dignos, equipos fortalecidos y aprendizajes significativos.<\/p>\n\n\n\n<p>A todas las familias, a los trabajadores y trabajadoras de la educaci\u00f3n, y especialmente a nuestras y nuestros estudiantes, les decimos con esperanza: <strong>no est\u00e1n solos ni solas en este proceso. Esta Municipalidad seguir\u00e1 de pie, apoyando cada transformaci\u00f3n que signifique avanzar hacia una mejor educaci\u00f3n para Quintero<\/strong>.<\/p>\n\n\n\n<p>Con afecto y compromiso,<\/p>\n\n\n\n<p class=\"has-text-align-center\">Rolando Silva Fuentes<\/p>\n\n\n\n<p class=\"has-text-align-center\"><strong>Alcalde <\/strong><\/p>\n\n\n\n<p class=\"has-text-align-center\"><strong>Ilustre Municipalidad de Quintero<\/strong><\/p>\n\n\n\n<p><\/p>\n","protected":false},"excerpt":{"rendered":"<p>Queridas vecinas y vecinos, Querida Comunidad Educativa de Quintero: Hoy vivimos un momento hist\u00f3rico para nuestra comuna y para la educaci\u00f3n p\u00fablica en Chile. A partir del 1 de julio y a la vuelta de vacaciones, nuestros liceos, colegios y jardines infantiles \u2014tanto urbanos como rurales\u2014 pasan oficialmente a formar parte del Servicio Local de [&hellip;]<\/p>\n","protected":false},"author":7,"featured_media":43498,"comment_status":"closed","ping_status":"closed","sticky":false,"template":"","format":"standard","meta":{"wds_primary_category":2,"footnotes":""},"categories":[1,2],"tags":[101,642,641],"class_list":["post-43497","post","type-post","status-publish","format-standard","has-post-thumbnail","hentry","category-municipalidad","category-noticias","tag-daem","tag-educacion-municipal","tag-slep"],"_links":{"self":[{"href":"https:\/\/www.muniquintero.cl\/index.php\/wp-json\/wp\/v2\/posts\/43497","targetHints":{"allow":["GET"]}}],"collection":[{"href":"https:\/\/www.muniquintero.cl\/index.php\/wp-json\/wp\/v2\/posts"}],"about":[{"href":"https:\/\/www.muniquintero.cl\/index.php\/wp-json\/wp\/v2\/types\/post"}],"author":[{"embeddable":true,"href":"https:\/\/www.muniquintero.cl\/index.php\/wp-json\/wp\/v2\/users\/7"}],"replies":[{"embeddable":true,"href":"https:\/\/www.muniquintero.cl\/index.php\/wp-json\/wp\/v2\/comments?post=43497"}],"version-history":[{"count":1,"href":"https:\/\/www.muniquintero.cl\/index.php\/wp-json\/wp\/v2\/posts\/43497\/revisions"}],"predecessor-version":[{"id":43499,"href":"https:\/\/www.muniquintero.cl\/index.php\/wp-json\/wp\/v2\/posts\/43497\/revisions\/43499"}],"wp:featuredmedia":[{"embeddable":true,"href":"https:\/\/www.muniquintero.cl\/index.php\/wp-json\/wp\/v2\/media\/43498"}],"wp:attachment":[{"href":"https:\/\/www.muniquintero.cl\/index.php\/wp-json\/wp\/v2\/media?parent=43497"}],"wp:term":[{"taxonomy":"category","embeddable":true,"href":"https:\/\/www.muniquintero.cl\/index.php\/wp-json\/wp\/v2\/categories?post=43497"},{"taxonomy":"post_tag","embeddable":true,"href":"https:\/\/www.muniquintero.cl\/index.php\/wp-json\/wp\/v2\/tags?post=43497"}],"curies":[{"name":"wp","href":"https:\/\/api.w.org\/{rel}","templated":true}]}}