{"id":43384,"date":"2025-06-14T14:09:21","date_gmt":"2025-06-14T18:09:21","guid":{"rendered":"https:\/\/www.muniquintero.cl\/?p=43384"},"modified":"2025-06-14T14:09:21","modified_gmt":"2025-06-14T18:09:21","slug":"nuevo-cosoc-de-quintero-para-el-periodo-2025-2029-fue-constituido-oficialmente","status":"publish","type":"post","link":"https:\/\/www.muniquintero.cl\/index.php\/2025\/06\/14\/nuevo-cosoc-de-quintero-para-el-periodo-2025-2029-fue-constituido-oficialmente\/","title":{"rendered":"Nuevo COSOC de Quintero para el per\u00edodo 2025-2029 fue constituido oficialmente"},"content":{"rendered":"\n<p>En una ceremonia realizada el jueves 12 de junio en el Centro de Actividades Comunitarias, se constituy\u00f3 oficialmente el nuevo Consejo Comunal de Organizaciones de la Sociedad Civil (COSOC) de Quintero, que funcionar\u00e1 durante el per\u00edodo 2025\u20132029. La instancia, compuesta por 18 representantes de diversas organizaciones de la comuna, ser\u00e1 presidida por el alcalde Rolando Silva Fuentes.<\/p>\n\n\n\n<figure class=\"wp-block-image size-large\"><img fetchpriority=\"high\" decoding=\"async\" width=\"1024\" height=\"683\" src=\"https:\/\/www.muniquintero.cl\/wp-content\/uploads\/2025\/06\/IMG_7887-1024x683.jpg\" alt=\"\" class=\"wp-image-43387\" srcset=\"https:\/\/www.muniquintero.cl\/wp-content\/uploads\/2025\/06\/IMG_7887-1024x683.jpg 1024w, https:\/\/www.muniquintero.cl\/wp-content\/uploads\/2025\/06\/IMG_7887-300x200.jpg 300w, https:\/\/www.muniquintero.cl\/wp-content\/uploads\/2025\/06\/IMG_7887-768x512.jpg 768w, https:\/\/www.muniquintero.cl\/wp-content\/uploads\/2025\/06\/IMG_7887-1536x1024.jpg 1536w, https:\/\/www.muniquintero.cl\/wp-content\/uploads\/2025\/06\/IMG_7887-2048x1365.jpg 2048w\" sizes=\"(max-width: 1024px) 100vw, 1024px\" \/><\/figure>\n\n\n\n<p>La conformaci\u00f3n del nuevo COSOC se realiz\u00f3 en cumplimiento de lo establecido en la Ley N\u00b0 20.500 sobre Asociaciones y Participaci\u00f3n Ciudadana en la Gesti\u00f3n P\u00fablica. A trav\u00e9s de una convocatoria amplia realizada por la Ilustre Municipalidad de Quintero, participaron organizaciones comunitarias funcionales y territoriales, entidades de inter\u00e9s p\u00fablico, asociaciones gremiales, sindicatos y agrupaciones ligadas al desarrollo econ\u00f3mico y social, todas debidamente registradas.<\/p>\n\n\n\n<p>Durante la jornada y con la presencia de la secretaria municipal Yesmina Guerra, se procedi\u00f3 a la lectura de actas y a la elecci\u00f3n de los nuevos cargos directivos conforme al art\u00edculo 26\u00b0 del Reglamento del Consejo Comunal. En la instancia se eligi\u00f3 a la nueva Vicepresidencia del COSOC, as\u00ed como a los dos representantes del consejo ante el Consejo Comunal de Seguridad P\u00fablica y al delegado ante el Consejo para la Recuperaci\u00f3n Ambiental y Social (CRAS) de Quintero\u2013Puchuncav\u00ed.<\/p>\n\n\n\n<figure class=\"wp-block-image size-large\"><img decoding=\"async\" width=\"1024\" height=\"683\" src=\"https:\/\/www.muniquintero.cl\/wp-content\/uploads\/2025\/06\/IMG_7856-1024x683.jpg\" alt=\"\" class=\"wp-image-43386\" srcset=\"https:\/\/www.muniquintero.cl\/wp-content\/uploads\/2025\/06\/IMG_7856-1024x683.jpg 1024w, https:\/\/www.muniquintero.cl\/wp-content\/uploads\/2025\/06\/IMG_7856-300x200.jpg 300w, https:\/\/www.muniquintero.cl\/wp-content\/uploads\/2025\/06\/IMG_7856-768x512.jpg 768w, https:\/\/www.muniquintero.cl\/wp-content\/uploads\/2025\/06\/IMG_7856-1536x1024.jpg 1536w, https:\/\/www.muniquintero.cl\/wp-content\/uploads\/2025\/06\/IMG_7856-2048x1365.jpg 2048w\" sizes=\"(max-width: 1024px) 100vw, 1024px\" \/><\/figure>\n\n\n\n<p>El alcalde Rolando Silva valor\u00f3 la constituci\u00f3n de esta nueva directiva, destacando que \u201cla convocatoria al nuevo COSOC busca fortalecer la participaci\u00f3n ciudadana en la gesti\u00f3n p\u00fablica, promoviendo una relaci\u00f3n m\u00e1s cercana y colaborativa entre el municipio y la sociedad civil, con el objetivo de construir una comuna m\u00e1s democr\u00e1tica y participativa\u201d.<\/p>\n\n\n\n<p>Con este hito, la Municipalidad de Quintero demuestra su compromiso con la promoci\u00f3n activa de la participaci\u00f3n ciudadana como eje central de su gesti\u00f3n, fortaleciendo los espacios de di\u00e1logo y representaci\u00f3n de la comunidad organizada.<\/p>\n","protected":false},"excerpt":{"rendered":"<p>En una ceremonia realizada el jueves 12 de junio en el Centro de Actividades Comunitarias, se constituy\u00f3 oficialmente el nuevo Consejo Comunal de Organizaciones de la Sociedad Civil (COSOC) de Quintero, que funcionar\u00e1 durante el per\u00edodo 2025\u20132029. La instancia, compuesta por 18 representantes de diversas organizaciones de la comuna, ser\u00e1 presidida por el alcalde Rolando [&hellip;]<\/p>\n","protected":false},"author":7,"featured_media":43385,"comment_status":"closed","ping_status":"closed","sticky":false,"template":"","format":"standard","meta":{"wds_primary_category":1,"footnotes":""},"categories":[1,2],"tags":[151,632],"class_list":["post-43384","post","type-post","status-publish","format-standard","has-post-thumbnail","hentry","category-municipalidad","category-noticias","tag-cosoc","tag-sociedad-civil"],"_links":{"self":[{"href":"https:\/\/www.muniquintero.cl\/index.php\/wp-json\/wp\/v2\/posts\/43384","targetHints":{"allow":["GET"]}}],"collection":[{"href":"https:\/\/www.muniquintero.cl\/index.php\/wp-json\/wp\/v2\/posts"}],"about":[{"href":"https:\/\/www.muniquintero.cl\/index.php\/wp-json\/wp\/v2\/types\/post"}],"author":[{"embeddable":true,"href":"https:\/\/www.muniquintero.cl\/index.php\/wp-json\/wp\/v2\/users\/7"}],"replies":[{"embeddable":true,"href":"https:\/\/www.muniquintero.cl\/index.php\/wp-json\/wp\/v2\/comments?post=43384"}],"version-history":[{"count":1,"href":"https:\/\/www.muniquintero.cl\/index.php\/wp-json\/wp\/v2\/posts\/43384\/revisions"}],"predecessor-version":[{"id":43388,"href":"https:\/\/www.muniquintero.cl\/index.php\/wp-json\/wp\/v2\/posts\/43384\/revisions\/43388"}],"wp:featuredmedia":[{"embeddable":true,"href":"https:\/\/www.muniquintero.cl\/index.php\/wp-json\/wp\/v2\/media\/43385"}],"wp:attachment":[{"href":"https:\/\/www.muniquintero.cl\/index.php\/wp-json\/wp\/v2\/media?parent=43384"}],"wp:term":[{"taxonomy":"category","embeddable":true,"href":"https:\/\/www.muniquintero.cl\/index.php\/wp-json\/wp\/v2\/categories?post=43384"},{"taxonomy":"post_tag","embeddable":true,"href":"https:\/\/www.muniquintero.cl\/index.php\/wp-json\/wp\/v2\/tags?post=43384"}],"curies":[{"name":"wp","href":"https:\/\/api.w.org\/{rel}","templated":true}]}}