{"id":43046,"date":"2025-05-08T13:33:16","date_gmt":"2025-05-08T17:33:16","guid":{"rendered":"https:\/\/www.muniquintero.cl\/?p=43046"},"modified":"2025-05-08T13:33:16","modified_gmt":"2025-05-08T17:33:16","slug":"alcalde-rolando-silva-lidera-reunion-de-coordinacion-con-vecinos-de-santa-luisa-para-abordar-problematicas-locales","status":"publish","type":"post","link":"https:\/\/www.muniquintero.cl\/index.php\/2025\/05\/08\/alcalde-rolando-silva-lidera-reunion-de-coordinacion-con-vecinos-de-santa-luisa-para-abordar-problematicas-locales\/","title":{"rendered":"Alcalde Rolando Silva lidera reuni\u00f3n de coordinaci\u00f3n con vecinos de Santa Luisa para abordar problem\u00e1ticas locales"},"content":{"rendered":"\n<p>El alcalde de Quintero, Rolando Silva Fuentes, encabez\u00f3 una importante reuni\u00f3n de trabajo con vecinos y vecinas del sector rural de Santa Luisa, con el objetivo de conocer directamente sus necesidades y establecer un plan de acci\u00f3n conjunto para mejorar la calidad de vida en la localidad.<\/p>\n\n\n\n<p>La actividad se desarroll\u00f3 en la sede de la Junta de Vecinos de Santa Luisa y cont\u00f3 con la presencia de equipos municipales de distintas \u00e1reas, quienes acompa\u00f1aron al jefe comunal para recoger inquietudes relacionadas con salud, estado de caminos y conectividad de transporte.<\/p>\n\n\n\n<figure class=\"wp-block-image size-large\"><img fetchpriority=\"high\" decoding=\"async\" width=\"1024\" height=\"683\" src=\"https:\/\/www.muniquintero.cl\/wp-content\/uploads\/2025\/05\/IMG_2264-1024x683.jpg\" alt=\"\" class=\"wp-image-43047\" srcset=\"https:\/\/www.muniquintero.cl\/wp-content\/uploads\/2025\/05\/IMG_2264-1024x683.jpg 1024w, https:\/\/www.muniquintero.cl\/wp-content\/uploads\/2025\/05\/IMG_2264-300x200.jpg 300w, https:\/\/www.muniquintero.cl\/wp-content\/uploads\/2025\/05\/IMG_2264-768x512.jpg 768w, https:\/\/www.muniquintero.cl\/wp-content\/uploads\/2025\/05\/IMG_2264-1536x1024.jpg 1536w, https:\/\/www.muniquintero.cl\/wp-content\/uploads\/2025\/05\/IMG_2264-2048x1365.jpg 2048w\" sizes=\"(max-width: 1024px) 100vw, 1024px\" \/><\/figure>\n\n\n\n<figure class=\"wp-block-audio\"><audio controls src=\"https:\/\/www.muniquintero.cl\/wp-content\/uploads\/2025\/05\/Alcalde-Rolando-Silva-Santa-Luisa.mp3\"><\/audio><figcaption class=\"wp-element-caption\">Rolando Silva<\/figcaption><\/figure>\n\n\n\n<p>\u201cVinimos a una reuni\u00f3n en Santa Luisa, por intermedio de la Junta de Vecinos y de su presidenta, la se\u00f1ora Mar\u00eda Torres. Estuvimos con todos los equipos municipales para conocer las problem\u00e1ticas de la localidad. Se tocaron temas de salud, caminos y locomoci\u00f3n, y lo m\u00e1s importante es dar respuesta concreta a cada requerimiento que hoy nos llevamos\u201d, se\u00f1al\u00f3 el alcalde Rolando Silva.<\/p>\n\n\n\n<p>En su intervenci\u00f3n, el jefe comunal anunci\u00f3 la creaci\u00f3n de una mesa de trabajo con encuentros peri\u00f3dicos, comprometi\u00e9ndose a no dejar las inquietudes sin seguimiento.<\/p>\n\n\n\n<figure class=\"wp-block-image size-large\"><img decoding=\"async\" width=\"1024\" height=\"683\" src=\"https:\/\/www.muniquintero.cl\/wp-content\/uploads\/2025\/05\/IMG_2256-1024x683.jpg\" alt=\"\" class=\"wp-image-43049\" srcset=\"https:\/\/www.muniquintero.cl\/wp-content\/uploads\/2025\/05\/IMG_2256-1024x683.jpg 1024w, https:\/\/www.muniquintero.cl\/wp-content\/uploads\/2025\/05\/IMG_2256-300x200.jpg 300w, https:\/\/www.muniquintero.cl\/wp-content\/uploads\/2025\/05\/IMG_2256-768x512.jpg 768w, https:\/\/www.muniquintero.cl\/wp-content\/uploads\/2025\/05\/IMG_2256-1536x1024.jpg 1536w, https:\/\/www.muniquintero.cl\/wp-content\/uploads\/2025\/05\/IMG_2256-2048x1365.jpg 2048w\" sizes=\"(max-width: 1024px) 100vw, 1024px\" \/><\/figure>\n\n\n\n<p>\u201cEsto no puede quedar en el aire. Vamos a implementar una mesa de trabajo, con reuniones cada dos meses, para construir un camino de desarrollo para Santa Luisa, tal como lo est\u00e1n haciendo otras localidades de la comuna\u201d, enfatiz\u00f3 Silva.<\/p>\n\n\n\n<p>El alcalde tambi\u00e9n reafirm\u00f3 su visi\u00f3n de un desarrollo integral para Quintero, que incluya a todas sus zonas rurales: \u201cNosotros queremos un Quintero tur\u00edstico, un Quintero feliz, pero eso parte por atender bien a sus habitantes. Vamos a traer la Municipalidad a las localidades, y especialmente a Santa Luisa, que est\u00e1 m\u00e1s alejada del centro\u201d, concluy\u00f3.<\/p>\n\n\n\n<p>La jornada fue valorada por la comunidad, que destac\u00f3 la disposici\u00f3n del municipio a escuchar en terreno y generar soluciones concretas a las necesidades del sector.<\/p>\n","protected":false},"excerpt":{"rendered":"<p>El alcalde de Quintero, Rolando Silva Fuentes, encabez\u00f3 una importante reuni\u00f3n de trabajo con vecinos y vecinas del sector rural de Santa Luisa, con el objetivo de conocer directamente sus necesidades y establecer un plan de acci\u00f3n conjunto para mejorar la calidad de vida en la localidad. La actividad se desarroll\u00f3 en la sede de [&hellip;]<\/p>\n","protected":false},"author":7,"featured_media":43048,"comment_status":"closed","ping_status":"closed","sticky":false,"template":"","format":"standard","meta":{"wds_primary_category":1,"footnotes":""},"categories":[1,2],"tags":[606,422],"class_list":["post-43046","post","type-post","status-publish","format-standard","has-post-thumbnail","hentry","category-municipalidad","category-noticias","tag-reunion","tag-santa-luisa"],"_links":{"self":[{"href":"https:\/\/www.muniquintero.cl\/index.php\/wp-json\/wp\/v2\/posts\/43046","targetHints":{"allow":["GET"]}}],"collection":[{"href":"https:\/\/www.muniquintero.cl\/index.php\/wp-json\/wp\/v2\/posts"}],"about":[{"href":"https:\/\/www.muniquintero.cl\/index.php\/wp-json\/wp\/v2\/types\/post"}],"author":[{"embeddable":true,"href":"https:\/\/www.muniquintero.cl\/index.php\/wp-json\/wp\/v2\/users\/7"}],"replies":[{"embeddable":true,"href":"https:\/\/www.muniquintero.cl\/index.php\/wp-json\/wp\/v2\/comments?post=43046"}],"version-history":[{"count":1,"href":"https:\/\/www.muniquintero.cl\/index.php\/wp-json\/wp\/v2\/posts\/43046\/revisions"}],"predecessor-version":[{"id":43051,"href":"https:\/\/www.muniquintero.cl\/index.php\/wp-json\/wp\/v2\/posts\/43046\/revisions\/43051"}],"wp:featuredmedia":[{"embeddable":true,"href":"https:\/\/www.muniquintero.cl\/index.php\/wp-json\/wp\/v2\/media\/43048"}],"wp:attachment":[{"href":"https:\/\/www.muniquintero.cl\/index.php\/wp-json\/wp\/v2\/media?parent=43046"}],"wp:term":[{"taxonomy":"category","embeddable":true,"href":"https:\/\/www.muniquintero.cl\/index.php\/wp-json\/wp\/v2\/categories?post=43046"},{"taxonomy":"post_tag","embeddable":true,"href":"https:\/\/www.muniquintero.cl\/index.php\/wp-json\/wp\/v2\/tags?post=43046"}],"curies":[{"name":"wp","href":"https:\/\/api.w.org\/{rel}","templated":true}]}}