{"id":43021,"date":"2025-05-04T11:10:46","date_gmt":"2025-05-04T15:10:46","guid":{"rendered":"https:\/\/www.muniquintero.cl\/?p=43021"},"modified":"2025-05-04T11:10:46","modified_gmt":"2025-05-04T15:10:46","slug":"reunion-clave-por-el-desarrollo-de-nuestra-comuna","status":"publish","type":"post","link":"https:\/\/www.muniquintero.cl\/index.php\/2025\/05\/04\/reunion-clave-por-el-desarrollo-de-nuestra-comuna\/","title":{"rendered":"Reuni\u00f3n clave por el desarrollo de nuestra comuna"},"content":{"rendered":"\n<p>El alcalde Rolando Silva Fuentes, en el marco de reunirse con autoridades al m\u00e1s alto nivel gubernamental, sostuvo una fruct\u00edfera reuni\u00f3n con el senador Tom\u00e1s De Rementer\u00eda donde se abordaron importantes proyectos que impactar\u00e1n directamente en las calidades de vida de nuestras vecinas y vecinas.<\/p>\n\n\n\n<p>Durante el encuentro se revisaron iniciativas en diversas \u00e1reas como: soluciones habitacionales y su urgencia; &nbsp;salud primaria, evaluando mejoras en equipamiento, cobertura y atenci\u00f3n comunitaria; turismo con \u00e9nfasis en la valorizaci\u00f3n del patrimonio local y la dinamizaci\u00f3n econ\u00f3mica; infraestructura deportiva y recreativa como herramientas de inclusi\u00f3n social, calidad de vida y alto rendimiento.<\/p>\n\n\n\n<figure class=\"wp-block-image size-large\"><img fetchpriority=\"high\" decoding=\"async\" width=\"1024\" height=\"768\" src=\"https:\/\/www.muniquintero.cl\/wp-content\/uploads\/2025\/05\/8-1024x768.jpg\" alt=\"\" class=\"wp-image-43023\" srcset=\"https:\/\/www.muniquintero.cl\/wp-content\/uploads\/2025\/05\/8-1024x768.jpg 1024w, https:\/\/www.muniquintero.cl\/wp-content\/uploads\/2025\/05\/8-300x225.jpg 300w, https:\/\/www.muniquintero.cl\/wp-content\/uploads\/2025\/05\/8-768x576.jpg 768w, https:\/\/www.muniquintero.cl\/wp-content\/uploads\/2025\/05\/8-1536x1152.jpg 1536w, https:\/\/www.muniquintero.cl\/wp-content\/uploads\/2025\/05\/8-2048x1536.jpg 2048w\" sizes=\"(max-width: 1024px) 100vw, 1024px\" \/><\/figure>\n\n\n\n<p>As\u00ed mismo, el alcalde &nbsp;instal\u00f3 tem\u00e1ticas como el fortalecimiento del tejido social mediante programas de desarrollo comunal con participaci\u00f3n ciudadana y la tan elemental conectividad vial, con acento en proyectos de infraestructura que mejoren la accesibilidad y la integraci\u00f3n territorial, entre otros temas prioritarios.<\/p>\n\n\n\n<p>Este di\u00e1logo representa un paso m\u00e1s en la construcci\u00f3n de alianzas y agendas compartidas, que permitan concretar soluciones reales y sostenibles avanzando en soluciones concretas para los desaf\u00edos de la comuna.<\/p>\n\n\n\n<p>\u00a1Seguimos trabajando con compromiso y una visi\u00f3n clara, para un Quintero Feliz!<\/p>\n","protected":false},"excerpt":{"rendered":"<p>El alcalde Rolando Silva Fuentes, en el marco de reunirse con autoridades al m\u00e1s alto nivel gubernamental, sostuvo una fruct\u00edfera reuni\u00f3n con el senador Tom\u00e1s De Rementer\u00eda donde se abordaron importantes proyectos que impactar\u00e1n directamente en las calidades de vida de nuestras vecinas y vecinas. Durante el encuentro se revisaron iniciativas en diversas \u00e1reas como: [&hellip;]<\/p>\n","protected":false},"author":7,"featured_media":43022,"comment_status":"closed","ping_status":"closed","sticky":false,"template":"","format":"standard","meta":{"wds_primary_category":2,"footnotes":""},"categories":[2],"tags":[531,602,601],"class_list":["post-43021","post","type-post","status-publish","format-standard","has-post-thumbnail","hentry","category-noticias","tag-alcalde-rolando-silva-fuentes","tag-senador","tag-tomas-de-rementeria"],"_links":{"self":[{"href":"https:\/\/www.muniquintero.cl\/index.php\/wp-json\/wp\/v2\/posts\/43021","targetHints":{"allow":["GET"]}}],"collection":[{"href":"https:\/\/www.muniquintero.cl\/index.php\/wp-json\/wp\/v2\/posts"}],"about":[{"href":"https:\/\/www.muniquintero.cl\/index.php\/wp-json\/wp\/v2\/types\/post"}],"author":[{"embeddable":true,"href":"https:\/\/www.muniquintero.cl\/index.php\/wp-json\/wp\/v2\/users\/7"}],"replies":[{"embeddable":true,"href":"https:\/\/www.muniquintero.cl\/index.php\/wp-json\/wp\/v2\/comments?post=43021"}],"version-history":[{"count":1,"href":"https:\/\/www.muniquintero.cl\/index.php\/wp-json\/wp\/v2\/posts\/43021\/revisions"}],"predecessor-version":[{"id":43024,"href":"https:\/\/www.muniquintero.cl\/index.php\/wp-json\/wp\/v2\/posts\/43021\/revisions\/43024"}],"wp:featuredmedia":[{"embeddable":true,"href":"https:\/\/www.muniquintero.cl\/index.php\/wp-json\/wp\/v2\/media\/43022"}],"wp:attachment":[{"href":"https:\/\/www.muniquintero.cl\/index.php\/wp-json\/wp\/v2\/media?parent=43021"}],"wp:term":[{"taxonomy":"category","embeddable":true,"href":"https:\/\/www.muniquintero.cl\/index.php\/wp-json\/wp\/v2\/categories?post=43021"},{"taxonomy":"post_tag","embeddable":true,"href":"https:\/\/www.muniquintero.cl\/index.php\/wp-json\/wp\/v2\/tags?post=43021"}],"curies":[{"name":"wp","href":"https:\/\/api.w.org\/{rel}","templated":true}]}}