{"id":42802,"date":"2025-04-14T18:45:26","date_gmt":"2025-04-14T22:45:26","guid":{"rendered":"https:\/\/www.muniquintero.cl\/?p=42802"},"modified":"2025-04-14T18:45:26","modified_gmt":"2025-04-14T22:45:26","slug":"exitosa-gala-folclorica-cierra-el-xiii-intercambio-internacional-de-danzas-quintero-une-fronteras-2025","status":"publish","type":"post","link":"https:\/\/www.muniquintero.cl\/index.php\/2025\/04\/14\/exitosa-gala-folclorica-cierra-el-xiii-intercambio-internacional-de-danzas-quintero-une-fronteras-2025\/","title":{"rendered":"Exitosa gala folcl\u00f3rica cierra el XIII Intercambio Internacional de Danzas \u00abQuintero Une Fronteras 2025\u00bb"},"content":{"rendered":"\n<p>Con una colorida y emotiva presentaci\u00f3n art\u00edstica, se celebr\u00f3 el pasado s\u00e1bado 12 de abril la Gala Folcl\u00f3rica del XIII Intercambio Internacional de Danzas Folcl\u00f3ricas \u201cQuintero Une Fronteras 2025\u201d, evento que tuvo lugar en el frontis de la Casa Estaci\u00f3n y que marc\u00f3 el cierre de diez d\u00edas de actividades culturales en la comuna.<\/p>\n\n\n\n<p>Organizada por la Agrupaci\u00f3n Folcl\u00f3rica <strong>Danza Nuestra<\/strong>, la jornada reuni\u00f3 a autoridades, artistas y vecinos, contando con la destacada presencia del alcalde de Quintero, <strong>Rolando Silva Fuentes<\/strong>, la embajadora de Costa Rica, <strong>Adriana Murillo<\/strong>, la embajadora de Ecuador, <strong>Lotty Andrade<\/strong>, y miembros del Concejo Municipal.<\/p>\n\n\n\n<figure class=\"wp-block-gallery has-nested-images columns-default is-cropped wp-block-gallery-1 is-layout-flex wp-block-gallery-is-layout-flex\">\n<figure class=\"wp-block-image size-large\"><img fetchpriority=\"high\" decoding=\"async\" width=\"1024\" height=\"683\" data-id=\"42809\" src=\"https:\/\/www.muniquintero.cl\/wp-content\/uploads\/2025\/04\/IMG_0666-1024x683.jpg\" alt=\"\" class=\"wp-image-42809\" srcset=\"https:\/\/www.muniquintero.cl\/wp-content\/uploads\/2025\/04\/IMG_0666-1024x683.jpg 1024w, https:\/\/www.muniquintero.cl\/wp-content\/uploads\/2025\/04\/IMG_0666-300x200.jpg 300w, https:\/\/www.muniquintero.cl\/wp-content\/uploads\/2025\/04\/IMG_0666-768x512.jpg 768w, https:\/\/www.muniquintero.cl\/wp-content\/uploads\/2025\/04\/IMG_0666-1536x1024.jpg 1536w, https:\/\/www.muniquintero.cl\/wp-content\/uploads\/2025\/04\/IMG_0666-2048x1365.jpg 2048w\" sizes=\"(max-width: 1024px) 100vw, 1024px\" \/><\/figure>\n\n\n\n<figure class=\"wp-block-image size-large\"><img decoding=\"async\" width=\"1024\" height=\"683\" data-id=\"42808\" src=\"https:\/\/www.muniquintero.cl\/wp-content\/uploads\/2025\/04\/IMG_1324-1024x683.jpg\" alt=\"\" class=\"wp-image-42808\" srcset=\"https:\/\/www.muniquintero.cl\/wp-content\/uploads\/2025\/04\/IMG_1324-1024x683.jpg 1024w, https:\/\/www.muniquintero.cl\/wp-content\/uploads\/2025\/04\/IMG_1324-300x200.jpg 300w, https:\/\/www.muniquintero.cl\/wp-content\/uploads\/2025\/04\/IMG_1324-768x512.jpg 768w, https:\/\/www.muniquintero.cl\/wp-content\/uploads\/2025\/04\/IMG_1324-1536x1024.jpg 1536w, https:\/\/www.muniquintero.cl\/wp-content\/uploads\/2025\/04\/IMG_1324-2048x1365.jpg 2048w\" sizes=\"(max-width: 1024px) 100vw, 1024px\" \/><\/figure>\n<\/figure>\n\n\n\n<p>Durante m\u00e1s de una semana, delegaciones internacionales ofrecieron presentaciones en colegios, realizaron talleres, charlas, intervenciones urbanas y culminaron con una gala que encant\u00f3 a los asistentes, reafirmando el valor de la cultura y el folclore como herramientas de integraci\u00f3n y desarrollo comunitario.<\/p>\n\n\n\n<figure class=\"wp-block-image size-large\"><img decoding=\"async\" width=\"1024\" height=\"683\" src=\"https:\/\/www.muniquintero.cl\/wp-content\/uploads\/2025\/04\/IMG_0748-1024x683.jpg\" alt=\"\" class=\"wp-image-42804\" srcset=\"https:\/\/www.muniquintero.cl\/wp-content\/uploads\/2025\/04\/IMG_0748-1024x683.jpg 1024w, https:\/\/www.muniquintero.cl\/wp-content\/uploads\/2025\/04\/IMG_0748-300x200.jpg 300w, https:\/\/www.muniquintero.cl\/wp-content\/uploads\/2025\/04\/IMG_0748-768x512.jpg 768w, https:\/\/www.muniquintero.cl\/wp-content\/uploads\/2025\/04\/IMG_0748-1536x1024.jpg 1536w, https:\/\/www.muniquintero.cl\/wp-content\/uploads\/2025\/04\/IMG_0748-2048x1365.jpg 2048w\" sizes=\"(max-width: 1024px) 100vw, 1024px\" \/><\/figure>\n\n\n\n<figure class=\"wp-block-audio\"><audio controls src=\"https:\/\/www.muniquintero.cl\/wp-content\/uploads\/2025\/04\/ROLANDO-SILVA-ALCALDE-QUINTERO.mp3\"><\/audio><figcaption class=\"wp-element-caption\">Rolando Silva<\/figcaption><\/figure>\n\n\n\n<p>El alcalde <strong>Rolando Silva Fuentes<\/strong> expres\u00f3 su entusiasmo por el \u00e9xito del evento y su proyecci\u00f3n a futuro: \u201cHoy se form\u00f3 un compromiso m\u00e1s grande porque queremos que el pr\u00f3ximo festival sea mucho mejor, porque hay que avanzar y avanzar en todos los colegios municipalizados y tambi\u00e9n particulares subvencionados. La idea es fomentar el folclore, el turismo y tambi\u00e9n la cultura con nuestros j\u00f3venes de todos los colegios de Quintero\u201d.<\/p>\n\n\n\n<figure class=\"wp-block-image size-large\"><img loading=\"lazy\" decoding=\"async\" width=\"1024\" height=\"683\" src=\"https:\/\/www.muniquintero.cl\/wp-content\/uploads\/2025\/04\/IMG_0631-1024x683.jpg\" alt=\"\" class=\"wp-image-42805\" srcset=\"https:\/\/www.muniquintero.cl\/wp-content\/uploads\/2025\/04\/IMG_0631-1024x683.jpg 1024w, https:\/\/www.muniquintero.cl\/wp-content\/uploads\/2025\/04\/IMG_0631-300x200.jpg 300w, https:\/\/www.muniquintero.cl\/wp-content\/uploads\/2025\/04\/IMG_0631-768x512.jpg 768w, https:\/\/www.muniquintero.cl\/wp-content\/uploads\/2025\/04\/IMG_0631-1536x1024.jpg 1536w, https:\/\/www.muniquintero.cl\/wp-content\/uploads\/2025\/04\/IMG_0631-2048x1365.jpg 2048w\" sizes=\"(max-width: 1024px) 100vw, 1024px\" \/><\/figure>\n\n\n\n<figure class=\"wp-block-audio\"><audio controls src=\"https:\/\/www.muniquintero.cl\/wp-content\/uploads\/2025\/04\/ANDREA-LOBOS-DANZA-NUESTRA.mp3\"><\/audio><figcaption class=\"wp-element-caption\">Andrea Lobos<\/figcaption><\/figure>\n\n\n\n<p>Por su parte, <strong>Andrea Lobos<\/strong>, presidenta de la agrupaci\u00f3n Danza Nuestra, valor\u00f3 el impacto del festival en la comunidad educativa: \u201cEsta gala es el cierre del Festival 2025 y estamos muy contentos, orgullosos del trabajo realizado, pues uno de los puntos o focos del festival es la formaci\u00f3n, y para ello visitamos casi todas las escuelas de Quintero. Desde 2026, esperamos cubrir todas las escuelas. Los ni\u00f1os y adolescentes tuvieron una acogida enorme\u201d.<\/p>\n\n\n\n<figure class=\"wp-block-image size-large\"><img loading=\"lazy\" decoding=\"async\" width=\"1024\" height=\"683\" src=\"https:\/\/www.muniquintero.cl\/wp-content\/uploads\/2025\/04\/IMG_0621-1024x683.jpg\" alt=\"\" class=\"wp-image-42806\" srcset=\"https:\/\/www.muniquintero.cl\/wp-content\/uploads\/2025\/04\/IMG_0621-1024x683.jpg 1024w, https:\/\/www.muniquintero.cl\/wp-content\/uploads\/2025\/04\/IMG_0621-300x200.jpg 300w, https:\/\/www.muniquintero.cl\/wp-content\/uploads\/2025\/04\/IMG_0621-768x512.jpg 768w, https:\/\/www.muniquintero.cl\/wp-content\/uploads\/2025\/04\/IMG_0621-1536x1024.jpg 1536w, https:\/\/www.muniquintero.cl\/wp-content\/uploads\/2025\/04\/IMG_0621-2048x1365.jpg 2048w\" sizes=\"(max-width: 1024px) 100vw, 1024px\" \/><\/figure>\n\n\n\n<figure class=\"wp-block-audio\"><audio controls src=\"https:\/\/www.muniquintero.cl\/wp-content\/uploads\/2025\/04\/ADRIANA-MURILLO-EMBAJADORA-COSTA-RICA.mp3\"><\/audio><figcaption class=\"wp-element-caption\">Adriana Murillo<\/figcaption><\/figure>\n\n\n\n<p>La dimensi\u00f3n internacional del encuentro fue resaltada por la embajadora de Costa Rica en Chile, <strong>Adriana Murillo<\/strong>, quien acompa\u00f1\u00f3 a la delegaci\u00f3n de su pa\u00eds: \u201cMuy contentos de estar el d\u00eda de hoy ac\u00e1 en Quintero apoyando a los grupos de danzas folcl\u00f3ricas que han venido aqu\u00ed como parte de este festival. De nuestra parte de Costa Rica ha venido el grupo Punto de Fuga, que presenta los bailes folcl\u00f3ricos de nuestro pa\u00eds y ellos vienen de la sede de occidente de la Universidad de Costa Rica\u201d.<\/p>\n\n\n\n<figure class=\"wp-block-image size-large\"><img loading=\"lazy\" decoding=\"async\" width=\"1024\" height=\"683\" src=\"https:\/\/www.muniquintero.cl\/wp-content\/uploads\/2025\/04\/IMG_0623-1024x683.jpg\" alt=\"\" class=\"wp-image-42807\" srcset=\"https:\/\/www.muniquintero.cl\/wp-content\/uploads\/2025\/04\/IMG_0623-1024x683.jpg 1024w, https:\/\/www.muniquintero.cl\/wp-content\/uploads\/2025\/04\/IMG_0623-300x200.jpg 300w, https:\/\/www.muniquintero.cl\/wp-content\/uploads\/2025\/04\/IMG_0623-768x512.jpg 768w, https:\/\/www.muniquintero.cl\/wp-content\/uploads\/2025\/04\/IMG_0623-1536x1024.jpg 1536w, https:\/\/www.muniquintero.cl\/wp-content\/uploads\/2025\/04\/IMG_0623-2048x1365.jpg 2048w\" sizes=\"(max-width: 1024px) 100vw, 1024px\" \/><\/figure>\n\n\n\n<figure class=\"wp-block-audio\"><audio controls src=\"https:\/\/www.muniquintero.cl\/wp-content\/uploads\/2025\/04\/LOTTY-ANDRADE-EMBAJADORA-ECUADOR.mp3\"><\/audio><figcaption class=\"wp-element-caption\">Lotty Andrade<\/figcaption><\/figure>\n\n\n\n<p>Finalmente, la embajadora del Ecuador, <strong>Lotty Andrade<\/strong>, valor\u00f3 el espacio de intercambio cultural que ofrece Quintero: \u201cEstamos muy contentos de tener agrupaciones de danza ecuatoriana, tradicionales, danza folcl\u00f3rica que es un pedacito de nuestra tierra, un pedacito del coraz\u00f3n de Ecuador que viene aqu\u00ed a Quintero a dejar tambi\u00e9n su baile, su alegr\u00eda, con un proceso de entretenci\u00f3n por un lado, pero tambi\u00e9n de cultura y de conocimiento\u201d.<\/p>\n\n\n\n<p>Con gran entusiasmo, Quintero reafirma su compromiso con el folclore, la cultura y la hermandad entre pueblos, proyectando un festival a\u00fan m\u00e1s inclusivo y enriquecedor para el a\u00f1o 2026.<\/p>\n","protected":false},"excerpt":{"rendered":"<p>Con una colorida y emotiva presentaci\u00f3n art\u00edstica, se celebr\u00f3 el pasado s\u00e1bado 12 de abril la Gala Folcl\u00f3rica del XIII Intercambio Internacional de Danzas Folcl\u00f3ricas \u201cQuintero Une Fronteras 2025\u201d, evento que tuvo lugar en el frontis de la Casa Estaci\u00f3n y que marc\u00f3 el cierre de diez d\u00edas de actividades culturales en la comuna. Organizada [&hellip;]<\/p>\n","protected":false},"author":7,"featured_media":42803,"comment_status":"closed","ping_status":"closed","sticky":false,"template":"","format":"standard","meta":{"wds_primary_category":2,"footnotes":""},"categories":[2],"tags":[28,592,595],"class_list":["post-42802","post","type-post","status-publish","format-standard","has-post-thumbnail","hentry","category-noticias","tag-cultura","tag-danza","tag-folclor"],"_links":{"self":[{"href":"https:\/\/www.muniquintero.cl\/index.php\/wp-json\/wp\/v2\/posts\/42802","targetHints":{"allow":["GET"]}}],"collection":[{"href":"https:\/\/www.muniquintero.cl\/index.php\/wp-json\/wp\/v2\/posts"}],"about":[{"href":"https:\/\/www.muniquintero.cl\/index.php\/wp-json\/wp\/v2\/types\/post"}],"author":[{"embeddable":true,"href":"https:\/\/www.muniquintero.cl\/index.php\/wp-json\/wp\/v2\/users\/7"}],"replies":[{"embeddable":true,"href":"https:\/\/www.muniquintero.cl\/index.php\/wp-json\/wp\/v2\/comments?post=42802"}],"version-history":[{"count":1,"href":"https:\/\/www.muniquintero.cl\/index.php\/wp-json\/wp\/v2\/posts\/42802\/revisions"}],"predecessor-version":[{"id":42814,"href":"https:\/\/www.muniquintero.cl\/index.php\/wp-json\/wp\/v2\/posts\/42802\/revisions\/42814"}],"wp:featuredmedia":[{"embeddable":true,"href":"https:\/\/www.muniquintero.cl\/index.php\/wp-json\/wp\/v2\/media\/42803"}],"wp:attachment":[{"href":"https:\/\/www.muniquintero.cl\/index.php\/wp-json\/wp\/v2\/media?parent=42802"}],"wp:term":[{"taxonomy":"category","embeddable":true,"href":"https:\/\/www.muniquintero.cl\/index.php\/wp-json\/wp\/v2\/categories?post=42802"},{"taxonomy":"post_tag","embeddable":true,"href":"https:\/\/www.muniquintero.cl\/index.php\/wp-json\/wp\/v2\/tags?post=42802"}],"curies":[{"name":"wp","href":"https:\/\/api.w.org\/{rel}","templated":true}]}}