{"id":42628,"date":"2025-03-27T15:15:48","date_gmt":"2025-03-27T19:15:48","guid":{"rendered":"https:\/\/www.muniquintero.cl\/?p=42628"},"modified":"2025-03-27T15:15:48","modified_gmt":"2025-03-27T19:15:48","slug":"vina-del-mar-acoge-asamblea-nacional-de-la-achm-con-presencia-de-autoridades-y-alcaldes-de-todo-el-pais","status":"publish","type":"post","link":"https:\/\/www.muniquintero.cl\/index.php\/2025\/03\/27\/vina-del-mar-acoge-asamblea-nacional-de-la-achm-con-presencia-de-autoridades-y-alcaldes-de-todo-el-pais\/","title":{"rendered":"Vi\u00f1a del Mar acoge Asamblea Nacional de la ACHM con presencia de autoridades y alcaldes de todo el pa\u00eds"},"content":{"rendered":"\n<p>Con la presencia de alcaldes, autoridades de gobierno y representantes municipales de todo Chile, se inaugur\u00f3 en el Palacio de Vergara la Asamblea Nacional de la Asociaci\u00f3n Chilena de Municipalidades (ACHM). Este encuentro, que se extender\u00e1 por varios d\u00edas, tiene como objetivo debatir los principales desaf\u00edos de la gesti\u00f3n local y fortalecer la relaci\u00f3n entre los municipios y el gobierno central.<\/p>\n\n\n\n<p>La jornada inaugural cont\u00f3 con la participaci\u00f3n del Presidente de la Rep\u00fablica Gabriel Boric; el Ministro del Interior y Seguridad P\u00fablica, \u00c1lvaro Elizalde; la subsecretaria de Desarrollo Regional y Administrativo (Subdere), Francisca Perales; y la subsecretaria de Prevenci\u00f3n del Delito, Carolina Leitao, entre otros personeros de gobierno.<\/p>\n\n\n\n<figure class=\"wp-block-image size-large\"><img fetchpriority=\"high\" decoding=\"async\" width=\"1024\" height=\"573\" src=\"https:\/\/www.muniquintero.cl\/wp-content\/uploads\/2025\/03\/486686390_1131423252345922_2486287460781879594_n-1024x573.jpg\" alt=\"\" class=\"wp-image-42630\" srcset=\"https:\/\/www.muniquintero.cl\/wp-content\/uploads\/2025\/03\/486686390_1131423252345922_2486287460781879594_n-1024x573.jpg 1024w, https:\/\/www.muniquintero.cl\/wp-content\/uploads\/2025\/03\/486686390_1131423252345922_2486287460781879594_n-300x168.jpg 300w, https:\/\/www.muniquintero.cl\/wp-content\/uploads\/2025\/03\/486686390_1131423252345922_2486287460781879594_n-768x430.jpg 768w, https:\/\/www.muniquintero.cl\/wp-content\/uploads\/2025\/03\/486686390_1131423252345922_2486287460781879594_n-1536x860.jpg 1536w, https:\/\/www.muniquintero.cl\/wp-content\/uploads\/2025\/03\/486686390_1131423252345922_2486287460781879594_n.jpg 2048w\" sizes=\"(max-width: 1024px) 100vw, 1024px\" \/><\/figure>\n\n\n\n<figure class=\"wp-block-audio\"><audio controls src=\"https:\/\/www.muniquintero.cl\/wp-content\/uploads\/2025\/03\/ROLANDO-SILVA-REUNIN-ACHM.mp3\"><\/audio><figcaption class=\"wp-element-caption\">Rolando Silva<\/figcaption><\/figure>\n\n\n\n<p>Al respecto, el alcalde Rolando Silva Fuentes destac\u00f3 la relevancia del evento y se\u00f1al\u00f3: \u201cNos encontramos en el Palacio de Vergara, en la Asamblea Nacional de la Asociaci\u00f3n Chilena de Municipalidades, en el cual se encuentran casi todos los alcaldes de la asociaci\u00f3n y se van a abordar varios puntos de inter\u00e9s para nuestras comunas\u201d.<\/p>\n\n\n\n<p>Adem\u00e1s, el alcalde Silva Fuentes subray\u00f3 la importancia de la integraci\u00f3n en redes colaborativas, anunciando la adhesi\u00f3n a una nueva organizaci\u00f3n: \u201cTuvimos el agrado tambi\u00e9n de estar con la Asociaci\u00f3n de Municipalidades Tur\u00edsticas de Chile, as\u00ed que hicimos un buen lazo all\u00ed. Vamos a estar integrados en esa asociaci\u00f3n ahora, lo que nos deja muy contentos porque se generan nuevas oportunidades de colaboraci\u00f3n con alcaldes de todo el pa\u00eds\u201d.<\/p>\n\n\n\n<figure class=\"wp-block-gallery has-nested-images columns-default is-cropped wp-block-gallery-1 is-layout-flex wp-block-gallery-is-layout-flex\">\n<figure class=\"wp-block-image size-large\"><img decoding=\"async\" width=\"1024\" height=\"576\" data-id=\"42631\" src=\"https:\/\/www.muniquintero.cl\/wp-content\/uploads\/2025\/03\/486677736_1131423059012608_6561014848923961120_n-1024x576.jpg\" alt=\"\" class=\"wp-image-42631\" srcset=\"https:\/\/www.muniquintero.cl\/wp-content\/uploads\/2025\/03\/486677736_1131423059012608_6561014848923961120_n-1024x576.jpg 1024w, https:\/\/www.muniquintero.cl\/wp-content\/uploads\/2025\/03\/486677736_1131423059012608_6561014848923961120_n-300x169.jpg 300w, https:\/\/www.muniquintero.cl\/wp-content\/uploads\/2025\/03\/486677736_1131423059012608_6561014848923961120_n-768x432.jpg 768w, https:\/\/www.muniquintero.cl\/wp-content\/uploads\/2025\/03\/486677736_1131423059012608_6561014848923961120_n.jpg 1080w\" sizes=\"(max-width: 1024px) 100vw, 1024px\" \/><\/figure>\n\n\n\n<figure class=\"wp-block-image size-large\"><img decoding=\"async\" width=\"1024\" height=\"573\" data-id=\"42632\" src=\"https:\/\/www.muniquintero.cl\/wp-content\/uploads\/2025\/03\/486742689_1131423092345938_8869028667135428860_n-1024x573.jpg\" alt=\"\" class=\"wp-image-42632\" srcset=\"https:\/\/www.muniquintero.cl\/wp-content\/uploads\/2025\/03\/486742689_1131423092345938_8869028667135428860_n-1024x573.jpg 1024w, https:\/\/www.muniquintero.cl\/wp-content\/uploads\/2025\/03\/486742689_1131423092345938_8869028667135428860_n-300x168.jpg 300w, https:\/\/www.muniquintero.cl\/wp-content\/uploads\/2025\/03\/486742689_1131423092345938_8869028667135428860_n-768x430.jpg 768w, https:\/\/www.muniquintero.cl\/wp-content\/uploads\/2025\/03\/486742689_1131423092345938_8869028667135428860_n-1536x860.jpg 1536w, https:\/\/www.muniquintero.cl\/wp-content\/uploads\/2025\/03\/486742689_1131423092345938_8869028667135428860_n.jpg 2048w\" sizes=\"(max-width: 1024px) 100vw, 1024px\" \/><\/figure>\n<\/figure>\n\n\n\n<p>Durante el encuentro, se desarrollar\u00e1n diversos paneles y mesas de trabajo en los que se abordar\u00e1n temas como el financiamiento municipal, la descentralizaci\u00f3n efectiva y la participaci\u00f3n ciudadana, con el objetivo de generar propuestas concretas para mejorar la gesti\u00f3n local en todo el territorio nacional.<\/p>\n","protected":false},"excerpt":{"rendered":"<p>Con la presencia de alcaldes, autoridades de gobierno y representantes municipales de todo Chile, se inaugur\u00f3 en el Palacio de Vergara la Asamblea Nacional de la Asociaci\u00f3n Chilena de Municipalidades (ACHM). Este encuentro, que se extender\u00e1 por varios d\u00edas, tiene como objetivo debatir los principales desaf\u00edos de la gesti\u00f3n local y fortalecer la relaci\u00f3n entre [&hellip;]<\/p>\n","protected":false},"author":7,"featured_media":42629,"comment_status":"closed","ping_status":"closed","sticky":false,"template":"","format":"standard","meta":{"wds_primary_category":2,"footnotes":""},"categories":[2],"tags":[583,584],"class_list":["post-42628","post","type-post","status-publish","format-standard","has-post-thumbnail","hentry","category-noticias","tag-achm","tag-municipalidades"],"_links":{"self":[{"href":"https:\/\/www.muniquintero.cl\/index.php\/wp-json\/wp\/v2\/posts\/42628","targetHints":{"allow":["GET"]}}],"collection":[{"href":"https:\/\/www.muniquintero.cl\/index.php\/wp-json\/wp\/v2\/posts"}],"about":[{"href":"https:\/\/www.muniquintero.cl\/index.php\/wp-json\/wp\/v2\/types\/post"}],"author":[{"embeddable":true,"href":"https:\/\/www.muniquintero.cl\/index.php\/wp-json\/wp\/v2\/users\/7"}],"replies":[{"embeddable":true,"href":"https:\/\/www.muniquintero.cl\/index.php\/wp-json\/wp\/v2\/comments?post=42628"}],"version-history":[{"count":1,"href":"https:\/\/www.muniquintero.cl\/index.php\/wp-json\/wp\/v2\/posts\/42628\/revisions"}],"predecessor-version":[{"id":42634,"href":"https:\/\/www.muniquintero.cl\/index.php\/wp-json\/wp\/v2\/posts\/42628\/revisions\/42634"}],"wp:featuredmedia":[{"embeddable":true,"href":"https:\/\/www.muniquintero.cl\/index.php\/wp-json\/wp\/v2\/media\/42629"}],"wp:attachment":[{"href":"https:\/\/www.muniquintero.cl\/index.php\/wp-json\/wp\/v2\/media?parent=42628"}],"wp:term":[{"taxonomy":"category","embeddable":true,"href":"https:\/\/www.muniquintero.cl\/index.php\/wp-json\/wp\/v2\/categories?post=42628"},{"taxonomy":"post_tag","embeddable":true,"href":"https:\/\/www.muniquintero.cl\/index.php\/wp-json\/wp\/v2\/tags?post=42628"}],"curies":[{"name":"wp","href":"https:\/\/api.w.org\/{rel}","templated":true}]}}