{"id":42580,"date":"2025-03-25T14:54:33","date_gmt":"2025-03-25T18:54:33","guid":{"rendered":"https:\/\/www.muniquintero.cl\/?p=42580"},"modified":"2025-03-25T15:30:25","modified_gmt":"2025-03-25T19:30:25","slug":"alcalde-rolando-silva-y-amuch-exigen-mayor-respaldo-para-la-seguridad-municipal","status":"publish","type":"post","link":"https:\/\/www.muniquintero.cl\/index.php\/2025\/03\/25\/alcalde-rolando-silva-y-amuch-exigen-mayor-respaldo-para-la-seguridad-municipal\/","title":{"rendered":"Alcalde Rolando Silva y AMUCH exigen mayor respaldo para la seguridad municipal"},"content":{"rendered":"\n<p>El pasado jueves 20 de marzo, el alcalde Rolando Silva Fuentes, junto a la Asociaci\u00f3n de Municipalidades de Chile (AMUCH), sostuvo una audiencia con el presidente del Senado, Senador Jos\u00e9 Garc\u00eda Ruminot, con el fin de plantear sus inquietudes y propuestas respecto al proyecto de Ley de Fortalecimiento de la Seguridad Municipal, recientemente aprobado en general por las Comisiones Unidas de Gobierno y Seguridad de la C\u00e1mara Alta.<\/p>\n\n\n\n<p>El proyecto, impulsado por el Ejecutivo, busca fortalecer las capacidades de los equipos municipales de seguridad mediante un nuevo marco normativo que proteja a los funcionarios, reconozca formalmente su labor, establezca criterios para su resguardo y aumente las sanciones contra quienes los agredan.<\/p>\n\n\n\n<p>No obstante, durante la reuni\u00f3n realizada en el ex Congreso Nacional, los alcaldes expusieron la urgencia de contar con un marco regulatorio claro y recursos adecuados para mejorar la seguridad en sus comunas.<\/p>\n\n\n\n<figure class=\"wp-block-image size-large\"><img fetchpriority=\"high\" decoding=\"async\" width=\"1024\" height=\"683\" src=\"https:\/\/www.muniquintero.cl\/wp-content\/uploads\/2025\/03\/KVPA4778-1024x683.jpg\" alt=\"\" class=\"wp-image-42587\" srcset=\"https:\/\/www.muniquintero.cl\/wp-content\/uploads\/2025\/03\/KVPA4778-1024x683.jpg 1024w, https:\/\/www.muniquintero.cl\/wp-content\/uploads\/2025\/03\/KVPA4778-300x200.jpg 300w, https:\/\/www.muniquintero.cl\/wp-content\/uploads\/2025\/03\/KVPA4778-768x512.jpg 768w, https:\/\/www.muniquintero.cl\/wp-content\/uploads\/2025\/03\/KVPA4778-1536x1024.jpg 1536w, https:\/\/www.muniquintero.cl\/wp-content\/uploads\/2025\/03\/KVPA4778-2048x1366.jpg 2048w\" sizes=\"(max-width: 1024px) 100vw, 1024px\" \/><\/figure>\n\n\n\n<figure class=\"wp-block-audio\"><audio controls src=\"https:\/\/www.muniquintero.cl\/wp-content\/uploads\/2025\/03\/ROLANDO-SILVA-AMUCH-SENADO-.mp3\"><\/audio><figcaption class=\"wp-element-caption\">Rolando Silva<\/figcaption><\/figure>\n\n\n\n<p>El alcalde Rolando Silva expres\u00f3 su preocupaci\u00f3n por la falta de consulta a los municipios en la elaboraci\u00f3n de esta normativa. \u201cEstamos reclamando que lo menos que se ha preguntado es a los municipios. Nosotros queremos que esta ley por lo menos cambie, no nos quite las atribuciones que hemos logrado hasta el momento y no pongan tantas trabas, la burocracia, y m\u00e1s a\u00fan esta misma ley viene sin recursos para las municipalidades\u201d, enfatiz\u00f3.<\/p>\n\n\n\n<p>Asimismo, Silva subray\u00f3 el rol clave que desempe\u00f1an las municipalidades en materia de seguridad: \u201cLa comunidad nos exige seguridad y carabineros, pero en todo lo que pasa, siempre llega primero la municipalidad, Seguridad P\u00fablica\u201d.<\/p>\n\n\n\n<figure class=\"wp-block-gallery has-nested-images columns-default is-cropped wp-block-gallery-1 is-layout-flex wp-block-gallery-is-layout-flex\">\n<figure class=\"wp-block-image size-large\"><img decoding=\"async\" width=\"1024\" height=\"575\" data-id=\"42588\" src=\"https:\/\/www.muniquintero.cl\/wp-content\/uploads\/2025\/03\/MG_9068-1024x575.jpg\" alt=\"\" class=\"wp-image-42588\" srcset=\"https:\/\/www.muniquintero.cl\/wp-content\/uploads\/2025\/03\/MG_9068-1024x575.jpg 1024w, https:\/\/www.muniquintero.cl\/wp-content\/uploads\/2025\/03\/MG_9068-300x168.jpg 300w, https:\/\/www.muniquintero.cl\/wp-content\/uploads\/2025\/03\/MG_9068-768x431.jpg 768w, https:\/\/www.muniquintero.cl\/wp-content\/uploads\/2025\/03\/MG_9068-1536x863.jpg 1536w, https:\/\/www.muniquintero.cl\/wp-content\/uploads\/2025\/03\/MG_9068-2048x1150.jpg 2048w\" sizes=\"(max-width: 1024px) 100vw, 1024px\" \/><\/figure>\n\n\n\n<figure class=\"wp-block-image size-large\"><img decoding=\"async\" width=\"1024\" height=\"683\" data-id=\"42589\" src=\"https:\/\/www.muniquintero.cl\/wp-content\/uploads\/2025\/03\/KVPA4749-1024x683.jpg\" alt=\"\" class=\"wp-image-42589\" srcset=\"https:\/\/www.muniquintero.cl\/wp-content\/uploads\/2025\/03\/KVPA4749-1024x683.jpg 1024w, https:\/\/www.muniquintero.cl\/wp-content\/uploads\/2025\/03\/KVPA4749-300x200.jpg 300w, https:\/\/www.muniquintero.cl\/wp-content\/uploads\/2025\/03\/KVPA4749-768x512.jpg 768w, https:\/\/www.muniquintero.cl\/wp-content\/uploads\/2025\/03\/KVPA4749-1536x1025.jpg 1536w, https:\/\/www.muniquintero.cl\/wp-content\/uploads\/2025\/03\/KVPA4749-2048x1366.jpg 2048w\" sizes=\"(max-width: 1024px) 100vw, 1024px\" \/><\/figure>\n<\/figure>\n\n\n\n<p>En la audiencia, el alcalde detall\u00f3 que la AMUCH present\u00f3 una serie de propuestas al Ejecutivo, entre las cuales destacan:<\/p>\n\n\n\n<ul class=\"wp-block-list\">\n<li>La creaci\u00f3n de una Ley de Seguridad Municipal que establezca agravantes penales por agresiones a funcionarios municipales, permita la incautaci\u00f3n de bienes en operativos y otorgue herramientas de retenci\u00f3n en casos de delito flagrante.<\/li>\n\n\n\n<li>El impulso de una Ley Corta en Seguridad Municipal que faculte a los inspectores para realizar controles de identidad y dirigir el tr\u00e1nsito, mejorando adem\u00e1s la coordinaci\u00f3n con Carabineros.<\/li>\n\n\n\n<li>La solicitud de mayor dotaci\u00f3n de personal de seguridad municipal, acompa\u00f1ada de la flexibilizaci\u00f3n de normativas que permitan crear plantas especializadas.<\/li>\n<\/ul>\n\n\n\n<p>Finalmente, el alcalde Silva fue categ\u00f3rico: \u201cNosotros hicimos un levantamiento en el cual aprobamos varios puntos y se llev\u00f3 al Ejecutivo, ojal\u00e1 que lo escuchen y en este momento si se aprueba como est\u00e1, nos est\u00e1n cortando las manos a las municipalidades para ejercer un mejor trabajo en la comunidad\u201d.<\/p>\n\n\n\n<p>Con esta reuni\u00f3n, los alcaldes esperan que sus demandas sean incorporadas en la discusi\u00f3n legislativa, garantizando que los municipios cuenten con las herramientas y recursos necesarios para brindar mayor seguridad a sus vecinos.<\/p>\n","protected":false},"excerpt":{"rendered":"<p>El pasado jueves 20 de marzo, el alcalde Rolando Silva Fuentes, junto a la Asociaci\u00f3n de Municipalidades de Chile (AMUCH), sostuvo una audiencia con el presidente del Senado, Senador Jos\u00e9 Garc\u00eda Ruminot, con el fin de plantear sus inquietudes y propuestas respecto al proyecto de Ley de Fortalecimiento de la Seguridad Municipal, recientemente aprobado en [&hellip;]<\/p>\n","protected":false},"author":7,"featured_media":42586,"comment_status":"closed","ping_status":"closed","sticky":false,"template":"","format":"standard","meta":{"wds_primary_category":2,"footnotes":""},"categories":[2],"tags":[550,346],"class_list":["post-42580","post","type-post","status-publish","format-standard","has-post-thumbnail","hentry","category-noticias","tag-amuch","tag-seguridad-ciudadana"],"_links":{"self":[{"href":"https:\/\/www.muniquintero.cl\/index.php\/wp-json\/wp\/v2\/posts\/42580","targetHints":{"allow":["GET"]}}],"collection":[{"href":"https:\/\/www.muniquintero.cl\/index.php\/wp-json\/wp\/v2\/posts"}],"about":[{"href":"https:\/\/www.muniquintero.cl\/index.php\/wp-json\/wp\/v2\/types\/post"}],"author":[{"embeddable":true,"href":"https:\/\/www.muniquintero.cl\/index.php\/wp-json\/wp\/v2\/users\/7"}],"replies":[{"embeddable":true,"href":"https:\/\/www.muniquintero.cl\/index.php\/wp-json\/wp\/v2\/comments?post=42580"}],"version-history":[{"count":3,"href":"https:\/\/www.muniquintero.cl\/index.php\/wp-json\/wp\/v2\/posts\/42580\/revisions"}],"predecessor-version":[{"id":42783,"href":"https:\/\/www.muniquintero.cl\/index.php\/wp-json\/wp\/v2\/posts\/42580\/revisions\/42783"}],"wp:featuredmedia":[{"embeddable":true,"href":"https:\/\/www.muniquintero.cl\/index.php\/wp-json\/wp\/v2\/media\/42586"}],"wp:attachment":[{"href":"https:\/\/www.muniquintero.cl\/index.php\/wp-json\/wp\/v2\/media?parent=42580"}],"wp:term":[{"taxonomy":"category","embeddable":true,"href":"https:\/\/www.muniquintero.cl\/index.php\/wp-json\/wp\/v2\/categories?post=42580"},{"taxonomy":"post_tag","embeddable":true,"href":"https:\/\/www.muniquintero.cl\/index.php\/wp-json\/wp\/v2\/tags?post=42580"}],"curies":[{"name":"wp","href":"https:\/\/api.w.org\/{rel}","templated":true}]}}