{"id":42541,"date":"2025-03-20T08:14:31","date_gmt":"2025-03-20T12:14:31","guid":{"rendered":"https:\/\/www.muniquintero.cl\/?p=42541"},"modified":"2025-03-20T08:14:31","modified_gmt":"2025-03-20T12:14:31","slug":"municipio-refuerza-el-transporte-escolar-con-nuevos-horarios-exclusivos","status":"publish","type":"post","link":"https:\/\/www.muniquintero.cl\/index.php\/2025\/03\/20\/municipio-refuerza-el-transporte-escolar-con-nuevos-horarios-exclusivos\/","title":{"rendered":"Municipio refuerza el transporte escolar con nuevos horarios exclusivos"},"content":{"rendered":"\n<p>En una reuni\u00f3n clave realizada el martes 18 de marzo, el administrador municipal de Quintero, Jos\u00e9 Emiliano Hern\u00e1ndez, se reuni\u00f3 con los directivos de la empresa de transportes Sol del Pac\u00edfico para abordar diversas problem\u00e1ticas denunciadas por los vecinos de la comuna respecto al servicio de transporte.<\/p>\n\n\n\n<p>Hern\u00e1ndez explic\u00f3 que la reuni\u00f3n se llev\u00f3 a cabo por instrucciones del jefe comunal: \u201cPor orden de nuestro alcalde don Rolando Silva, nos hemos hecho parte de una coordinaci\u00f3n con la empresa Sol del Pac\u00edfico, en donde hemos planteado algunos de los malestares de la comunidad, los cuales han hecho sus denuncias por distintas v\u00edas, incluyendo el municipio. Con respecto a eso, logramos un acuerdo para mejorar los servicios, especialmente durante las tardes, pensando en los estudiantes. Actualmente, Sol del Pac\u00edfico tiene dos servicios exclusivos para ellos, y el municipio aporta con tres servicios adicionales. Coordinamos los horarios para lograr un flujo m\u00e1s fluido y menos colapsado en las tardes\u201d.<\/p>\n\n\n\n<figure class=\"wp-block-image size-large\"><img fetchpriority=\"high\" decoding=\"async\" width=\"1024\" height=\"683\" src=\"https:\/\/www.muniquintero.cl\/wp-content\/uploads\/2025\/03\/IMG_0500-1024x683.jpg\" alt=\"\" class=\"wp-image-42543\" srcset=\"https:\/\/www.muniquintero.cl\/wp-content\/uploads\/2025\/03\/IMG_0500-1024x683.jpg 1024w, https:\/\/www.muniquintero.cl\/wp-content\/uploads\/2025\/03\/IMG_0500-300x200.jpg 300w, https:\/\/www.muniquintero.cl\/wp-content\/uploads\/2025\/03\/IMG_0500-768x512.jpg 768w, https:\/\/www.muniquintero.cl\/wp-content\/uploads\/2025\/03\/IMG_0500-1536x1024.jpg 1536w, https:\/\/www.muniquintero.cl\/wp-content\/uploads\/2025\/03\/IMG_0500-2048x1365.jpg 2048w\" sizes=\"(max-width: 1024px) 100vw, 1024px\" \/><\/figure>\n\n\n\n<figure class=\"wp-block-audio\"><audio controls src=\"https:\/\/www.muniquintero.cl\/wp-content\/uploads\/2025\/03\/JOSE-EMILIANO.mp3\"><\/audio><figcaption class=\"wp-element-caption\">Emiliano Hern\u00e1ndez<\/figcaption><\/figure>\n\n\n\n<p>Entre los acuerdos alcanzados, Hern\u00e1ndez detall\u00f3 una mejora clave en los horarios de los buses exclusivos para estudiantes: \u201cVamos a tener la primera salida (desde Valpara\u00edso) a las 17:00 horas, la segunda a las 17:45, la tercera a las 18:15 y la cuarta a las 19:00. Estos cuatro servicios ser\u00e1n exclusivos para los estudiantes, lo que ayudar\u00e1 a descongestionar el resto del transporte p\u00fablico. Adem\u00e1s, evaluaremos la posibilidad de incorporar un servicio adicional en las ma\u00f1anas, tambi\u00e9n exclusivo para estudiantes, con el fin de mejorar a\u00fan m\u00e1s el flujo y liberar espacio para los dem\u00e1s usuarios\u201d.<\/p>\n\n\n\n<p>Esta coordinaci\u00f3n representa un avance significativo para la comunidad escolar de Quintero, buscando garantizar un traslado m\u00e1s eficiente y c\u00f3modo para los estudiantes, mientras se mejora la experiencia general del transporte p\u00fablico para todos los vecinos.<\/p>\n","protected":false},"excerpt":{"rendered":"<p>En una reuni\u00f3n clave realizada el martes 18 de marzo, el administrador municipal de Quintero, Jos\u00e9 Emiliano Hern\u00e1ndez, se reuni\u00f3 con los directivos de la empresa de transportes Sol del Pac\u00edfico para abordar diversas problem\u00e1ticas denunciadas por los vecinos de la comuna respecto al servicio de transporte. Hern\u00e1ndez explic\u00f3 que la reuni\u00f3n se llev\u00f3 a [&hellip;]<\/p>\n","protected":false},"author":7,"featured_media":42542,"comment_status":"closed","ping_status":"closed","sticky":false,"template":"","format":"standard","meta":{"wds_primary_category":2,"footnotes":""},"categories":[2],"tags":[580,548],"class_list":["post-42541","post","type-post","status-publish","format-standard","has-post-thumbnail","hentry","category-noticias","tag-sol-del-pacifico","tag-transporte-escolar"],"_links":{"self":[{"href":"https:\/\/www.muniquintero.cl\/index.php\/wp-json\/wp\/v2\/posts\/42541","targetHints":{"allow":["GET"]}}],"collection":[{"href":"https:\/\/www.muniquintero.cl\/index.php\/wp-json\/wp\/v2\/posts"}],"about":[{"href":"https:\/\/www.muniquintero.cl\/index.php\/wp-json\/wp\/v2\/types\/post"}],"author":[{"embeddable":true,"href":"https:\/\/www.muniquintero.cl\/index.php\/wp-json\/wp\/v2\/users\/7"}],"replies":[{"embeddable":true,"href":"https:\/\/www.muniquintero.cl\/index.php\/wp-json\/wp\/v2\/comments?post=42541"}],"version-history":[{"count":1,"href":"https:\/\/www.muniquintero.cl\/index.php\/wp-json\/wp\/v2\/posts\/42541\/revisions"}],"predecessor-version":[{"id":42545,"href":"https:\/\/www.muniquintero.cl\/index.php\/wp-json\/wp\/v2\/posts\/42541\/revisions\/42545"}],"wp:featuredmedia":[{"embeddable":true,"href":"https:\/\/www.muniquintero.cl\/index.php\/wp-json\/wp\/v2\/media\/42542"}],"wp:attachment":[{"href":"https:\/\/www.muniquintero.cl\/index.php\/wp-json\/wp\/v2\/media?parent=42541"}],"wp:term":[{"taxonomy":"category","embeddable":true,"href":"https:\/\/www.muniquintero.cl\/index.php\/wp-json\/wp\/v2\/categories?post=42541"},{"taxonomy":"post_tag","embeddable":true,"href":"https:\/\/www.muniquintero.cl\/index.php\/wp-json\/wp\/v2\/tags?post=42541"}],"curies":[{"name":"wp","href":"https:\/\/api.w.org\/{rel}","templated":true}]}}