{"id":42441,"date":"2025-03-15T10:22:46","date_gmt":"2025-03-15T14:22:46","guid":{"rendered":"https:\/\/www.muniquintero.cl\/?p=42441"},"modified":"2025-03-15T10:22:46","modified_gmt":"2025-03-15T14:22:46","slug":"alcalde-rolando-silva-lidera-mesa-tecnica-para-mejorar-transporte-rural-en-quintero","status":"publish","type":"post","link":"https:\/\/www.muniquintero.cl\/index.php\/2025\/03\/15\/alcalde-rolando-silva-lidera-mesa-tecnica-para-mejorar-transporte-rural-en-quintero\/","title":{"rendered":"Alcalde Rolando Silva lidera mesa t\u00e9cnica para mejorar transporte rural en Quintero"},"content":{"rendered":"\n<p>El jueves 13 de marzo, el alcalde de Quintero, Rolando Silva Fuentes, junto a dirigentes de las Juntas de Vecinos de las 7 localidades rurales de la comuna, sostuvo una reuni\u00f3n clave con Carolina Fredes y Carolina Henr\u00edquez, representantes de la Divisi\u00f3n de Transporte P\u00fablico Regional de la SEREMI Valpara\u00edso.<\/p>\n\n\n\n<p>El objetivo fue buscar soluciones a los problemas que ha presentado la empresa Transrural, encargada de los recorridos desde Santa Rosa de Colmo y Mantagua hacia el centro de Quintero.<\/p>\n\n\n\n<figure class=\"wp-block-image size-large\"><img fetchpriority=\"high\" decoding=\"async\" width=\"1024\" height=\"683\" src=\"https:\/\/www.muniquintero.cl\/wp-content\/uploads\/2025\/03\/IMG_8878-1024x683.jpg\" alt=\"\" class=\"wp-image-42444\" srcset=\"https:\/\/www.muniquintero.cl\/wp-content\/uploads\/2025\/03\/IMG_8878-1024x683.jpg 1024w, https:\/\/www.muniquintero.cl\/wp-content\/uploads\/2025\/03\/IMG_8878-300x200.jpg 300w, https:\/\/www.muniquintero.cl\/wp-content\/uploads\/2025\/03\/IMG_8878-768x512.jpg 768w, https:\/\/www.muniquintero.cl\/wp-content\/uploads\/2025\/03\/IMG_8878-1536x1024.jpg 1536w, https:\/\/www.muniquintero.cl\/wp-content\/uploads\/2025\/03\/IMG_8878-2048x1365.jpg 2048w\" sizes=\"(max-width: 1024px) 100vw, 1024px\" \/><\/figure>\n\n\n\n<figure class=\"wp-block-audio\"><audio controls src=\"https:\/\/www.muniquintero.cl\/wp-content\/uploads\/2025\/03\/ROLANDO-SILVA-2.mp3\"><\/audio><figcaption class=\"wp-element-caption\">Rolando Silva<\/figcaption><\/figure>\n\n\n\n<p>El alcalde Silva explic\u00f3 que \u201choy d\u00eda tuvimos la primera mesa t\u00e9cnica para informar el mal funcionamiento del servicio que est\u00e1 afectando a la comunidad, sobre todo rural. Estamos con horarios muy diferidos y el prestador no estaba cumpliendo con el contrato que \u00e9l ten\u00eda\u201d.<\/p>\n\n\n\n<p>Durante cuatro semanas, la municipalidad junto a la Oficina de Rural y las Juntas de Vecinos fiscalizaron el servicio, recolectando denuncias y evidenciando irregularidades. \u201cHoy d\u00eda lo estamos oficializando para tener una mejor calidad del transporte de las personas que van a los sectores rurales y tambi\u00e9n de nuestros estudiantes\u201d, a\u00f1adi\u00f3 Silva.<\/p>\n\n\n\n<p>La autoridad comunal inform\u00f3 que se alcanz\u00f3 un preacuerdo con el equipo t\u00e9cnico, donde se evaluar\u00e1n modificaciones a los horarios y se coordinar\u00e1 con la SEREMI para gestionar estos cambios con la empresa adjudicataria. \u201cEn los pr\u00f3ximos d\u00edas vamos a oficializar los nuevos horarios de recorrido\u201d, asegur\u00f3.<\/p>\n\n\n\n<figure class=\"wp-block-image size-large\"><img decoding=\"async\" width=\"1024\" height=\"683\" src=\"https:\/\/www.muniquintero.cl\/wp-content\/uploads\/2025\/03\/IMG_8879-1024x683.jpg\" alt=\"\" class=\"wp-image-42443\" srcset=\"https:\/\/www.muniquintero.cl\/wp-content\/uploads\/2025\/03\/IMG_8879-1024x683.jpg 1024w, https:\/\/www.muniquintero.cl\/wp-content\/uploads\/2025\/03\/IMG_8879-300x200.jpg 300w, https:\/\/www.muniquintero.cl\/wp-content\/uploads\/2025\/03\/IMG_8879-768x512.jpg 768w, https:\/\/www.muniquintero.cl\/wp-content\/uploads\/2025\/03\/IMG_8879-1536x1024.jpg 1536w, https:\/\/www.muniquintero.cl\/wp-content\/uploads\/2025\/03\/IMG_8879-2048x1365.jpg 2048w\" sizes=\"(max-width: 1024px) 100vw, 1024px\" \/><\/figure>\n\n\n\n<figure class=\"wp-block-audio\"><audio controls src=\"https:\/\/www.muniquintero.cl\/wp-content\/uploads\/2025\/03\/EDUARDO-VARGAS-.mp3\"><\/audio><figcaption class=\"wp-element-caption\">Eduardo Vargas<\/figcaption><\/figure>\n\n\n\n<p>Por su parte, Eduardo Vargas, secretario de la Junta de Vecinos de Valle Alegre y representante de la UNCO Rural, enfatiz\u00f3 en las quejas de los usuarios. \u201cLa mayor\u00eda de los reclamos es porque algunos conductores no tienen un buen trato con la gente, no toman las medidas de seguridad necesarias, como respetar se\u00f1ales de tr\u00e1nsito y controlar la velocidad del bus\u201d, expres\u00f3.<\/p>\n\n\n\n<p>Adem\u00e1s, el alcalde Silva abord\u00f3 otro conflicto relacionado con la empresa Sol del Pac\u00edfico, tras recibir denuncias por la agresi\u00f3n de un conductor hacia una estudiante. El municipio confirm\u00f3 que se har\u00e1 parte de la denuncia ante las autoridades correspondientes, reafirmando su compromiso con la seguridad y dignidad de los pasajeros.<\/p>\n\n\n\n<p>El servicio de Transrural actualmente cubre tres recorridos de lunes a viernes y dos los d\u00edas s\u00e1bado, conectando las zonas rurales con el centro de la comuna. La comunidad espera que las gestiones municipales logren mejorar la frecuencia y la calidad del servicio, garantizando un transporte seguro y eficiente para todos los vecinos de Quintero.<\/p>\n","protected":false},"excerpt":{"rendered":"<p>El jueves 13 de marzo, el alcalde de Quintero, Rolando Silva Fuentes, junto a dirigentes de las Juntas de Vecinos de las 7 localidades rurales de la comuna, sostuvo una reuni\u00f3n clave con Carolina Fredes y Carolina Henr\u00edquez, representantes de la Divisi\u00f3n de Transporte P\u00fablico Regional de la SEREMI Valpara\u00edso. El objetivo fue buscar soluciones [&hellip;]<\/p>\n","protected":false},"author":7,"featured_media":42442,"comment_status":"closed","ping_status":"closed","sticky":false,"template":"","format":"standard","meta":{"wds_primary_category":2,"footnotes":""},"categories":[2],"tags":[77,113],"class_list":["post-42441","post","type-post","status-publish","format-standard","has-post-thumbnail","hentry","category-noticias","tag-rural","tag-transporte"],"_links":{"self":[{"href":"https:\/\/www.muniquintero.cl\/index.php\/wp-json\/wp\/v2\/posts\/42441","targetHints":{"allow":["GET"]}}],"collection":[{"href":"https:\/\/www.muniquintero.cl\/index.php\/wp-json\/wp\/v2\/posts"}],"about":[{"href":"https:\/\/www.muniquintero.cl\/index.php\/wp-json\/wp\/v2\/types\/post"}],"author":[{"embeddable":true,"href":"https:\/\/www.muniquintero.cl\/index.php\/wp-json\/wp\/v2\/users\/7"}],"replies":[{"embeddable":true,"href":"https:\/\/www.muniquintero.cl\/index.php\/wp-json\/wp\/v2\/comments?post=42441"}],"version-history":[{"count":1,"href":"https:\/\/www.muniquintero.cl\/index.php\/wp-json\/wp\/v2\/posts\/42441\/revisions"}],"predecessor-version":[{"id":42447,"href":"https:\/\/www.muniquintero.cl\/index.php\/wp-json\/wp\/v2\/posts\/42441\/revisions\/42447"}],"wp:featuredmedia":[{"embeddable":true,"href":"https:\/\/www.muniquintero.cl\/index.php\/wp-json\/wp\/v2\/media\/42442"}],"wp:attachment":[{"href":"https:\/\/www.muniquintero.cl\/index.php\/wp-json\/wp\/v2\/media?parent=42441"}],"wp:term":[{"taxonomy":"category","embeddable":true,"href":"https:\/\/www.muniquintero.cl\/index.php\/wp-json\/wp\/v2\/categories?post=42441"},{"taxonomy":"post_tag","embeddable":true,"href":"https:\/\/www.muniquintero.cl\/index.php\/wp-json\/wp\/v2\/tags?post=42441"}],"curies":[{"name":"wp","href":"https:\/\/api.w.org\/{rel}","templated":true}]}}