{"id":41433,"date":"2025-01-07T11:54:43","date_gmt":"2025-01-07T15:54:43","guid":{"rendered":"https:\/\/www.muniquintero.cl\/?p=41433"},"modified":"2025-01-07T11:54:43","modified_gmt":"2025-01-07T15:54:43","slug":"autoridades-municipales-inspeccionaron-las-nuevas-instalaciones-del-jardin-infantil-valle-de-narau","status":"publish","type":"post","link":"https:\/\/www.muniquintero.cl\/index.php\/2025\/01\/07\/autoridades-municipales-inspeccionaron-las-nuevas-instalaciones-del-jardin-infantil-valle-de-narau\/","title":{"rendered":"Autoridades municipales inspeccionaron las nuevas instalaciones del Jard\u00edn Infantil Valle de Narau"},"content":{"rendered":"\n<p>El alcalde de Quintero, Rolando Silva Fuentes, junto a su equipo t\u00e9cnico y concejales, realiz\u00f3 el viernes 03 de enero una visita de inspecci\u00f3n al nuevo Jard\u00edn Infantil y Sala Cuna Valle de Narau, una importante obra para la comunidad que beneficiar\u00e1 a cerca de un centenar de ni\u00f1os de la comuna.<\/p>\n\n\n\n<figure class=\"wp-block-gallery has-nested-images columns-default is-cropped wp-block-gallery-1 is-layout-flex wp-block-gallery-is-layout-flex\">\n<figure class=\"wp-block-image size-large\"><img fetchpriority=\"high\" decoding=\"async\" width=\"1024\" height=\"683\" data-id=\"41437\" src=\"https:\/\/www.muniquintero.cl\/wp-content\/uploads\/2025\/01\/IMG_4308-1024x683.jpg\" alt=\"\" class=\"wp-image-41437\" srcset=\"https:\/\/www.muniquintero.cl\/wp-content\/uploads\/2025\/01\/IMG_4308-1024x683.jpg 1024w, https:\/\/www.muniquintero.cl\/wp-content\/uploads\/2025\/01\/IMG_4308-300x200.jpg 300w, https:\/\/www.muniquintero.cl\/wp-content\/uploads\/2025\/01\/IMG_4308-768x512.jpg 768w, https:\/\/www.muniquintero.cl\/wp-content\/uploads\/2025\/01\/IMG_4308-1536x1024.jpg 1536w, https:\/\/www.muniquintero.cl\/wp-content\/uploads\/2025\/01\/IMG_4308-2048x1365.jpg 2048w\" sizes=\"(max-width: 1024px) 100vw, 1024px\" \/><\/figure>\n\n\n\n<figure class=\"wp-block-image size-large\"><img decoding=\"async\" width=\"1024\" height=\"683\" data-id=\"41438\" src=\"https:\/\/www.muniquintero.cl\/wp-content\/uploads\/2025\/01\/IMG_4314-1024x683.jpg\" alt=\"\" class=\"wp-image-41438\" srcset=\"https:\/\/www.muniquintero.cl\/wp-content\/uploads\/2025\/01\/IMG_4314-1024x683.jpg 1024w, https:\/\/www.muniquintero.cl\/wp-content\/uploads\/2025\/01\/IMG_4314-300x200.jpg 300w, https:\/\/www.muniquintero.cl\/wp-content\/uploads\/2025\/01\/IMG_4314-768x512.jpg 768w, https:\/\/www.muniquintero.cl\/wp-content\/uploads\/2025\/01\/IMG_4314-1536x1024.jpg 1536w, https:\/\/www.muniquintero.cl\/wp-content\/uploads\/2025\/01\/IMG_4314-2048x1365.jpg 2048w\" sizes=\"(max-width: 1024px) 100vw, 1024px\" \/><\/figure>\n<\/figure>\n\n\n\n<p>En el proyecto, financiado por la Junta Nacional de Jardines Infantiles (JUNJI) por un monto de $720 millones, se cuenta con una superficie construida de 440 m\u00b2. Sus modernas instalaciones incluyen una sala cuna, dos salas de p\u00e1rvulos con servicios higi\u00e9nicos y mudador, un patio central, un patio techado, cocina, bodega y oficinas administrativas.<\/p>\n\n\n\n<figure class=\"wp-block-image size-large\"><img decoding=\"async\" width=\"1024\" height=\"683\" src=\"https:\/\/www.muniquintero.cl\/wp-content\/uploads\/2025\/01\/IMG_4303-1024x683.jpg\" alt=\"\" class=\"wp-image-41435\" srcset=\"https:\/\/www.muniquintero.cl\/wp-content\/uploads\/2025\/01\/IMG_4303-1024x683.jpg 1024w, https:\/\/www.muniquintero.cl\/wp-content\/uploads\/2025\/01\/IMG_4303-300x200.jpg 300w, https:\/\/www.muniquintero.cl\/wp-content\/uploads\/2025\/01\/IMG_4303-768x512.jpg 768w, https:\/\/www.muniquintero.cl\/wp-content\/uploads\/2025\/01\/IMG_4303-1536x1024.jpg 1536w, https:\/\/www.muniquintero.cl\/wp-content\/uploads\/2025\/01\/IMG_4303-2048x1365.jpg 2048w\" sizes=\"(max-width: 1024px) 100vw, 1024px\" \/><\/figure>\n\n\n\n<figure class=\"wp-block-audio\"><audio controls src=\"https:\/\/www.muniquintero.cl\/wp-content\/uploads\/2025\/01\/Rolando-Silva-Alcalde-de-Quintero.mp3\"><\/audio><figcaption class=\"wp-element-caption\">Rolando Silva<\/figcaption><\/figure>\n\n\n\n<p>El alcalde Silva destac\u00f3 el impacto positivo de esta obra en los vecinos de la Poblaci\u00f3n Lord Cochrane de la pen\u00ednsula: <em>\u00abEstamos muy contentos con esta visita a terreno. Era algo que hab\u00edamos propuesto en el Concejo anterior, venir con los concejales, la directora de obras, los ITO y los ATO para ver el avance. El jard\u00edn y sala cuna Valle de Narau est\u00e1 pr\u00e1cticamente terminado. Hubo modificaciones en los plazos de entrega, pero ya est\u00e1n subsanados. Ahora trabajaremos entre la DOM, la administraci\u00f3n y el DAEM para agilizar los permisos necesarios y, si todo va bien, en marzo o abril, los 84 ni\u00f1os de nuestra comuna podr\u00e1n iniciar aqu\u00ed su etapa educativa. Es un espacio de primer nivel que nos llena de orgullo\u00bb.<\/em><\/p>\n\n\n\n<figure class=\"wp-block-image size-large\"><img loading=\"lazy\" decoding=\"async\" width=\"1024\" height=\"683\" src=\"https:\/\/www.muniquintero.cl\/wp-content\/uploads\/2025\/01\/IMG_4317-1024x683.jpg\" alt=\"\" class=\"wp-image-41436\" srcset=\"https:\/\/www.muniquintero.cl\/wp-content\/uploads\/2025\/01\/IMG_4317-1024x683.jpg 1024w, https:\/\/www.muniquintero.cl\/wp-content\/uploads\/2025\/01\/IMG_4317-300x200.jpg 300w, https:\/\/www.muniquintero.cl\/wp-content\/uploads\/2025\/01\/IMG_4317-768x512.jpg 768w, https:\/\/www.muniquintero.cl\/wp-content\/uploads\/2025\/01\/IMG_4317-1536x1024.jpg 1536w, https:\/\/www.muniquintero.cl\/wp-content\/uploads\/2025\/01\/IMG_4317-2048x1365.jpg 2048w\" sizes=\"(max-width: 1024px) 100vw, 1024px\" \/><\/figure>\n\n\n\n<figure class=\"wp-block-audio\"><audio controls src=\"https:\/\/www.muniquintero.cl\/wp-content\/uploads\/2025\/01\/Katherina-Rojas-Directora-Jardin-Valle-de-Narau.mp3\"><\/audio><figcaption class=\"wp-element-caption\">Katherina Rojas<\/figcaption><\/figure>\n\n\n\n<p>Por su parte, Katherina Rojas, directora del Jard\u00edn Valle de Narau, expres\u00f3 su entusiasmo por la pronta entrega de las instalaciones: <em>\u00abEstamos muy felices con la llegada de este jard\u00edn, ya que durante dos a\u00f1os estuvimos divididos, utilizando las dependencias de Peque\u00f1os Piratas, quienes nos acogieron amablemente. Sin embargo, esto complicaba a los apoderados, ya que deb\u00edan trasladarse hasta el centro de Quintero. Este nuevo espacio cumple con todas las normativas de JUNJI y es maravilloso. Es acogedor, amplio y permitir\u00e1 a los ni\u00f1os desplazarse y aprender en un entorno ideal. Es un gran avance para la comunidad\u00bb.<\/em><\/p>\n\n\n\n<p>Con esta nueva obra, el municipio de Quintero reafirma su compromiso con la educaci\u00f3n preescolar y bienestar de los ni\u00f1os, ofreciendo un espacio moderno y funcional que busca impulsar a\u00fan m\u00e1s el desarrollo integral de los infantes de la comuna.<\/p>\n","protected":false},"excerpt":{"rendered":"<p>El alcalde de Quintero, Rolando Silva Fuentes, junto a su equipo t\u00e9cnico y concejales, realiz\u00f3 el viernes 03 de enero una visita de inspecci\u00f3n al nuevo Jard\u00edn Infantil y Sala Cuna Valle de Narau, una importante obra para la comunidad que beneficiar\u00e1 a cerca de un centenar de ni\u00f1os de la comuna. En el proyecto, [&hellip;]<\/p>\n","protected":false},"author":7,"featured_media":41434,"comment_status":"closed","ping_status":"closed","sticky":false,"template":"","format":"standard","meta":{"wds_primary_category":2,"footnotes":""},"categories":[2],"tags":[543,542,136],"class_list":["post-41433","post","type-post","status-publish","format-standard","has-post-thumbnail","hentry","category-noticias","tag-jardin-infantil","tag-junji","tag-valle-de-narau"],"_links":{"self":[{"href":"https:\/\/www.muniquintero.cl\/index.php\/wp-json\/wp\/v2\/posts\/41433","targetHints":{"allow":["GET"]}}],"collection":[{"href":"https:\/\/www.muniquintero.cl\/index.php\/wp-json\/wp\/v2\/posts"}],"about":[{"href":"https:\/\/www.muniquintero.cl\/index.php\/wp-json\/wp\/v2\/types\/post"}],"author":[{"embeddable":true,"href":"https:\/\/www.muniquintero.cl\/index.php\/wp-json\/wp\/v2\/users\/7"}],"replies":[{"embeddable":true,"href":"https:\/\/www.muniquintero.cl\/index.php\/wp-json\/wp\/v2\/comments?post=41433"}],"version-history":[{"count":1,"href":"https:\/\/www.muniquintero.cl\/index.php\/wp-json\/wp\/v2\/posts\/41433\/revisions"}],"predecessor-version":[{"id":41441,"href":"https:\/\/www.muniquintero.cl\/index.php\/wp-json\/wp\/v2\/posts\/41433\/revisions\/41441"}],"wp:featuredmedia":[{"embeddable":true,"href":"https:\/\/www.muniquintero.cl\/index.php\/wp-json\/wp\/v2\/media\/41434"}],"wp:attachment":[{"href":"https:\/\/www.muniquintero.cl\/index.php\/wp-json\/wp\/v2\/media?parent=41433"}],"wp:term":[{"taxonomy":"category","embeddable":true,"href":"https:\/\/www.muniquintero.cl\/index.php\/wp-json\/wp\/v2\/categories?post=41433"},{"taxonomy":"post_tag","embeddable":true,"href":"https:\/\/www.muniquintero.cl\/index.php\/wp-json\/wp\/v2\/tags?post=41433"}],"curies":[{"name":"wp","href":"https:\/\/api.w.org\/{rel}","templated":true}]}}