{"id":39948,"date":"2024-09-09T12:42:54","date_gmt":"2024-09-09T16:42:54","guid":{"rendered":"https:\/\/www.muniquintero.cl\/?p=39948"},"modified":"2024-09-09T12:42:54","modified_gmt":"2024-09-09T16:42:54","slug":"departamento-municipal-de-salud-celebro-el-dia-de-la-atencion-primaria","status":"publish","type":"post","link":"https:\/\/www.muniquintero.cl\/index.php\/2024\/09\/09\/departamento-municipal-de-salud-celebro-el-dia-de-la-atencion-primaria\/","title":{"rendered":"Departamento Municipal de Salud celebr\u00f3 el D\u00eda de la Atenci\u00f3n Primaria"},"content":{"rendered":"\n<p>El viernes 6 de septiembre se celebr\u00f3 en el CESFAM de Quintero el <strong>D\u00eda de la Atenci\u00f3n Primaria de Salud<\/strong> (APS), en conmemoraci\u00f3n de la Declaraci\u00f3n de Alma-Ata, firmada en 1978, donde se destac\u00f3 la importancia de los recintos de salud como el primer nivel de contacto con la comunidad.<\/p>\n\n\n\n<p>En la comuna de Quintero, este rol lo cumplen tanto la Posta Rural de Loncura como el CESFAM, ambos administrados por la municipalidad. Su objetivo es aplicar los distintos planes y programas de prevenci\u00f3n, promoci\u00f3n, tratamiento y rehabilitaci\u00f3n que requieren los vecinos.<\/p>\n\n\n\n<figure class=\"wp-block-image size-large\"><img fetchpriority=\"high\" decoding=\"async\" width=\"1024\" height=\"683\" src=\"https:\/\/www.muniquintero.cl\/wp-content\/uploads\/2024\/09\/IMG_5010-1024x683.jpg\" alt=\"\" class=\"wp-image-39950\" srcset=\"https:\/\/www.muniquintero.cl\/wp-content\/uploads\/2024\/09\/IMG_5010-1024x683.jpg 1024w, https:\/\/www.muniquintero.cl\/wp-content\/uploads\/2024\/09\/IMG_5010-300x200.jpg 300w, https:\/\/www.muniquintero.cl\/wp-content\/uploads\/2024\/09\/IMG_5010-768x512.jpg 768w, https:\/\/www.muniquintero.cl\/wp-content\/uploads\/2024\/09\/IMG_5010-1536x1024.jpg 1536w, https:\/\/www.muniquintero.cl\/wp-content\/uploads\/2024\/09\/IMG_5010-2048x1365.jpg 2048w\" sizes=\"(max-width: 1024px) 100vw, 1024px\" \/><\/figure>\n\n\n\n<figure class=\"wp-block-audio\"><audio controls src=\"https:\/\/www.muniquintero.cl\/wp-content\/uploads\/2024\/09\/Johana-Contreras.mp3\"><\/audio><figcaption class=\"wp-element-caption\">Johana Contreras<\/figcaption><\/figure>\n\n\n\n<p>Con respecto a la actividad conmemorativa, Johana Contreras, terapeuta ocupacional del Programa M\u00e1s Adulto Mayor Autovalente, se\u00f1al\u00f3: \u00abActualmente se est\u00e1n desarrollando dos programas comunales: el Programa M\u00e1s Adultos Mayores Autovalentes, que cuenta con kinesi\u00f3loga y terapeuta ocupacional, quienes realizamos talleres de actividad f\u00edsica y estimulaci\u00f3n cognitiva para mejorar la calidad de vida de los adultos mayores de nuestra comuna; y adem\u00e1s se desarrolla el Programa Vida Sana, que cuenta con tres profesionales: nutricionista, tecn\u00f3logo en deportes y psic\u00f3logo\u00bb.<\/p>\n\n\n\n<figure class=\"wp-block-image size-large\"><img decoding=\"async\" width=\"1024\" height=\"683\" src=\"https:\/\/www.muniquintero.cl\/wp-content\/uploads\/2024\/09\/IMG_5009-1024x683.jpg\" alt=\"\" class=\"wp-image-39952\" srcset=\"https:\/\/www.muniquintero.cl\/wp-content\/uploads\/2024\/09\/IMG_5009-1024x683.jpg 1024w, https:\/\/www.muniquintero.cl\/wp-content\/uploads\/2024\/09\/IMG_5009-300x200.jpg 300w, https:\/\/www.muniquintero.cl\/wp-content\/uploads\/2024\/09\/IMG_5009-768x512.jpg 768w, https:\/\/www.muniquintero.cl\/wp-content\/uploads\/2024\/09\/IMG_5009-1536x1024.jpg 1536w, https:\/\/www.muniquintero.cl\/wp-content\/uploads\/2024\/09\/IMG_5009-2048x1365.jpg 2048w\" sizes=\"(max-width: 1024px) 100vw, 1024px\" \/><\/figure>\n\n\n\n<figure class=\"wp-block-audio\"><audio controls src=\"https:\/\/www.muniquintero.cl\/wp-content\/uploads\/2024\/09\/Catalina-Aravena.mp3\"><\/audio><figcaption class=\"wp-element-caption\">Catalina Aravena<\/figcaption><\/figure>\n\n\n\n<p>Por su parte, Catalina Aravena, dentista del CESFAM de Quintero, coment\u00f3: \u00abDentro de los programas que ejecutamos ac\u00e1 est\u00e1 el Programa CERO, que se enfoca en el riesgo de generar caries. Tambi\u00e9n tenemos el Programa GES de embarazadas, el Programa GES de 6 a\u00f1os, y el Programa GES de Urgencias y Morbilidades de Adultos, que contempla adultos y adultos mayores. Adem\u00e1s, contamos con otros programas de pr\u00f3tesis, y a medida que avance el a\u00f1o estaremos llamando a los pacientes que califiquen para ser atendidos\u00bb.<\/p>\n\n\n\n<p>Finalmente, con el objetivo de brindar una mejor atenci\u00f3n, el Departamento Municipal de Salud ha puesto a disposici\u00f3n los siguientes n\u00fameros telef\u00f3nicos:<\/p>\n\n\n\n<ul class=\"wp-block-list\">\n<li>32-3276425: SOME Sector Azul, para entrega de informaci\u00f3n de Programas APS.<\/li>\n\n\n\n<li>32-2576424: SOME Sector Verde, para entrega de informaci\u00f3n de Programas APS.<\/li>\n<\/ul>\n","protected":false},"excerpt":{"rendered":"<p>El viernes 6 de septiembre se celebr\u00f3 en el CESFAM de Quintero el D\u00eda de la Atenci\u00f3n Primaria de Salud (APS), en conmemoraci\u00f3n de la Declaraci\u00f3n de Alma-Ata, firmada en 1978, donde se destac\u00f3 la importancia de los recintos de salud como el primer nivel de contacto con la comunidad. En la comuna de Quintero, [&hellip;]<\/p>\n","protected":false},"author":7,"featured_media":39949,"comment_status":"closed","ping_status":"closed","sticky":false,"template":"","format":"standard","meta":{"wds_primary_category":2,"footnotes":""},"categories":[2],"tags":[505,445,139],"class_list":["post-39948","post","type-post","status-publish","format-standard","has-post-thumbnail","hentry","category-noticias","tag-aps","tag-cesfam","tag-salud"],"_links":{"self":[{"href":"https:\/\/www.muniquintero.cl\/index.php\/wp-json\/wp\/v2\/posts\/39948","targetHints":{"allow":["GET"]}}],"collection":[{"href":"https:\/\/www.muniquintero.cl\/index.php\/wp-json\/wp\/v2\/posts"}],"about":[{"href":"https:\/\/www.muniquintero.cl\/index.php\/wp-json\/wp\/v2\/types\/post"}],"author":[{"embeddable":true,"href":"https:\/\/www.muniquintero.cl\/index.php\/wp-json\/wp\/v2\/users\/7"}],"replies":[{"embeddable":true,"href":"https:\/\/www.muniquintero.cl\/index.php\/wp-json\/wp\/v2\/comments?post=39948"}],"version-history":[{"count":1,"href":"https:\/\/www.muniquintero.cl\/index.php\/wp-json\/wp\/v2\/posts\/39948\/revisions"}],"predecessor-version":[{"id":39955,"href":"https:\/\/www.muniquintero.cl\/index.php\/wp-json\/wp\/v2\/posts\/39948\/revisions\/39955"}],"wp:featuredmedia":[{"embeddable":true,"href":"https:\/\/www.muniquintero.cl\/index.php\/wp-json\/wp\/v2\/media\/39949"}],"wp:attachment":[{"href":"https:\/\/www.muniquintero.cl\/index.php\/wp-json\/wp\/v2\/media?parent=39948"}],"wp:term":[{"taxonomy":"category","embeddable":true,"href":"https:\/\/www.muniquintero.cl\/index.php\/wp-json\/wp\/v2\/categories?post=39948"},{"taxonomy":"post_tag","embeddable":true,"href":"https:\/\/www.muniquintero.cl\/index.php\/wp-json\/wp\/v2\/tags?post=39948"}],"curies":[{"name":"wp","href":"https:\/\/api.w.org\/{rel}","templated":true}]}}