{"id":39206,"date":"2024-07-17T11:39:37","date_gmt":"2024-07-17T15:39:37","guid":{"rendered":"https:\/\/www.muniquintero.cl\/?p=39206"},"modified":"2024-07-17T11:39:37","modified_gmt":"2024-07-17T15:39:37","slug":"seremi-de-desarrollo-social-y-familia-dio-a-conocer-el-nuevo-sistema-nacional-de-apoyos-y-cuidados","status":"publish","type":"post","link":"https:\/\/www.muniquintero.cl\/index.php\/2024\/07\/17\/seremi-de-desarrollo-social-y-familia-dio-a-conocer-el-nuevo-sistema-nacional-de-apoyos-y-cuidados\/","title":{"rendered":"SEREMI de Desarrollo Social y Familia dio a conocer el nuevo Sistema Nacional de Apoyos y Cuidados"},"content":{"rendered":"\n<p>El viernes 12 de julio, el alcalde Mauricio Carrasco Pardo recibi\u00f3 a la SEREMI de Desarrollo Social y Familia, Claudia Espinoza Carrami\u00f1ana, quien dio a conocer la puesta en marcha del Sistema Nacional de Apoyos y Cuidados, que se convertir\u00e1 en un nuevo pilar de la protecci\u00f3n social de nuestro pa\u00eds.<\/p>\n\n\n\n<p>Chile Cuida, Sistema Nacional de Apoyos y Cuidados, es una importante iniciativa del Gobierno del presidente Gabriel Boric, que permitir\u00e1 garantizar de manera progresiva el derecho al cuidado tanto de personas con dependencia como de sus cuidadores, adem\u00e1s de promover la autonom\u00eda y la vida independiente.<\/p>\n\n\n\n<figure class=\"wp-block-image size-large\"><img fetchpriority=\"high\" decoding=\"async\" width=\"1024\" height=\"683\" src=\"https:\/\/www.muniquintero.cl\/wp-content\/uploads\/2024\/07\/IMG_1972-1024x683.jpg\" alt=\"\" class=\"wp-image-39208\" srcset=\"https:\/\/www.muniquintero.cl\/wp-content\/uploads\/2024\/07\/IMG_1972-1024x683.jpg 1024w, https:\/\/www.muniquintero.cl\/wp-content\/uploads\/2024\/07\/IMG_1972-300x200.jpg 300w, https:\/\/www.muniquintero.cl\/wp-content\/uploads\/2024\/07\/IMG_1972-768x512.jpg 768w, https:\/\/www.muniquintero.cl\/wp-content\/uploads\/2024\/07\/IMG_1972-1536x1024.jpg 1536w, https:\/\/www.muniquintero.cl\/wp-content\/uploads\/2024\/07\/IMG_1972-2048x1365.jpg 2048w\" sizes=\"(max-width: 1024px) 100vw, 1024px\" \/><\/figure>\n\n\n\n<p>Al respecto, la SEREMI Claudia Espinoza inform\u00f3: \u201cHemos venido para poder conversar sobre Chile Cuida y la forma tambi\u00e9n de fortalecer es el trabajo municipal que tienen, el compromiso que existe aqu\u00ed en Quintero con el trabajo con las personas que tienen alg\u00fan nivel de dependencia, pero tambi\u00e9n con sus cuidadoras y el poder trabajar en conjunto para poder fortalecer, tener una llegada integral, poder compensar la deuda tambi\u00e9n que tenemos como pa\u00eds con las personas que cuidan\u201d.<\/p>\n\n\n\n<figure class=\"wp-block-audio\"><audio controls src=\"https:\/\/www.muniquintero.cl\/wp-content\/uploads\/2024\/07\/Claudia-Espinoza-.mp3\"><\/audio><figcaption class=\"wp-element-caption\">Claudia Espinoza<\/figcaption><\/figure>\n\n\n\n<p>\u201cAmpliar tambi\u00e9n la oferta de programas, pero unificar la atenci\u00f3n a trav\u00e9s de Ventanilla \u00danica y tambi\u00e9n, dec\u00eda el alcalde, trabajar tambi\u00e9n incluso en torno a algunos centros que esperamos en el futuro puedan estar en la comuna de Quintero\u201d.<\/p>\n\n\n\n<p>El alcalde Mauricio Carrasco indic\u00f3: \u201cLa reuni\u00f3n b\u00e1sicamente era mostrarnos lo nuevo que viene, que es Chile Cuida, que es lo que tenemos hoy d\u00eda, pero mejorado, toda esta red de personas que se cuidan en la casa, pero apuntan a los cuidadores tambi\u00e9n, c\u00f3mo se mejora la calidad de vida de ellos\u201d.<\/p>\n\n\n\n<figure class=\"wp-block-audio\"><audio controls src=\"https:\/\/www.muniquintero.cl\/wp-content\/uploads\/2024\/07\/MAURICIO-CARRASCO.mp3\"><\/audio><figcaption class=\"wp-element-caption\">Mauricio Carrasco<\/figcaption><\/figure>\n\n\n\n<p>\u201cJunto con ello hay un proyecto muy interesante que ojal\u00e1 podamos sacarlo adelante junto con nuestra SEREMI, que es un centro de atenci\u00f3n. Hay un convenio entre el Gobierno y la municipalidad, nosotros colocaremos el terreno y el Gobierno va a ser el financiamiento de esto. Ojal\u00e1 que se pueda desarrollar el pr\u00f3ximo a\u00f1o\u201d, anunci\u00f3 el alcalde Mauricio Carrasco.<\/p>\n\n\n\n<p>En esta misma l\u00ednea, la Municipalidad de Quintero implement\u00f3 hace dos a\u00f1os el Programa Red Local de Apoyos y Cuidados, que se ejecuta a trav\u00e9s de la Direcci\u00f3n de Desarrollo Comunitario para dar apoyo a cuidadoras y cuidadores de nuestra comuna sobre la base de provisi\u00f3n de servicios b\u00e1sicos de cuidado en el domicilio; servicio especializado de cuidados y la gesti\u00f3n comunitaria.<\/p>\n","protected":false},"excerpt":{"rendered":"<p>El viernes 12 de julio, el alcalde Mauricio Carrasco Pardo recibi\u00f3 a la SEREMI de Desarrollo Social y Familia, Claudia Espinoza Carrami\u00f1ana, quien dio a conocer la puesta en marcha del Sistema Nacional de Apoyos y Cuidados, que se convertir\u00e1 en un nuevo pilar de la protecci\u00f3n social de nuestro pa\u00eds. Chile Cuida, Sistema Nacional [&hellip;]<\/p>\n","protected":false},"author":7,"featured_media":39207,"comment_status":"closed","ping_status":"closed","sticky":false,"template":"","format":"standard","meta":{"wds_primary_category":0,"footnotes":""},"categories":[2],"tags":[393,73,392],"class_list":["post-39206","post","type-post","status-publish","format-standard","has-post-thumbnail","hentry","category-noticias","tag-albatros","tag-quintero","tag-rugby"],"_links":{"self":[{"href":"https:\/\/www.muniquintero.cl\/index.php\/wp-json\/wp\/v2\/posts\/39206","targetHints":{"allow":["GET"]}}],"collection":[{"href":"https:\/\/www.muniquintero.cl\/index.php\/wp-json\/wp\/v2\/posts"}],"about":[{"href":"https:\/\/www.muniquintero.cl\/index.php\/wp-json\/wp\/v2\/types\/post"}],"author":[{"embeddable":true,"href":"https:\/\/www.muniquintero.cl\/index.php\/wp-json\/wp\/v2\/users\/7"}],"replies":[{"embeddable":true,"href":"https:\/\/www.muniquintero.cl\/index.php\/wp-json\/wp\/v2\/comments?post=39206"}],"version-history":[{"count":1,"href":"https:\/\/www.muniquintero.cl\/index.php\/wp-json\/wp\/v2\/posts\/39206\/revisions"}],"predecessor-version":[{"id":39211,"href":"https:\/\/www.muniquintero.cl\/index.php\/wp-json\/wp\/v2\/posts\/39206\/revisions\/39211"}],"wp:featuredmedia":[{"embeddable":true,"href":"https:\/\/www.muniquintero.cl\/index.php\/wp-json\/wp\/v2\/media\/39207"}],"wp:attachment":[{"href":"https:\/\/www.muniquintero.cl\/index.php\/wp-json\/wp\/v2\/media?parent=39206"}],"wp:term":[{"taxonomy":"category","embeddable":true,"href":"https:\/\/www.muniquintero.cl\/index.php\/wp-json\/wp\/v2\/categories?post=39206"},{"taxonomy":"post_tag","embeddable":true,"href":"https:\/\/www.muniquintero.cl\/index.php\/wp-json\/wp\/v2\/tags?post=39206"}],"curies":[{"name":"wp","href":"https:\/\/api.w.org\/{rel}","templated":true}]}}