{"id":38720,"date":"2024-05-27T14:37:43","date_gmt":"2024-05-27T17:37:43","guid":{"rendered":"https:\/\/www.muniquintero.cl\/?p=38720"},"modified":"2024-05-27T14:38:54","modified_gmt":"2024-05-27T17:38:54","slug":"quintero-celebro-el-dia-de-los-patrimonios-con-una-entretenida-agenda-de-actividades-locales","status":"publish","type":"post","link":"https:\/\/www.muniquintero.cl\/index.php\/2024\/05\/27\/quintero-celebro-el-dia-de-los-patrimonios-con-una-entretenida-agenda-de-actividades-locales\/","title":{"rendered":"Quintero celebr\u00f3 el D\u00eda de los Patrimonios con una entretenida agenda de actividades locales"},"content":{"rendered":"\n<p>La municipalidad de Quintero a trav\u00e9s de la Unidad de Patrimonio, la Biblioteca P\u00fablica Municipal y la Corporaci\u00f3n de Cultura y Turismo, desarroll\u00f3 diferentes actividades para celebrar este fin de semana el D\u00eda de los Patrimonios.<\/p>\n\n\n\n<figure class=\"wp-block-image aligncenter size-large\"><img fetchpriority=\"high\" decoding=\"async\" width=\"768\" height=\"1024\" src=\"https:\/\/www.muniquintero.cl\/wp-content\/uploads\/2024\/05\/C2-768x1024.jpeg\" alt=\"\" class=\"wp-image-38722\" srcset=\"https:\/\/www.muniquintero.cl\/wp-content\/uploads\/2024\/05\/C2-768x1024.jpeg 768w, https:\/\/www.muniquintero.cl\/wp-content\/uploads\/2024\/05\/C2-225x300.jpeg 225w, https:\/\/www.muniquintero.cl\/wp-content\/uploads\/2024\/05\/C2.jpeg 960w\" sizes=\"(max-width: 768px) 100vw, 768px\" \/><\/figure>\n\n\n\n<p><\/p>\n\n\n\n<p>Dentro de las iniciativas agendadas, la Unidad de Patrimonio realiz\u00f3 la apertura de la Casona Museo Lord Cochrane ubicada en Valle Alegre con visitas guiadas al inmueble, en donde los asistentes pudieron apreciar diferentes documentos y piezas hist\u00f3ricas. En tanto, la Biblioteca Municipal \u201cMercedes Oporto Vera\u201d, expuso en sus instalaciones, una Muestra Fotogr\u00e1fica que contiene im\u00e1genes antiguas de la comuna de Quintero y que son parte del Archivo Memorias del Siglo XX.<\/p>\n\n\n\n<figure class=\"wp-block-image size-large\"><img decoding=\"async\" width=\"1024\" height=\"462\" src=\"https:\/\/www.muniquintero.cl\/wp-content\/uploads\/2024\/05\/B2-1024x462.jpeg\" alt=\"\" class=\"wp-image-38724\" srcset=\"https:\/\/www.muniquintero.cl\/wp-content\/uploads\/2024\/05\/B2-1024x462.jpeg 1024w, https:\/\/www.muniquintero.cl\/wp-content\/uploads\/2024\/05\/B2-300x135.jpeg 300w, https:\/\/www.muniquintero.cl\/wp-content\/uploads\/2024\/05\/B2-768x346.jpeg 768w, https:\/\/www.muniquintero.cl\/wp-content\/uploads\/2024\/05\/B2.jpeg 1156w\" sizes=\"(max-width: 1024px) 100vw, 1024px\" \/><\/figure>\n\n\n\n<p>En el caso de la Corporaci\u00f3n Municipal de Cultura y Turismo, se realizaron recorridos al interior de la Casona Estaci\u00f3n que antiguamente recib\u00eda a los veraneantes que llegaban en tren y adem\u00e1s se cont\u00f3 con la presentaci\u00f3n de la destacada Chinchinera Camila Guerrero, junto al reconocido Organillero Claudio Cort\u00e9s, quienes forman parte del Patrimonio Inmaterial de la regi\u00f3n de Valpara\u00edso.<\/p>\n\n\n\n<figure class=\"wp-block-image size-large\"><img decoding=\"async\" width=\"1024\" height=\"683\" src=\"https:\/\/www.muniquintero.cl\/wp-content\/uploads\/2024\/05\/IMG_8785-1024x683.jpg\" alt=\"\" class=\"wp-image-38725\" srcset=\"https:\/\/www.muniquintero.cl\/wp-content\/uploads\/2024\/05\/IMG_8785-1024x683.jpg 1024w, https:\/\/www.muniquintero.cl\/wp-content\/uploads\/2024\/05\/IMG_8785-300x200.jpg 300w, https:\/\/www.muniquintero.cl\/wp-content\/uploads\/2024\/05\/IMG_8785-768x512.jpg 768w, https:\/\/www.muniquintero.cl\/wp-content\/uploads\/2024\/05\/IMG_8785-1536x1024.jpg 1536w, https:\/\/www.muniquintero.cl\/wp-content\/uploads\/2024\/05\/IMG_8785-2048x1365.jpg 2048w\" sizes=\"(max-width: 1024px) 100vw, 1024px\" \/><\/figure>\n\n\n\n<figure class=\"wp-block-audio\"><audio controls src=\"https:\/\/www.muniquintero.cl\/wp-content\/uploads\/2024\/05\/Carlos-Munoz.mp3\"><\/audio><figcaption class=\"wp-element-caption\">Carlos Mu\u00f1oz<\/figcaption><\/figure>\n\n\n\n<p>&nbsp;Al respecto de esta \u00faltima actividad, Calos Mu\u00f1oz Kusma, gerente de la Corporaci\u00f3n, inform\u00f3 que, \u201cdurante todo el d\u00eda de hoy hemos estado celebrando y conmemorando el d\u00eda del Patrimonio en nuestra Casa Estaci\u00f3n con visitas desde primera hora de la ma\u00f1ana y grupos maravillosos de personas que han venido a conocer un poco m\u00e1s de lo que represent\u00f3 y representa este lugar, que tambi\u00e9n es parte importante de nuestra historia,<\/p>\n\n\n\n<p>\u201cAcercarnos al patrimonio es tambi\u00e9n acercarnos a la historia, ya lo dec\u00edamos a la cultura y tambi\u00e9n a todas aquellas personas que en alg\u00fan momento hicieron tanto por Quintero, que fueron parte sustantiva del desarrollo y el progreso de este lugar y por eso que es importante que cada vez que tengamos la oportunidad de reencontrarnos usted y su familia se conecte con nosotros, se conecte con nuestra historia y se haga m\u00e1s parte de este territorio que tiene tantas bondades, ya lo hemos dicho, no somos solamente una zona de sacrificio, somos un lugar maravilloso, lleno de gente incre\u00edble, con una historia que queremos contar a partir de experiencias como \u00e9stas\u201d.<\/p>\n\n\n\n<figure class=\"wp-block-image size-large\"><img loading=\"lazy\" decoding=\"async\" width=\"1024\" height=\"683\" src=\"https:\/\/www.muniquintero.cl\/wp-content\/uploads\/2024\/05\/IMG_8574-1024x683.jpg\" alt=\"\" class=\"wp-image-38726\" srcset=\"https:\/\/www.muniquintero.cl\/wp-content\/uploads\/2024\/05\/IMG_8574-1024x683.jpg 1024w, https:\/\/www.muniquintero.cl\/wp-content\/uploads\/2024\/05\/IMG_8574-300x200.jpg 300w, https:\/\/www.muniquintero.cl\/wp-content\/uploads\/2024\/05\/IMG_8574-768x512.jpg 768w, https:\/\/www.muniquintero.cl\/wp-content\/uploads\/2024\/05\/IMG_8574-1536x1024.jpg 1536w, https:\/\/www.muniquintero.cl\/wp-content\/uploads\/2024\/05\/IMG_8574-2048x1365.jpg 2048w\" sizes=\"(max-width: 1024px) 100vw, 1024px\" \/><\/figure>\n\n\n\n<figure class=\"wp-block-audio\"><audio controls src=\"https:\/\/www.muniquintero.cl\/wp-content\/uploads\/2024\/05\/Claudio-Cortes.mp3\"><\/audio><figcaption class=\"wp-element-caption\">Claudio Cort\u00e9s<\/figcaption><\/figure>\n\n\n\n<p>En este sentido Claudio Cort\u00e9s, Organillero de Valpara\u00edso cont\u00f3 que, \u201cyo llevo 50 a\u00f1os en el oficio y es bueno que se siga conservando porque es una de las tradiciones m\u00e1s antiguas que quedan ac\u00e1 sobre todo en Valpara\u00edso, que es la ciudad patrimonio, y la idea es que los ni\u00f1os se vayan integrando a esto porque son tradiciones\u201d.<\/p>\n\n\n\n<p>\u201cDebido a la tecnolog\u00eda, muchos oficios se pierden porque ya los ni\u00f1os van perdiendo el entusiasmo por la tecnolog\u00eda de ahora que usted ve que son los celulares, pero el Estado deber\u00eda a nosotros como subvencionarnos, o darnos oportunidades en que participemos en eventos, en sobre todo en estas fiestas, por ejemplo, que el D\u00eda del Patrimonio ma\u00f1ana, entonces deber\u00edan integrarnos tambi\u00e9n en cierta actividades\u201d, explic\u00f3 don Yeyo, como le dicen a este connotado Organillero porte\u00f1o.<\/p>\n\n\n\n<figure class=\"wp-block-gallery has-nested-images columns-default is-cropped wp-block-gallery-1 is-layout-flex wp-block-gallery-is-layout-flex\">\n<figure class=\"wp-block-image size-large\"><img loading=\"lazy\" decoding=\"async\" width=\"1024\" height=\"576\" data-id=\"38732\" src=\"https:\/\/www.muniquintero.cl\/wp-content\/uploads\/2024\/05\/A1-1024x576.jpeg\" alt=\"\" class=\"wp-image-38732\" srcset=\"https:\/\/www.muniquintero.cl\/wp-content\/uploads\/2024\/05\/A1-1024x576.jpeg 1024w, https:\/\/www.muniquintero.cl\/wp-content\/uploads\/2024\/05\/A1-300x169.jpeg 300w, https:\/\/www.muniquintero.cl\/wp-content\/uploads\/2024\/05\/A1-768x432.jpeg 768w, https:\/\/www.muniquintero.cl\/wp-content\/uploads\/2024\/05\/A1-1536x864.jpeg 1536w, https:\/\/www.muniquintero.cl\/wp-content\/uploads\/2024\/05\/A1.jpeg 2048w\" sizes=\"(max-width: 1024px) 100vw, 1024px\" \/><\/figure>\n\n\n\n<figure class=\"wp-block-image size-large\"><img loading=\"lazy\" decoding=\"async\" width=\"1024\" height=\"576\" data-id=\"38733\" src=\"https:\/\/www.muniquintero.cl\/wp-content\/uploads\/2024\/05\/A2-1024x576.jpeg\" alt=\"\" class=\"wp-image-38733\" srcset=\"https:\/\/www.muniquintero.cl\/wp-content\/uploads\/2024\/05\/A2-1024x576.jpeg 1024w, https:\/\/www.muniquintero.cl\/wp-content\/uploads\/2024\/05\/A2-300x169.jpeg 300w, https:\/\/www.muniquintero.cl\/wp-content\/uploads\/2024\/05\/A2-768x432.jpeg 768w, https:\/\/www.muniquintero.cl\/wp-content\/uploads\/2024\/05\/A2-1536x864.jpeg 1536w, https:\/\/www.muniquintero.cl\/wp-content\/uploads\/2024\/05\/A2.jpeg 2048w\" sizes=\"(max-width: 1024px) 100vw, 1024px\" \/><\/figure>\n\n\n\n<figure class=\"wp-block-image size-large\"><img loading=\"lazy\" decoding=\"async\" width=\"1024\" height=\"576\" data-id=\"38731\" src=\"https:\/\/www.muniquintero.cl\/wp-content\/uploads\/2024\/05\/A3-1024x576.jpeg\" alt=\"\" class=\"wp-image-38731\" srcset=\"https:\/\/www.muniquintero.cl\/wp-content\/uploads\/2024\/05\/A3-1024x576.jpeg 1024w, https:\/\/www.muniquintero.cl\/wp-content\/uploads\/2024\/05\/A3-300x169.jpeg 300w, https:\/\/www.muniquintero.cl\/wp-content\/uploads\/2024\/05\/A3-768x432.jpeg 768w, https:\/\/www.muniquintero.cl\/wp-content\/uploads\/2024\/05\/A3-1536x864.jpeg 1536w, https:\/\/www.muniquintero.cl\/wp-content\/uploads\/2024\/05\/A3.jpeg 2048w\" sizes=\"(max-width: 1024px) 100vw, 1024px\" \/><\/figure>\n\n\n\n<figure class=\"wp-block-image size-large\"><img loading=\"lazy\" decoding=\"async\" width=\"519\" height=\"327\" data-id=\"38729\" src=\"https:\/\/www.muniquintero.cl\/wp-content\/uploads\/2024\/05\/B1.jpeg\" alt=\"\" class=\"wp-image-38729\" srcset=\"https:\/\/www.muniquintero.cl\/wp-content\/uploads\/2024\/05\/B1.jpeg 519w, https:\/\/www.muniquintero.cl\/wp-content\/uploads\/2024\/05\/B1-300x189.jpeg 300w\" sizes=\"(max-width: 519px) 100vw, 519px\" \/><\/figure>\n\n\n\n<figure class=\"wp-block-image size-large\"><img loading=\"lazy\" decoding=\"async\" width=\"516\" height=\"383\" data-id=\"38730\" src=\"https:\/\/www.muniquintero.cl\/wp-content\/uploads\/2024\/05\/B3-1.jpeg\" alt=\"\" class=\"wp-image-38730\" srcset=\"https:\/\/www.muniquintero.cl\/wp-content\/uploads\/2024\/05\/B3-1.jpeg 516w, https:\/\/www.muniquintero.cl\/wp-content\/uploads\/2024\/05\/B3-1-300x223.jpeg 300w\" sizes=\"(max-width: 516px) 100vw, 516px\" \/><\/figure>\n<\/figure>\n","protected":false},"excerpt":{"rendered":"<p>La municipalidad de Quintero a trav\u00e9s de la Unidad de Patrimonio, la Biblioteca P\u00fablica Municipal y la Corporaci\u00f3n de Cultura y Turismo, desarroll\u00f3 diferentes actividades para celebrar este fin de semana el D\u00eda de los Patrimonios. Dentro de las iniciativas agendadas, la Unidad de Patrimonio realiz\u00f3 la apertura de la Casona Museo Lord Cochrane ubicada [&hellip;]<\/p>\n","protected":false},"author":7,"featured_media":38721,"comment_status":"closed","ping_status":"closed","sticky":false,"template":"","format":"standard","meta":{"wds_primary_category":0,"footnotes":""},"categories":[2],"tags":[479,73],"class_list":["post-38720","post","type-post","status-publish","format-standard","has-post-thumbnail","hentry","category-noticias","tag-patrimonio","tag-quintero"],"_links":{"self":[{"href":"https:\/\/www.muniquintero.cl\/index.php\/wp-json\/wp\/v2\/posts\/38720","targetHints":{"allow":["GET"]}}],"collection":[{"href":"https:\/\/www.muniquintero.cl\/index.php\/wp-json\/wp\/v2\/posts"}],"about":[{"href":"https:\/\/www.muniquintero.cl\/index.php\/wp-json\/wp\/v2\/types\/post"}],"author":[{"embeddable":true,"href":"https:\/\/www.muniquintero.cl\/index.php\/wp-json\/wp\/v2\/users\/7"}],"replies":[{"embeddable":true,"href":"https:\/\/www.muniquintero.cl\/index.php\/wp-json\/wp\/v2\/comments?post=38720"}],"version-history":[{"count":2,"href":"https:\/\/www.muniquintero.cl\/index.php\/wp-json\/wp\/v2\/posts\/38720\/revisions"}],"predecessor-version":[{"id":38736,"href":"https:\/\/www.muniquintero.cl\/index.php\/wp-json\/wp\/v2\/posts\/38720\/revisions\/38736"}],"wp:featuredmedia":[{"embeddable":true,"href":"https:\/\/www.muniquintero.cl\/index.php\/wp-json\/wp\/v2\/media\/38721"}],"wp:attachment":[{"href":"https:\/\/www.muniquintero.cl\/index.php\/wp-json\/wp\/v2\/media?parent=38720"}],"wp:term":[{"taxonomy":"category","embeddable":true,"href":"https:\/\/www.muniquintero.cl\/index.php\/wp-json\/wp\/v2\/categories?post=38720"},{"taxonomy":"post_tag","embeddable":true,"href":"https:\/\/www.muniquintero.cl\/index.php\/wp-json\/wp\/v2\/tags?post=38720"}],"curies":[{"name":"wp","href":"https:\/\/api.w.org\/{rel}","templated":true}]}}