{"id":38534,"date":"2024-05-06T13:40:57","date_gmt":"2024-05-06T16:40:57","guid":{"rendered":"https:\/\/www.muniquintero.cl\/?p=38534"},"modified":"2024-05-06T13:40:58","modified_gmt":"2024-05-06T16:40:58","slug":"municipalidad-prepara-la-celebracion-del-dia-de-la-madre","status":"publish","type":"post","link":"https:\/\/www.muniquintero.cl\/index.php\/2024\/05\/06\/municipalidad-prepara-la-celebracion-del-dia-de-la-madre\/","title":{"rendered":"Municipalidad Prepara La Celebraci\u00f3n Del D\u00eda De La Madre"},"content":{"rendered":"\n<p>La Ilustre Municipalidad de Quintero saluda a los kinesi\u00f3logos que desarrollan su labor profesional y vocacional al servicio de los vecinos y vecinas de nuestra comuna.<\/p>\n\n\n\n<p><br>Los kinesi\u00f3logos son un gran soporte para el \u00e1rea m\u00e9dica y se consideran pilares fundamentales en muchos procesos de recuperaci\u00f3n y de mejoramiento de la calidad de vida de los pacientes.<br>En Chile se celebra el d\u00eda del Kinesi\u00f3logo el 6 de mayo, d\u00eda en el que se conmemora la publicaci\u00f3n de la ley de Colegios Profesionales de 1969.<\/p>\n\n\n\n\n\n<p>El encuentro de la tarde comienza a las 17:00 horas en el sal\u00f3n Francisco Coloane, y est\u00e1n todas \u201clas mamitas\u201d invitadas, sin necesidad de llevar una tarjeta para su ingreso, aunque si alguien quiere tener una invitaci\u00f3n impresa puede pasar a buscarla a las oficinas de Dideco. Junto con ello, extendemos la invitaci\u00f3n para visitar durante la ma\u00f1ana la feria de madres emprendedoras, muchas de las cuales son jefas de hogar y logran ingresos para sus familias gracias a su microempresa.<\/p>\n","protected":false},"excerpt":{"rendered":"<p>La Ilustre Municipalidad de Quintero saluda a los kinesi\u00f3logos que desarrollan su labor profesional y vocacional al servicio de los vecinos y vecinas de nuestra comuna. Los kinesi\u00f3logos son un gran soporte para el \u00e1rea m\u00e9dica y se consideran pilares fundamentales en muchos procesos de recuperaci\u00f3n y de mejoramiento de la calidad de vida de [&hellip;]<\/p>\n","protected":false},"author":12,"featured_media":38536,"comment_status":"closed","ping_status":"closed","sticky":false,"template":"","format":"standard","meta":{"wds_primary_category":2,"footnotes":""},"categories":[2],"tags":[],"class_list":["post-38534","post","type-post","status-publish","format-standard","has-post-thumbnail","hentry","category-noticias"],"_links":{"self":[{"href":"https:\/\/www.muniquintero.cl\/index.php\/wp-json\/wp\/v2\/posts\/38534","targetHints":{"allow":["GET"]}}],"collection":[{"href":"https:\/\/www.muniquintero.cl\/index.php\/wp-json\/wp\/v2\/posts"}],"about":[{"href":"https:\/\/www.muniquintero.cl\/index.php\/wp-json\/wp\/v2\/types\/post"}],"author":[{"embeddable":true,"href":"https:\/\/www.muniquintero.cl\/index.php\/wp-json\/wp\/v2\/users\/12"}],"replies":[{"embeddable":true,"href":"https:\/\/www.muniquintero.cl\/index.php\/wp-json\/wp\/v2\/comments?post=38534"}],"version-history":[{"count":1,"href":"https:\/\/www.muniquintero.cl\/index.php\/wp-json\/wp\/v2\/posts\/38534\/revisions"}],"predecessor-version":[{"id":38537,"href":"https:\/\/www.muniquintero.cl\/index.php\/wp-json\/wp\/v2\/posts\/38534\/revisions\/38537"}],"wp:featuredmedia":[{"embeddable":true,"href":"https:\/\/www.muniquintero.cl\/index.php\/wp-json\/wp\/v2\/media\/38536"}],"wp:attachment":[{"href":"https:\/\/www.muniquintero.cl\/index.php\/wp-json\/wp\/v2\/media?parent=38534"}],"wp:term":[{"taxonomy":"category","embeddable":true,"href":"https:\/\/www.muniquintero.cl\/index.php\/wp-json\/wp\/v2\/categories?post=38534"},{"taxonomy":"post_tag","embeddable":true,"href":"https:\/\/www.muniquintero.cl\/index.php\/wp-json\/wp\/v2\/tags?post=38534"}],"curies":[{"name":"wp","href":"https:\/\/api.w.org\/{rel}","templated":true}]}}