{"id":38297,"date":"2024-04-16T20:07:53","date_gmt":"2024-04-16T23:07:53","guid":{"rendered":"https:\/\/www.muniquintero.cl\/?p=38297"},"modified":"2024-04-16T20:07:53","modified_gmt":"2024-04-16T23:07:53","slug":"alcalde-mauricio-carrasco-rindio-cuenta-publica-2023-al-consejo-de-la-sociedad-civil-de-quintero","status":"publish","type":"post","link":"https:\/\/www.muniquintero.cl\/index.php\/2024\/04\/16\/alcalde-mauricio-carrasco-rindio-cuenta-publica-2023-al-consejo-de-la-sociedad-civil-de-quintero\/","title":{"rendered":"Alcalde Mauricio Carrasco rindi\u00f3 Cuenta P\u00fablica 2023 al Consejo de la Sociedad Civil de Quintero"},"content":{"rendered":"\n<p>Durante la ma\u00f1ana del martes 16 de abril, el alcalde Mauricio Carrasco Pardo, entreg\u00f3 un balance de la gesti\u00f3n edilicia realizada durante el a\u00f1o 2023 a los representantes de los estamentos territorial, funcional y de inter\u00e9s p\u00fablico, agrupados en el Consejo de la Sociedad Civil -COSOC- de la comuna de Quintero.<\/p>\n\n\n\n<p>El jefe comunal, en poco m\u00e1s de dos horas expuso a los asistentes un resumen con los principales hitos, avances y gestiones desarrolladas el a\u00f1o pasado, haciendo \u00e9nfasis en el aumento progresivo del presupuesto municipal logrado bajo su administraci\u00f3n y la inversi\u00f3n social que se ha materializado con los recursos p\u00fablicos.<\/p>\n\n\n\n<figure class=\"wp-block-image size-large\"><img fetchpriority=\"high\" decoding=\"async\" width=\"1024\" height=\"683\" src=\"https:\/\/www.muniquintero.cl\/wp-content\/uploads\/2024\/04\/IMG_1082-1024x683.jpg\" alt=\"\" class=\"wp-image-38299\" srcset=\"https:\/\/www.muniquintero.cl\/wp-content\/uploads\/2024\/04\/IMG_1082-1024x683.jpg 1024w, https:\/\/www.muniquintero.cl\/wp-content\/uploads\/2024\/04\/IMG_1082-300x200.jpg 300w, https:\/\/www.muniquintero.cl\/wp-content\/uploads\/2024\/04\/IMG_1082-768x512.jpg 768w, https:\/\/www.muniquintero.cl\/wp-content\/uploads\/2024\/04\/IMG_1082-1536x1024.jpg 1536w, https:\/\/www.muniquintero.cl\/wp-content\/uploads\/2024\/04\/IMG_1082-2048x1365.jpg 2048w\" sizes=\"(max-width: 1024px) 100vw, 1024px\" \/><\/figure>\n\n\n\n<figure class=\"wp-block-audio\"><audio controls src=\"https:\/\/www.muniquintero.cl\/wp-content\/uploads\/2024\/04\/ALCALDE-MAURICIO-CARRASCO.mp3\"><\/audio><figcaption class=\"wp-element-caption\">Mauricio Carrasco<\/figcaption><\/figure>\n\n\n\n<p>En cuanto a lo informado a la comunidad, el alcalde Mauricio Carrasco dijo que fue, \u201cuna cuenta p\u00fablica que nos dej\u00f3 bastante contentos, sabemos que faltan muchas cosas, pero lo que me tiene m\u00e1s orgulloso dentro de todas las cosas, es que vamos a poder abrir el CESFAM, vamos a poder antes de irnos, dejar hist\u00f3ricamente un terreno para el hospital, que no tenga excusa el Estado de Chile, que no puede invertir en Quintero, que no hay terreno\u201d, puntualiz\u00f3.<\/p>\n\n\n\n<p>Acerca de otras \u00e1reas que fueron enunciadas en la ceremonia, la autoridad comunal se\u00f1al\u00f3 que, \u201clas becas han aumentado, en el presupuesto (municipal), yo ten\u00eda un compromiso de llegar a $30.000 millones de pesos antes de irme y vamos a llegar, yo calculo, a los $35.000 millones de pesos a fin de a\u00f1o, as\u00ed que eso es un buen trabajo de todo el equipo t\u00e9cnico, cada uno de ellos, del administrador a todos los que trabajan en la recolecci\u00f3n domiciliaria, al equipo jur\u00eddico\u201d.<\/p>\n\n\n\n<figure class=\"wp-block-image size-large\"><img decoding=\"async\" width=\"1024\" height=\"683\" src=\"https:\/\/www.muniquintero.cl\/wp-content\/uploads\/2024\/04\/IMG_1070-1024x683.jpg\" alt=\"\" class=\"wp-image-38300\" srcset=\"https:\/\/www.muniquintero.cl\/wp-content\/uploads\/2024\/04\/IMG_1070-1024x683.jpg 1024w, https:\/\/www.muniquintero.cl\/wp-content\/uploads\/2024\/04\/IMG_1070-300x200.jpg 300w, https:\/\/www.muniquintero.cl\/wp-content\/uploads\/2024\/04\/IMG_1070-768x512.jpg 768w, https:\/\/www.muniquintero.cl\/wp-content\/uploads\/2024\/04\/IMG_1070-1536x1024.jpg 1536w, https:\/\/www.muniquintero.cl\/wp-content\/uploads\/2024\/04\/IMG_1070-2048x1365.jpg 2048w\" sizes=\"(max-width: 1024px) 100vw, 1024px\" \/><\/figure>\n\n\n\n<p>&nbsp;Mismas palabras de agradecimiento tuvo para el Concejo Municipal en pleno, \u201cm\u00e1s all\u00e1 de las diferencias pol\u00edticas que podamos tener, son todos <em>quinteranos<\/em>, han estado siempre a la altura de poder colaborar con la municipalidad y con la comunidad y no poner trabas, y eso facilita bastante el trabajo, as\u00ed que, nos quedamos con lo positivo, siempre hay cosas que nos faltan y siempre hay personas que critican, pero bueno, es parte de la exposici\u00f3n del cargo que uno tiene\u201d concluy\u00f3 el jefe municipal de Quintero.<\/p>\n\n\n\n<p>Finalmente, junto a la Cuenta P\u00fablica que se dar\u00e1 al Concejo Municipal el mi\u00e9rcoles 17 de abril, tambi\u00e9n se rendir\u00e1 la semana entrante un resumen de lo realizado el a\u00f1o 2023 al Consejo Comunal de Seguridad P\u00fablica, y posterior a eso se publicar\u00e1 en la p\u00e1gina web municipal <a href=\"https:\/\/www.muniquintero.cl\">www.muniquintero.cl<\/a> el documento que quedar\u00e1 a disposici\u00f3n para ser consultado libremente por la comunidad.<\/p>\n","protected":false},"excerpt":{"rendered":"<p>Durante la ma\u00f1ana del martes 16 de abril, el alcalde Mauricio Carrasco Pardo, entreg\u00f3 un balance de la gesti\u00f3n edilicia realizada durante el a\u00f1o 2023 a los representantes de los estamentos territorial, funcional y de inter\u00e9s p\u00fablico, agrupados en el Consejo de la Sociedad Civil -COSOC- de la comuna de Quintero. El jefe comunal, en [&hellip;]<\/p>\n","protected":false},"author":7,"featured_media":38298,"comment_status":"closed","ping_status":"closed","sticky":false,"template":"","format":"standard","meta":{"wds_primary_category":2,"footnotes":""},"categories":[1,2],"tags":[9,151,467],"class_list":["post-38297","post","type-post","status-publish","format-standard","has-post-thumbnail","hentry","category-municipalidad","category-noticias","tag-alcalde-mauricio-carrasco","tag-cosoc","tag-cuenta-publica"],"_links":{"self":[{"href":"https:\/\/www.muniquintero.cl\/index.php\/wp-json\/wp\/v2\/posts\/38297","targetHints":{"allow":["GET"]}}],"collection":[{"href":"https:\/\/www.muniquintero.cl\/index.php\/wp-json\/wp\/v2\/posts"}],"about":[{"href":"https:\/\/www.muniquintero.cl\/index.php\/wp-json\/wp\/v2\/types\/post"}],"author":[{"embeddable":true,"href":"https:\/\/www.muniquintero.cl\/index.php\/wp-json\/wp\/v2\/users\/7"}],"replies":[{"embeddable":true,"href":"https:\/\/www.muniquintero.cl\/index.php\/wp-json\/wp\/v2\/comments?post=38297"}],"version-history":[{"count":1,"href":"https:\/\/www.muniquintero.cl\/index.php\/wp-json\/wp\/v2\/posts\/38297\/revisions"}],"predecessor-version":[{"id":38302,"href":"https:\/\/www.muniquintero.cl\/index.php\/wp-json\/wp\/v2\/posts\/38297\/revisions\/38302"}],"wp:featuredmedia":[{"embeddable":true,"href":"https:\/\/www.muniquintero.cl\/index.php\/wp-json\/wp\/v2\/media\/38298"}],"wp:attachment":[{"href":"https:\/\/www.muniquintero.cl\/index.php\/wp-json\/wp\/v2\/media?parent=38297"}],"wp:term":[{"taxonomy":"category","embeddable":true,"href":"https:\/\/www.muniquintero.cl\/index.php\/wp-json\/wp\/v2\/categories?post=38297"},{"taxonomy":"post_tag","embeddable":true,"href":"https:\/\/www.muniquintero.cl\/index.php\/wp-json\/wp\/v2\/tags?post=38297"}],"curies":[{"name":"wp","href":"https:\/\/api.w.org\/{rel}","templated":true}]}}