{"id":38281,"date":"2024-04-16T17:59:32","date_gmt":"2024-04-16T20:59:32","guid":{"rendered":"https:\/\/www.muniquintero.cl\/?p=38281"},"modified":"2024-04-16T17:59:34","modified_gmt":"2024-04-16T20:59:34","slug":"comision-de-educacion-estudio-aprobacion-de-licitacion-del-transporte-escolar-municipal-urbano-y-rural-de-la-comuna","status":"publish","type":"post","link":"https:\/\/www.muniquintero.cl\/index.php\/2024\/04\/16\/comision-de-educacion-estudio-aprobacion-de-licitacion-del-transporte-escolar-municipal-urbano-y-rural-de-la-comuna\/","title":{"rendered":"Comisi\u00f3n De Educaci\u00f3n Estudi\u00f3 Aprobaci\u00f3n De  Licitaci\u00f3n Del Transporte Escolar Municipal Urbano Y Rural De La Comuna"},"content":{"rendered":"\n<p>Este estudio fue aprobado de forma definitiva durante la sesi\u00f3n del Concejo Municipal No 102, al respecto el presidente de la comisi\u00f3n, concejal Antonio Aguayo, record\u00f3 que en forma previa se hab\u00eda aprobado por un mes un convenio para el transporte, pero esta licitaci\u00f3n permitir\u00e1 el traslado por todo el a\u00f1o.<\/p>\n\n\n\n<p>Al respecto dijo que la aprobaci\u00f3n consiste en la inversi\u00f3n social por un monto de 256 millones anuales para el transporte los estudiantes que asisten a las escuelas Mantagua y Juan Jos\u00e9 Tortel de Valle Alegre. Junto con ello, se aprobaron 230 millones para el traslado de los escolares que estudian en establecimientos municipales de la pen\u00ednsula.<\/p>\n\n\n\n<p><a>Ante <\/a>la consulta acerca de su opini\u00f3n con respecto a los traspasos de la Educaci\u00f3n Municipal a los servicios locales, lo que deber\u00eda ocurrir en Quintero el a\u00f1o 2025, el concejal Antonio Aguayo, en su calidad de presidente de la Comisi\u00f3n de Educaci\u00f3n, manifest\u00f3 su oposici\u00f3n, ya que a la fecha ning\u00fan servicio local o SLEP ha funcionado con \u00e9xito, m\u00e1s bien, dijo, ha perjudicado a la educaci\u00f3n de los j\u00f3venes y ni\u00f1os de las comunas en que se ha implementado.<\/p>\n\n\n\n<figure class=\"wp-block-image size-large\"><img fetchpriority=\"high\" decoding=\"async\" width=\"1024\" height=\"768\" src=\"https:\/\/www.muniquintero.cl\/wp-content\/uploads\/2024\/04\/transporte-1024x768.jpg\" alt=\"\" class=\"wp-image-38282\" srcset=\"https:\/\/www.muniquintero.cl\/wp-content\/uploads\/2024\/04\/transporte-1024x768.jpg 1024w, https:\/\/www.muniquintero.cl\/wp-content\/uploads\/2024\/04\/transporte-300x225.jpg 300w, https:\/\/www.muniquintero.cl\/wp-content\/uploads\/2024\/04\/transporte-768x576.jpg 768w, https:\/\/www.muniquintero.cl\/wp-content\/uploads\/2024\/04\/transporte-1536x1153.jpg 1536w, https:\/\/www.muniquintero.cl\/wp-content\/uploads\/2024\/04\/transporte.jpg 1599w\" sizes=\"(max-width: 1024px) 100vw, 1024px\" \/><\/figure>\n","protected":false},"excerpt":{"rendered":"<p>Este estudio fue aprobado de forma definitiva durante la sesi\u00f3n del Concejo Municipal No 102, al respecto el presidente de la comisi\u00f3n, concejal Antonio Aguayo, record\u00f3 que en forma previa se hab\u00eda aprobado por un mes un convenio para el transporte, pero esta licitaci\u00f3n permitir\u00e1 el traslado por todo el a\u00f1o. Al respecto dijo que [&hellip;]<\/p>\n","protected":false},"author":12,"featured_media":38282,"comment_status":"closed","ping_status":"closed","sticky":false,"template":"","format":"standard","meta":{"wds_primary_category":2,"footnotes":""},"categories":[2],"tags":[],"class_list":["post-38281","post","type-post","status-publish","format-standard","has-post-thumbnail","hentry","category-noticias"],"_links":{"self":[{"href":"https:\/\/www.muniquintero.cl\/index.php\/wp-json\/wp\/v2\/posts\/38281","targetHints":{"allow":["GET"]}}],"collection":[{"href":"https:\/\/www.muniquintero.cl\/index.php\/wp-json\/wp\/v2\/posts"}],"about":[{"href":"https:\/\/www.muniquintero.cl\/index.php\/wp-json\/wp\/v2\/types\/post"}],"author":[{"embeddable":true,"href":"https:\/\/www.muniquintero.cl\/index.php\/wp-json\/wp\/v2\/users\/12"}],"replies":[{"embeddable":true,"href":"https:\/\/www.muniquintero.cl\/index.php\/wp-json\/wp\/v2\/comments?post=38281"}],"version-history":[{"count":1,"href":"https:\/\/www.muniquintero.cl\/index.php\/wp-json\/wp\/v2\/posts\/38281\/revisions"}],"predecessor-version":[{"id":38283,"href":"https:\/\/www.muniquintero.cl\/index.php\/wp-json\/wp\/v2\/posts\/38281\/revisions\/38283"}],"wp:featuredmedia":[{"embeddable":true,"href":"https:\/\/www.muniquintero.cl\/index.php\/wp-json\/wp\/v2\/media\/38282"}],"wp:attachment":[{"href":"https:\/\/www.muniquintero.cl\/index.php\/wp-json\/wp\/v2\/media?parent=38281"}],"wp:term":[{"taxonomy":"category","embeddable":true,"href":"https:\/\/www.muniquintero.cl\/index.php\/wp-json\/wp\/v2\/categories?post=38281"},{"taxonomy":"post_tag","embeddable":true,"href":"https:\/\/www.muniquintero.cl\/index.php\/wp-json\/wp\/v2\/tags?post=38281"}],"curies":[{"name":"wp","href":"https:\/\/api.w.org\/{rel}","templated":true}]}}