{"id":37812,"date":"2024-03-04T15:54:08","date_gmt":"2024-03-04T18:54:08","guid":{"rendered":"https:\/\/www.muniquintero.cl\/?p=37812"},"modified":"2024-03-05T13:11:21","modified_gmt":"2024-03-05T16:11:21","slug":"actividades-para-la-conmemoracion-del-dia-de-la-mujer","status":"publish","type":"post","link":"https:\/\/www.muniquintero.cl\/index.php\/2024\/03\/04\/actividades-para-la-conmemoracion-del-dia-de-la-mujer\/","title":{"rendered":"Actividades Para La Conmemoraci\u00f3n Del D\u00eda De La Mujer"},"content":{"rendered":"\n<p>El pr\u00f3ximo viernes 8 de marzo se conmemora el D\u00eda Internacional de la Mujer, fecha que, tras la Segunda Guerra Mundial, comenz\u00f3 a tomar protagonismo en muchos pa\u00edses, incluso antes de ser reconocido por la ONU, en 1977.<\/p>\n\n\n\n<p>La Ilustre Municipalidad de Quintero, organiza para ese d\u00eda dos actividades dedicadas a las mujeres de la comuna y sin necesidad de una invitaci\u00f3n especial se pueden acercar a la feria de emprendimiento organizada especialmente para ellas, en la que podr\u00e1n acceder a atenciones que son obsequios del municipio y que van directamente dedicadas a su cuidado y belleza natural.<\/p>\n\n\n\n<figure class=\"wp-block-image size-large\"><img fetchpriority=\"high\" decoding=\"async\" width=\"1024\" height=\"683\" src=\"https:\/\/www.muniquintero.cl\/wp-content\/uploads\/2024\/03\/dia-mujer-1024x683.jpg\" alt=\"\" class=\"wp-image-37813\" srcset=\"https:\/\/www.muniquintero.cl\/wp-content\/uploads\/2024\/03\/dia-mujer-1024x683.jpg 1024w, https:\/\/www.muniquintero.cl\/wp-content\/uploads\/2024\/03\/dia-mujer-300x200.jpg 300w, https:\/\/www.muniquintero.cl\/wp-content\/uploads\/2024\/03\/dia-mujer-768x512.jpg 768w, https:\/\/www.muniquintero.cl\/wp-content\/uploads\/2024\/03\/dia-mujer-1536x1024.jpg 1536w, https:\/\/www.muniquintero.cl\/wp-content\/uploads\/2024\/03\/dia-mujer.jpg 2048w\" sizes=\"(max-width: 1024px) 100vw, 1024px\" \/><\/figure>\n\n\n\n<p>Por la tarde, a la 17 horas en el Sal\u00f3n Coloane habr\u00e1 una ceremonia de premiaci\u00f3n, este a\u00f1o a diversos voluntariados en que participan mujeres, para terminar con un show art\u00edstico y un refrigerio.<\/p>\n\n\n\n<p>Ante la consulta la directora de Desarrollo Comunitario, Maritza Verdejo, hizo una cari\u00f1osa invitaci\u00f3n a las mujeres de Quintero para que participen en estas actividades programadas con mucho cari\u00f1o por el municipio, y agreg\u00f3, aparte que no se necesita una invitaci\u00f3n especial, que habr\u00e1 buses de acercamiento para los lugares m\u00e1s alejados del centro de la comuna, tal como otros a\u00f1os.<\/p>\n\n\n\n<figure class=\"wp-block-image size-large\"><img decoding=\"async\" width=\"1024\" height=\"1024\" src=\"https:\/\/www.muniquintero.cl\/wp-content\/uploads\/2024\/03\/dia-mujer-1-1024x1024.jpg\" alt=\"\" class=\"wp-image-37816\" srcset=\"https:\/\/www.muniquintero.cl\/wp-content\/uploads\/2024\/03\/dia-mujer-1-1024x1024.jpg 1024w, https:\/\/www.muniquintero.cl\/wp-content\/uploads\/2024\/03\/dia-mujer-1-300x300.jpg 300w, https:\/\/www.muniquintero.cl\/wp-content\/uploads\/2024\/03\/dia-mujer-1-150x150.jpg 150w, https:\/\/www.muniquintero.cl\/wp-content\/uploads\/2024\/03\/dia-mujer-1-768x768.jpg 768w, https:\/\/www.muniquintero.cl\/wp-content\/uploads\/2024\/03\/dia-mujer-1-1536x1536.jpg 1536w, https:\/\/www.muniquintero.cl\/wp-content\/uploads\/2024\/03\/dia-mujer-1-2048x2048.jpg 2048w\" sizes=\"(max-width: 1024px) 100vw, 1024px\" \/><\/figure>\n\n\n\n<figure class=\"wp-block-image size-large\"><img decoding=\"async\" width=\"1024\" height=\"1024\" src=\"https:\/\/www.muniquintero.cl\/wp-content\/uploads\/2024\/03\/dia-mujer-2-1024x1024.jpg\" alt=\"\" class=\"wp-image-37818\" srcset=\"https:\/\/www.muniquintero.cl\/wp-content\/uploads\/2024\/03\/dia-mujer-2-1024x1024.jpg 1024w, https:\/\/www.muniquintero.cl\/wp-content\/uploads\/2024\/03\/dia-mujer-2-300x300.jpg 300w, https:\/\/www.muniquintero.cl\/wp-content\/uploads\/2024\/03\/dia-mujer-2-150x150.jpg 150w, https:\/\/www.muniquintero.cl\/wp-content\/uploads\/2024\/03\/dia-mujer-2-768x768.jpg 768w, https:\/\/www.muniquintero.cl\/wp-content\/uploads\/2024\/03\/dia-mujer-2-1536x1536.jpg 1536w, https:\/\/www.muniquintero.cl\/wp-content\/uploads\/2024\/03\/dia-mujer-2-2048x2048.jpg 2048w\" sizes=\"(max-width: 1024px) 100vw, 1024px\" \/><\/figure>\n","protected":false},"excerpt":{"rendered":"<p>El pr\u00f3ximo viernes 8 de marzo se conmemora el D\u00eda Internacional de la Mujer, fecha que, tras la Segunda Guerra Mundial, comenz\u00f3 a tomar protagonismo en muchos pa\u00edses, incluso antes de ser reconocido por la ONU, en 1977. La Ilustre Municipalidad de Quintero, organiza para ese d\u00eda dos actividades dedicadas a las mujeres de la [&hellip;]<\/p>\n","protected":false},"author":12,"featured_media":37813,"comment_status":"closed","ping_status":"closed","sticky":false,"template":"","format":"standard","meta":{"wds_primary_category":2,"footnotes":""},"categories":[2],"tags":[],"class_list":["post-37812","post","type-post","status-publish","format-standard","has-post-thumbnail","hentry","category-noticias"],"_links":{"self":[{"href":"https:\/\/www.muniquintero.cl\/index.php\/wp-json\/wp\/v2\/posts\/37812","targetHints":{"allow":["GET"]}}],"collection":[{"href":"https:\/\/www.muniquintero.cl\/index.php\/wp-json\/wp\/v2\/posts"}],"about":[{"href":"https:\/\/www.muniquintero.cl\/index.php\/wp-json\/wp\/v2\/types\/post"}],"author":[{"embeddable":true,"href":"https:\/\/www.muniquintero.cl\/index.php\/wp-json\/wp\/v2\/users\/12"}],"replies":[{"embeddable":true,"href":"https:\/\/www.muniquintero.cl\/index.php\/wp-json\/wp\/v2\/comments?post=37812"}],"version-history":[{"count":3,"href":"https:\/\/www.muniquintero.cl\/index.php\/wp-json\/wp\/v2\/posts\/37812\/revisions"}],"predecessor-version":[{"id":37820,"href":"https:\/\/www.muniquintero.cl\/index.php\/wp-json\/wp\/v2\/posts\/37812\/revisions\/37820"}],"wp:featuredmedia":[{"embeddable":true,"href":"https:\/\/www.muniquintero.cl\/index.php\/wp-json\/wp\/v2\/media\/37813"}],"wp:attachment":[{"href":"https:\/\/www.muniquintero.cl\/index.php\/wp-json\/wp\/v2\/media?parent=37812"}],"wp:term":[{"taxonomy":"category","embeddable":true,"href":"https:\/\/www.muniquintero.cl\/index.php\/wp-json\/wp\/v2\/categories?post=37812"},{"taxonomy":"post_tag","embeddable":true,"href":"https:\/\/www.muniquintero.cl\/index.php\/wp-json\/wp\/v2\/tags?post=37812"}],"curies":[{"name":"wp","href":"https:\/\/api.w.org\/{rel}","templated":true}]}}