{"id":37536,"date":"2024-02-15T19:53:39","date_gmt":"2024-02-15T22:53:39","guid":{"rendered":"https:\/\/www.muniquintero.cl\/?p=37536"},"modified":"2024-02-15T19:53:39","modified_gmt":"2024-02-15T22:53:39","slug":"se-realizo-exhaustivo-control-vehicular-en-acceso-a-quintero-en-el-marco-del-estado-de-excepcion-constitucional","status":"publish","type":"post","link":"https:\/\/www.muniquintero.cl\/index.php\/2024\/02\/15\/se-realizo-exhaustivo-control-vehicular-en-acceso-a-quintero-en-el-marco-del-estado-de-excepcion-constitucional\/","title":{"rendered":"Se realiz\u00f3 exhaustivo control vehicular en acceso a Quintero en el marco del Estado de Excepci\u00f3n Constitucional"},"content":{"rendered":"\n<p>Como parte de las acciones preventivas de seguridad en la comuna de Quintero, el mi\u00e9rcoles 14 de febrero se realiz\u00f3 un operativo de control a los veh\u00edculos que ingresaban a la pen\u00ednsula, que estuvo a cargo de funcionarios de la Fuerza A\u00e9rea, Carabineros y la Direcci\u00f3n de Seguridad P\u00fablica del municipio.<\/p>\n\n\n\n<p>El procedimiento que se realiz\u00f3 inicialmente en la Plaza Ignacio Carrera Pinto, luego se instal\u00f3 en horas de la tarde en la intersecci\u00f3n de la Ruta F 30E con la Ruta F 210, conocido como el Cruce La Virgen, en donde tanto polic\u00edas como militares, verificaron la documentaci\u00f3n de los conductores e inspeccionaron los veh\u00edculos, en el contexto del Estado de Excepci\u00f3n Constitucional de Cat\u00e1strofe que rige en la provincia de Valpara\u00edso.<\/p>\n\n\n\n<figure class=\"wp-block-image size-large\"><img fetchpriority=\"high\" decoding=\"async\" width=\"1024\" height=\"683\" src=\"https:\/\/www.muniquintero.cl\/wp-content\/uploads\/2024\/02\/IMG_1421-1024x683.jpg\" alt=\"\" class=\"wp-image-37538\" srcset=\"https:\/\/www.muniquintero.cl\/wp-content\/uploads\/2024\/02\/IMG_1421-1024x683.jpg 1024w, https:\/\/www.muniquintero.cl\/wp-content\/uploads\/2024\/02\/IMG_1421-300x200.jpg 300w, https:\/\/www.muniquintero.cl\/wp-content\/uploads\/2024\/02\/IMG_1421-768x512.jpg 768w, https:\/\/www.muniquintero.cl\/wp-content\/uploads\/2024\/02\/IMG_1421-1536x1024.jpg 1536w, https:\/\/www.muniquintero.cl\/wp-content\/uploads\/2024\/02\/IMG_1421-2048x1365.jpg 2048w\" sizes=\"(max-width: 1024px) 100vw, 1024px\" \/><\/figure>\n\n\n\n<figure class=\"wp-block-audio\"><audio controls src=\"https:\/\/www.muniquintero.cl\/wp-content\/uploads\/2024\/02\/JAVIERA-VELOZO.mp3\"><\/audio><figcaption class=\"wp-element-caption\">Javiera Velozo<\/figcaption><\/figure>\n\n\n\n<p>Al respecto del operativo, la teniente de la Fuerza A\u00e9rea, Javiera Velozo, inform\u00f3 que, \u201cen el marco del Estado de Excepci\u00f3n Constitucional que existe ahora y en el trabajo conjunto que tenemos las fuerzas armadas, la Fuerza de Tarea de Quintero, que est\u00e1 a cargo de la Fuerza A\u00e9rea de Chile, en el cual nos encargamos de realizar patrullajes por la comuna de Quintero, Valle Alegre, Puchuncav\u00ed, Conc\u00f3n, para proporcionar a la ciudadan\u00eda un marco de protecci\u00f3n y que se den cuenta que como fuerzas estamos interesados en apoyar a la comunidad, como siempre ha sido as\u00ed y tambi\u00e9n identificar aquellas situaciones que puedan generar alg\u00fan peligro y tambi\u00e9n preocuparnos de si existen necesidades en la comunidad\u201d.<\/p>\n\n\n\n<figure class=\"wp-block-image size-large\"><img decoding=\"async\" width=\"1024\" height=\"683\" src=\"https:\/\/www.muniquintero.cl\/wp-content\/uploads\/2024\/02\/IMG_1476-1024x683.jpg\" alt=\"\" class=\"wp-image-37539\" srcset=\"https:\/\/www.muniquintero.cl\/wp-content\/uploads\/2024\/02\/IMG_1476-1024x683.jpg 1024w, https:\/\/www.muniquintero.cl\/wp-content\/uploads\/2024\/02\/IMG_1476-300x200.jpg 300w, https:\/\/www.muniquintero.cl\/wp-content\/uploads\/2024\/02\/IMG_1476-768x512.jpg 768w, https:\/\/www.muniquintero.cl\/wp-content\/uploads\/2024\/02\/IMG_1476-1536x1024.jpg 1536w, https:\/\/www.muniquintero.cl\/wp-content\/uploads\/2024\/02\/IMG_1476-2048x1365.jpg 2048w\" sizes=\"(max-width: 1024px) 100vw, 1024px\" \/><\/figure>\n\n\n\n<figure class=\"wp-block-audio\"><audio controls src=\"https:\/\/www.muniquintero.cl\/wp-content\/uploads\/2024\/02\/CRISTIAN-HURTADO.mp3\"><\/audio><figcaption class=\"wp-element-caption\">Cristi\u00e1n Hurtado<\/figcaption><\/figure>\n\n\n\n<p>Cristi\u00e1n Hurtado Aravena, encargado de Operaciones y Seguridad Ciudadana de la Municipalidad de Quintero, dijo que este procedimiento se realiz\u00f3, \u201cen raz\u00f3n de todos los incendios forestales que azotaron a la regi\u00f3n y por eso nosotros estamos haciendo un control preventivo para tambi\u00e9n apoyar y evitar que se puedan producir otro tipo de siniestros que puedan ser ocasionados por factores humanos\u201d.&nbsp;<\/p>\n\n\n\n<figure class=\"wp-block-image size-large\"><img decoding=\"async\" width=\"1024\" height=\"683\" src=\"https:\/\/www.muniquintero.cl\/wp-content\/uploads\/2024\/02\/IMG_1340-1024x683.jpg\" alt=\"\" class=\"wp-image-37540\" srcset=\"https:\/\/www.muniquintero.cl\/wp-content\/uploads\/2024\/02\/IMG_1340-1024x683.jpg 1024w, https:\/\/www.muniquintero.cl\/wp-content\/uploads\/2024\/02\/IMG_1340-300x200.jpg 300w, https:\/\/www.muniquintero.cl\/wp-content\/uploads\/2024\/02\/IMG_1340-768x512.jpg 768w, https:\/\/www.muniquintero.cl\/wp-content\/uploads\/2024\/02\/IMG_1340-1536x1024.jpg 1536w, https:\/\/www.muniquintero.cl\/wp-content\/uploads\/2024\/02\/IMG_1340-2048x1365.jpg 2048w\" sizes=\"(max-width: 1024px) 100vw, 1024px\" \/><\/figure>\n\n\n\n<figure class=\"wp-block-audio\"><audio controls src=\"https:\/\/www.muniquintero.cl\/wp-content\/uploads\/2024\/02\/ALEXANDRA-JOFRE.mp3\"><\/audio><figcaption class=\"wp-element-caption\">Alexandra Jofr\u00e9<\/figcaption><\/figure>\n\n\n\n<p>Al respecto de las medidas de seguridad que deben observar los conductores durante la temporada de vacaciones, la sargento segundo de Carabineros de Chile, Alexandra Jofr\u00e9 Morales, que es parte del Servicio Plan Verano, explic\u00f3 que, \u201cestamos en estos momentos realizando un control vehicular preventivo por vacaciones en \u00e9poca estival. Estamos realizando distintos controles aleatorios para poder tener una mayor fiscalizaci\u00f3n de los veraneantes que llegan a la comuna\u201d.<\/p>\n\n\n\n<p>\u201cLa recomendaci\u00f3n que se hace y que hace Carabineros de Chile en este caso, es que toda persona, todo conductor, revise su documentaci\u00f3n antes de salir de su domicilio. Que tenga su licencia de conducir, su permiso de circulaci\u00f3n, homologaci\u00f3n o revisi\u00f3n t\u00e9cnica y podr\u00e1n tener un verano tranquilo\u201d, concluy\u00f3 la sargento de Carabineros.<\/p>\n\n\n\n<figure class=\"wp-block-image size-large\"><img loading=\"lazy\" decoding=\"async\" width=\"1024\" height=\"683\" src=\"https:\/\/www.muniquintero.cl\/wp-content\/uploads\/2024\/02\/IMG_1395-1024x683.jpg\" alt=\"\" class=\"wp-image-37541\" srcset=\"https:\/\/www.muniquintero.cl\/wp-content\/uploads\/2024\/02\/IMG_1395-1024x683.jpg 1024w, https:\/\/www.muniquintero.cl\/wp-content\/uploads\/2024\/02\/IMG_1395-300x200.jpg 300w, https:\/\/www.muniquintero.cl\/wp-content\/uploads\/2024\/02\/IMG_1395-768x512.jpg 768w, https:\/\/www.muniquintero.cl\/wp-content\/uploads\/2024\/02\/IMG_1395-1536x1024.jpg 1536w, https:\/\/www.muniquintero.cl\/wp-content\/uploads\/2024\/02\/IMG_1395-2048x1365.jpg 2048w\" sizes=\"(max-width: 1024px) 100vw, 1024px\" \/><\/figure>\n\n\n\n<p>En lo que resta de la temporada de verano 2024 y se mantenga en vigencia el Estado de Excepci\u00f3n Constitucional en la Provincia de Valpara\u00edso, se continuar\u00e1n desarrollando operativos preventivos de control de identidad y pasajeros, tanto en vehiculos particulares como de la locomoci\u00f3n colectiva, a fin de reforzar las medidas de seguridad en la comuna de Quintero.<\/p>\n","protected":false},"excerpt":{"rendered":"<p>Como parte de las acciones preventivas de seguridad en la comuna de Quintero, el mi\u00e9rcoles 14 de febrero se realiz\u00f3 un operativo de control a los veh\u00edculos que ingresaban a la pen\u00ednsula, que estuvo a cargo de funcionarios de la Fuerza A\u00e9rea, Carabineros y la Direcci\u00f3n de Seguridad P\u00fablica del municipio. El procedimiento que se [&hellip;]<\/p>\n","protected":false},"author":7,"featured_media":37537,"comment_status":"closed","ping_status":"closed","sticky":false,"template":"","format":"standard","meta":{"wds_primary_category":2,"footnotes":""},"categories":[2],"tags":[73,345,272,439],"class_list":["post-37536","post","type-post","status-publish","format-standard","has-post-thumbnail","hentry","category-noticias","tag-quintero","tag-seguridad-publica","tag-verano-2023","tag-verano-2024"],"_links":{"self":[{"href":"https:\/\/www.muniquintero.cl\/index.php\/wp-json\/wp\/v2\/posts\/37536","targetHints":{"allow":["GET"]}}],"collection":[{"href":"https:\/\/www.muniquintero.cl\/index.php\/wp-json\/wp\/v2\/posts"}],"about":[{"href":"https:\/\/www.muniquintero.cl\/index.php\/wp-json\/wp\/v2\/types\/post"}],"author":[{"embeddable":true,"href":"https:\/\/www.muniquintero.cl\/index.php\/wp-json\/wp\/v2\/users\/7"}],"replies":[{"embeddable":true,"href":"https:\/\/www.muniquintero.cl\/index.php\/wp-json\/wp\/v2\/comments?post=37536"}],"version-history":[{"count":1,"href":"https:\/\/www.muniquintero.cl\/index.php\/wp-json\/wp\/v2\/posts\/37536\/revisions"}],"predecessor-version":[{"id":37545,"href":"https:\/\/www.muniquintero.cl\/index.php\/wp-json\/wp\/v2\/posts\/37536\/revisions\/37545"}],"wp:featuredmedia":[{"embeddable":true,"href":"https:\/\/www.muniquintero.cl\/index.php\/wp-json\/wp\/v2\/media\/37537"}],"wp:attachment":[{"href":"https:\/\/www.muniquintero.cl\/index.php\/wp-json\/wp\/v2\/media?parent=37536"}],"wp:term":[{"taxonomy":"category","embeddable":true,"href":"https:\/\/www.muniquintero.cl\/index.php\/wp-json\/wp\/v2\/categories?post=37536"},{"taxonomy":"post_tag","embeddable":true,"href":"https:\/\/www.muniquintero.cl\/index.php\/wp-json\/wp\/v2\/tags?post=37536"}],"curies":[{"name":"wp","href":"https:\/\/api.w.org\/{rel}","templated":true}]}}