{"id":36932,"date":"2024-01-03T18:41:53","date_gmt":"2024-01-03T21:41:53","guid":{"rendered":"https:\/\/www.muniquintero.cl\/?p=36932"},"modified":"2024-01-03T18:47:07","modified_gmt":"2024-01-03T21:47:07","slug":"cogrid-se-constituyo-oficialmente-en-la-comuna-de-quintero","status":"publish","type":"post","link":"https:\/\/www.muniquintero.cl\/index.php\/2024\/01\/03\/cogrid-se-constituyo-oficialmente-en-la-comuna-de-quintero\/","title":{"rendered":"COGRID se constituy\u00f3 oficialmente en la comuna de Quintero"},"content":{"rendered":"\n<p>El mi\u00e9rcoles 27 de diciembre, inici\u00f3 sus funciones el Comit\u00e9 de Gesti\u00f3n de Riesgos y Desastres -COGRID-, de la comuna de Quintero, presidido por el alcalde Mauricio Carrasco Pardo, con el fin de poner en funcionamiento esta instancia que entregar\u00e1 los lineamientos de prevenci\u00f3n y desarrollo de acciones, ante la ocurrencia de emergencias.<\/p>\n\n\n\n<p>As\u00ed lo inform\u00f3 Daniel Torres Torres, jefe del Departamento de Gesti\u00f3n de Riesgos de Desastre de la Municipalidad de Quintero, al se\u00f1alar que, \u201ces una obligaci\u00f3n que nos depara la Ley 21.364, que crea este Servicio Nacional de Prevenci\u00f3n y Respuesta ante Desastre que es el SENAPRED, y bajo esa l\u00ednea deb\u00edamos generar la constituci\u00f3n de este comit\u00e9, que es presidido por el se\u00f1or alcalde, bomberos, carabineros y el jefe del Departamento de Gesti\u00f3n de Riesgo de Desastre de la comuna\u201d.<\/p>\n\n\n\n<figure class=\"wp-block-image size-large\"><img fetchpriority=\"high\" decoding=\"async\" width=\"1024\" height=\"683\" src=\"https:\/\/www.muniquintero.cl\/wp-content\/uploads\/2024\/01\/IMG_4331-1024x683.jpg\" alt=\"\" class=\"wp-image-36934\" srcset=\"https:\/\/www.muniquintero.cl\/wp-content\/uploads\/2024\/01\/IMG_4331-1024x683.jpg 1024w, https:\/\/www.muniquintero.cl\/wp-content\/uploads\/2024\/01\/IMG_4331-300x200.jpg 300w, https:\/\/www.muniquintero.cl\/wp-content\/uploads\/2024\/01\/IMG_4331-768x512.jpg 768w, https:\/\/www.muniquintero.cl\/wp-content\/uploads\/2024\/01\/IMG_4331-1536x1024.jpg 1536w, https:\/\/www.muniquintero.cl\/wp-content\/uploads\/2024\/01\/IMG_4331-2048x1365.jpg 2048w\" sizes=\"(max-width: 1024px) 100vw, 1024px\" \/><\/figure>\n\n\n\n<figure class=\"wp-block-audio\"><audio controls src=\"https:\/\/www.muniquintero.cl\/wp-content\/uploads\/2024\/01\/Daniel-Torres.mp3\"><\/audio><figcaption class=\"wp-element-caption\">Daniel Torres<\/figcaption><\/figure>\n\n\n\n<p>Torres, destac\u00f3 que la articulaci\u00f3n de los distintos servicios comunales, es fundamental porque, \u201ces el primer pie para iniciar los procesos de una actualizaci\u00f3n de los planes de emergencia comunales, de hecho, el plan comunal de emergencia ya est\u00e1 actualizado, fue visado por el SENAPRED, ya tenemos un acto administrativo pr\u00f3ximamente y lo tenemos que publicar a trav\u00e9s de nuestras plataformas inform\u00e1ticas con que cuenta el municipio, &nbsp;para que de alguna manera pueda toda la comunidad acceder a dicha informaci\u00f3n y mantenerse m\u00e1s informada respecto a cu\u00e1les son las medidas\u201d.<\/p>\n\n\n\n<p>\u201cEl objetivo de la constituci\u00f3n del comit\u00e9, busca justamente trabajar las variables de riesgo, que de hecho en la comuna son muchas y tenemos que ir actualiz\u00e1ndolas, adecuarlas al plan que nos establece la ley y posteriormente empezar a trabajar en el Plan Comunal de Reducci\u00f3n de Riesgo de Desastre, que finalmente se orienta dentro de los procesos de mitigaci\u00f3n y preparaci\u00f3n para las distintas variables que podamos tener, Plan Invierno, Temporada Estival, la Contingencia Medioambiental, debemos desarrollar pol\u00edticas comunales que nos permitan articular y enfrentar de una mejor manera a cualquier variable que pudi\u00e9semos tener\u201d, detall\u00f3 el titular del del Departamento de Gesti\u00f3n de Riesgos de Desastre de la Municipalidad de Quintero.<\/p>\n\n\n\n<p>Uno de los elementos que valora tambi\u00e9n Daniel Torres, es que los comit\u00e9s sean participativos, \u201cnosotros debemos desarrollar acciones, consultas ciudadanas en base a las variables que estemos abordando, convocando a estamentos t\u00e9cnicos, industriales, comunidad organizada, de hecho, esto ya se estructura en el COGRID como parte de los estamentos de Protecci\u00f3n Civil y de Participaci\u00f3n Comunitaria, as\u00ed como es el COSOC, en el COGRID tambi\u00e9n nosotros debemos interactuar con los representantes de las distintas comunidades, las Juntas de Vecinos, ONGs, que de alguna manera nos puedan contribuir en estos procesos de generar estos planes de mitigaci\u00f3n o de trabajos preventivos que debemos ir desarrollando y que queden establecidos como pol\u00edticas comunales para la reducci\u00f3n de riesgos de desastre\u201d.<\/p>\n\n\n\n<p>Finalmente, Daniel Torres recalc\u00f3 la utilidad de esta nueva instancia, que agilizar\u00e1 acciones como por ejemplo, la confecci\u00f3n de cortafuegos o implementar medidas de mitigaci\u00f3n, o la instalaci\u00f3n de puntos de abastecimiento de agua en zonas rurales, porque quedar\u00e1 considerado dentro de un Plan Comunal para la Reducci\u00f3n de Riesgos de Desastres, \u201centonces eso es lo importante que se nos avecina y claramente la pol\u00edtica que no ha instru\u00eddo el alcalde, es que todos estos procesos sean participativos con las comunidades, porque claramente las comunidades tienen que hacerse participe en estos procesos de mitigaci\u00f3n y gesti\u00f3n de los riesgos de desastres, a lo que estamos expuestos como comuna\u201d concluy\u00f3.<\/p>\n\n\n\n<div data-wp-interactive=\"core\/file\" class=\"wp-block-file\"><object data-wp-bind--hidden=\"!state.hasPdfPreview\" hidden class=\"wp-block-file__embed\" data=\"https:\/\/www.muniquintero.cl\/wp-content\/uploads\/2024\/01\/PLAN-COMUNAL-EMERGENCIA-QUINTERO-REV.2023-SENAPRED-Y-DECRETO-4255-DIST.-copia.pdf\" type=\"application\/pdf\" style=\"width:100%;height:600px\" aria-label=\"Incrustado de PLAN-COMUNAL-EMERGENCIA-QUINTERO-REV.2023-SENAPRED-Y-DECRETO-4255-DIST.-copia.\"><\/object><a id=\"wp-block-file--media-668f78d3-497e-443a-acbc-ff468c16a121\" href=\"https:\/\/www.muniquintero.cl\/wp-content\/uploads\/2024\/01\/PLAN-COMUNAL-EMERGENCIA-QUINTERO-REV.2023-SENAPRED-Y-DECRETO-4255-DIST.-copia.pdf\">PLAN-COMUNAL-EMERGENCIA-QUINTERO-REV.2023-SENAPRED-Y-DECRETO-4255-DIST.-copia<\/a><a href=\"https:\/\/www.muniquintero.cl\/wp-content\/uploads\/2024\/01\/PLAN-COMUNAL-EMERGENCIA-QUINTERO-REV.2023-SENAPRED-Y-DECRETO-4255-DIST.-copia.pdf\" class=\"wp-block-file__button wp-element-button\" download aria-describedby=\"wp-block-file--media-668f78d3-497e-443a-acbc-ff468c16a121\">Descarga<\/a><\/div>\n","protected":false},"excerpt":{"rendered":"<p>El mi\u00e9rcoles 27 de diciembre, inici\u00f3 sus funciones el Comit\u00e9 de Gesti\u00f3n de Riesgos y Desastres -COGRID-, de la comuna de Quintero, presidido por el alcalde Mauricio Carrasco Pardo, con el fin de poner en funcionamiento esta instancia que entregar\u00e1 los lineamientos de prevenci\u00f3n y desarrollo de acciones, ante la ocurrencia de emergencias. As\u00ed lo [&hellip;]<\/p>\n","protected":false},"author":7,"featured_media":36933,"comment_status":"closed","ping_status":"closed","sticky":false,"template":"","format":"standard","meta":{"wds_primary_category":2,"footnotes":""},"categories":[2],"tags":[371,73,430],"class_list":["post-36932","post","type-post","status-publish","format-standard","has-post-thumbnail","hentry","category-noticias","tag-cogrid","tag-quintero","tag-senapred"],"_links":{"self":[{"href":"https:\/\/www.muniquintero.cl\/index.php\/wp-json\/wp\/v2\/posts\/36932","targetHints":{"allow":["GET"]}}],"collection":[{"href":"https:\/\/www.muniquintero.cl\/index.php\/wp-json\/wp\/v2\/posts"}],"about":[{"href":"https:\/\/www.muniquintero.cl\/index.php\/wp-json\/wp\/v2\/types\/post"}],"author":[{"embeddable":true,"href":"https:\/\/www.muniquintero.cl\/index.php\/wp-json\/wp\/v2\/users\/7"}],"replies":[{"embeddable":true,"href":"https:\/\/www.muniquintero.cl\/index.php\/wp-json\/wp\/v2\/comments?post=36932"}],"version-history":[{"count":2,"href":"https:\/\/www.muniquintero.cl\/index.php\/wp-json\/wp\/v2\/posts\/36932\/revisions"}],"predecessor-version":[{"id":36938,"href":"https:\/\/www.muniquintero.cl\/index.php\/wp-json\/wp\/v2\/posts\/36932\/revisions\/36938"}],"wp:featuredmedia":[{"embeddable":true,"href":"https:\/\/www.muniquintero.cl\/index.php\/wp-json\/wp\/v2\/media\/36933"}],"wp:attachment":[{"href":"https:\/\/www.muniquintero.cl\/index.php\/wp-json\/wp\/v2\/media?parent=36932"}],"wp:term":[{"taxonomy":"category","embeddable":true,"href":"https:\/\/www.muniquintero.cl\/index.php\/wp-json\/wp\/v2\/categories?post=36932"},{"taxonomy":"post_tag","embeddable":true,"href":"https:\/\/www.muniquintero.cl\/index.php\/wp-json\/wp\/v2\/tags?post=36932"}],"curies":[{"name":"wp","href":"https:\/\/api.w.org\/{rel}","templated":true}]}}