{"id":36928,"date":"2024-01-02T17:17:15","date_gmt":"2024-01-02T20:17:15","guid":{"rendered":"https:\/\/www.muniquintero.cl\/?p=36928"},"modified":"2024-01-02T17:17:16","modified_gmt":"2024-01-02T20:17:16","slug":"verano-en-quintero-puerto-orquesta-big-band-se-presentara-en-la-apertura-de-jornada-de-inicio-de-temporada-estival","status":"publish","type":"post","link":"https:\/\/www.muniquintero.cl\/index.php\/2024\/01\/02\/verano-en-quintero-puerto-orquesta-big-band-se-presentara-en-la-apertura-de-jornada-de-inicio-de-temporada-estival\/","title":{"rendered":"Verano En Quintero: Puerto Orquesta Big Band Se Presentar\u00e1 En La Apertura De Jornada De Inicio De Temporada Estival"},"content":{"rendered":"\n<p><em>El pr\u00f3ximo viernes 5 de enero se realizar\u00e1 un concierto gratuito en el frontis de la Casa Estaci\u00f3n Quintero<\/em><em><\/em><\/p>\n\n\n\n<p>La <strong>Puerto Orquesta Big Band<\/strong> se presentar\u00e1 el pr\u00f3ximo <strong>viernes 5 de enero a las 19:00 horas<\/strong> en el Frontis de la <strong>Casa Estaci\u00f3n Quintero<\/strong>, ubicada en la Plaza Ignacio Carrera Pinto de la comuna, esto para dar la bienvenida a la temporada estival en el marco de la actividad <strong>\u201cApertura Verano Quintero 2024\u201d,<\/strong> organizada por la Municipalidad de Quintero y la Corporaci\u00f3n Municipal de Cultura y Turismo de la Comuna.<\/p>\n\n\n\n<figure class=\"wp-block-image size-large\"><img fetchpriority=\"high\" decoding=\"async\" width=\"1024\" height=\"1024\" src=\"https:\/\/www.muniquintero.cl\/wp-content\/uploads\/2024\/01\/orquesta-1024x1024.jpg\" alt=\"\" class=\"wp-image-36929\" srcset=\"https:\/\/www.muniquintero.cl\/wp-content\/uploads\/2024\/01\/orquesta-1024x1024.jpg 1024w, https:\/\/www.muniquintero.cl\/wp-content\/uploads\/2024\/01\/orquesta-300x300.jpg 300w, https:\/\/www.muniquintero.cl\/wp-content\/uploads\/2024\/01\/orquesta-150x150.jpg 150w, https:\/\/www.muniquintero.cl\/wp-content\/uploads\/2024\/01\/orquesta-768x768.jpg 768w, https:\/\/www.muniquintero.cl\/wp-content\/uploads\/2024\/01\/orquesta.jpg 1080w\" sizes=\"(max-width: 1024px) 100vw, 1024px\" \/><\/figure>\n\n\n\n<p>La Orquesta brindar\u00e1 un <strong>concierto gratuito<\/strong> con el prop\u00f3sito de dar a conocer su reciente disco \u201cValpara\u00edso: Antolog\u00eda Bohemia\u201d, que rescata la m\u00fasica patrimonial a trav\u00e9s de 14 estilos musicales populares que llegaron a Chile a trav\u00e9s de Valpara\u00edso entre la d\u00e9cada del 20\u2019 y el 70\u2019.<\/p>\n\n\n\n<p>El show no solo contar\u00e1 con una puesta en escena musical con reconocidas voces, los que ser\u00e1n dirigidos por el maestro Jos\u00e9 Godoy Valenzuela, en diversos estilos como cumbia, balada, twist, cha cha cha, cueca, tango, entre otros. Esta actividad es financiada por el Gobierno Regional de Valpara\u00edso, mediante el proyecto \u201cUn viaje musical a trav\u00e9s de la historia de la m\u00fasica popular\u201d.<\/p>\n","protected":false},"excerpt":{"rendered":"<p>El pr\u00f3ximo viernes 5 de enero se realizar\u00e1 un concierto gratuito en el frontis de la Casa Estaci\u00f3n Quintero La Puerto Orquesta Big Band se presentar\u00e1 el pr\u00f3ximo viernes 5 de enero a las 19:00 horas en el Frontis de la Casa Estaci\u00f3n Quintero, ubicada en la Plaza Ignacio Carrera Pinto de la comuna, esto [&hellip;]<\/p>\n","protected":false},"author":12,"featured_media":36929,"comment_status":"closed","ping_status":"closed","sticky":false,"template":"","format":"standard","meta":{"wds_primary_category":2,"footnotes":""},"categories":[2],"tags":[],"class_list":["post-36928","post","type-post","status-publish","format-standard","has-post-thumbnail","hentry","category-noticias"],"_links":{"self":[{"href":"https:\/\/www.muniquintero.cl\/index.php\/wp-json\/wp\/v2\/posts\/36928","targetHints":{"allow":["GET"]}}],"collection":[{"href":"https:\/\/www.muniquintero.cl\/index.php\/wp-json\/wp\/v2\/posts"}],"about":[{"href":"https:\/\/www.muniquintero.cl\/index.php\/wp-json\/wp\/v2\/types\/post"}],"author":[{"embeddable":true,"href":"https:\/\/www.muniquintero.cl\/index.php\/wp-json\/wp\/v2\/users\/12"}],"replies":[{"embeddable":true,"href":"https:\/\/www.muniquintero.cl\/index.php\/wp-json\/wp\/v2\/comments?post=36928"}],"version-history":[{"count":1,"href":"https:\/\/www.muniquintero.cl\/index.php\/wp-json\/wp\/v2\/posts\/36928\/revisions"}],"predecessor-version":[{"id":36930,"href":"https:\/\/www.muniquintero.cl\/index.php\/wp-json\/wp\/v2\/posts\/36928\/revisions\/36930"}],"wp:featuredmedia":[{"embeddable":true,"href":"https:\/\/www.muniquintero.cl\/index.php\/wp-json\/wp\/v2\/media\/36929"}],"wp:attachment":[{"href":"https:\/\/www.muniquintero.cl\/index.php\/wp-json\/wp\/v2\/media?parent=36928"}],"wp:term":[{"taxonomy":"category","embeddable":true,"href":"https:\/\/www.muniquintero.cl\/index.php\/wp-json\/wp\/v2\/categories?post=36928"},{"taxonomy":"post_tag","embeddable":true,"href":"https:\/\/www.muniquintero.cl\/index.php\/wp-json\/wp\/v2\/tags?post=36928"}],"curies":[{"name":"wp","href":"https:\/\/api.w.org\/{rel}","templated":true}]}}