{"id":36828,"date":"2023-12-18T12:45:15","date_gmt":"2023-12-18T15:45:15","guid":{"rendered":"https:\/\/www.muniquintero.cl\/?p=36828"},"modified":"2023-12-18T12:46:17","modified_gmt":"2023-12-18T15:46:17","slug":"minvu-valparaiso-abre-audiencias-publicas-para-dar-a-conocer-modificacion-al-premval-quintero-puchuncavi","status":"publish","type":"post","link":"https:\/\/www.muniquintero.cl\/index.php\/2023\/12\/18\/minvu-valparaiso-abre-audiencias-publicas-para-dar-a-conocer-modificacion-al-premval-quintero-puchuncavi\/","title":{"rendered":"Minvu Valpara\u00edso abre audiencias p\u00fablicas para dar a conocer modificaci\u00f3n al Premval Quintero &#8211; Puchuncav\u00ed"},"content":{"rendered":"\n<p>Este lunes 18 de diciembre, la seremi de Vivienda y Urbanismo de Valpara\u00edso iniciar\u00e1 la fase de participaci\u00f3n ciudadana para dar a conocer la Imagen Objetivo de la Modificaci\u00f3n del Plan Regulador Metropolitano de Valpara\u00edso (Premval) Quintero \u2013 Puchuncav\u00ed, elaborada como resultado de un diagn\u00f3stico t\u00e9cnico y participativo que contiene los principales lineamientos para reordenar los usos de suelo permitidos en el sector.<\/p>\n\n\n\n<p>A trav\u00e9s de cinco audiencias p\u00fablicas abiertas a la comunidad, tres m\u00e1s de lo exigido por Ley, se expondr\u00e1n (sin inscripci\u00f3n previa) los contenidos y principales caracter\u00edsticas de la propuesta de Imagen Objetivo de modificaci\u00f3n de este instrumento de planificaci\u00f3n, los d\u00edas 19, 20 y 21 de diciembre, en las comunas de Puchuncav\u00ed, Quintero y Valpara\u00edso.<\/p>\n\n\n\n<p>Asimismo, tambi\u00e9n estar\u00e1 disponible para revisi\u00f3n, la Imagen Objetivo y su resumen ejecutivo en los municipios de Puchuncav\u00ed, Quintero y Valpara\u00edso durante 30 d\u00edas corridos, prorrogables por 45 d\u00edas, desde el lunes 18 de diciembre de 2023. En dicho periodo, la comunidad podr\u00e1 realizar aportes y observaciones fundadas, a trav\u00e9s de un formulario disponible en la p\u00e1gina web minvu.cl: <a href=\"https:\/\/www.minvu.gob.cl\/sobre-minvu\/consulta-publica-imagen-objetivo-modificacion-premval-quintero-puchuncavi\/\">Consulta p\u00fablica Imagen Objetivo Modificaci\u00f3n PREMVAL Quintero Puchuncav\u00ed &#8211; Ministerio de Vivienda y Urbanismo (minvu.gob.cl)<\/a>; al correo electr\u00f3nico <a href=\"mailto:mod.premval.qp@minvu.cl\">mod.premval.qp@minvu.cl<\/a>, o presencialmente a trav\u00e9s de la oficina de partes de la seremi Minvu Valpara\u00edso, ubicada en Prat #856 Edificio Rapa Nui Piso 2, Valpara\u00edso.<\/p>\n\n\n\n<p>En ese sentido la seremi de Vivienda y Urbanismo Bel\u00e9n Paredes, hizo un llamado a la comunidad indicando que: \u201c<em>invitamos a todas y todos a ser parte de las audiencias p\u00fablicas de la modificaci\u00f3n del instrumento de planificaci\u00f3n metropolitano del sector Quintero &#8211; Puchuncav\u00ed. Estas audiencias p\u00fablicas dar\u00e1n a conocer la imagen objetivo que se propone y es importante la visi\u00f3n y parecer de todas las voces de la comunidad. Estas audiencias se desarrollar\u00e1n los d\u00edas 19, 20 y 21 de este mes. Haremos cinco audiencias en lugares distintos, para llegar y convocar a todas las personas. Llamamos a informarse de los lugares y la ubicaci\u00f3n, para ser parte de este proceso no s\u00f3lo en la participaci\u00f3n de las audiencias sino con sus observaciones, consultas y dudas al proceso por los canales formales. Esta es una instancia participativa vital para el \u00e9xito del instrumento\u201d.<\/em><\/p>\n\n\n\n<figure class=\"wp-block-audio\"><audio controls src=\"https:\/\/www.muniquintero.cl\/wp-content\/uploads\/2023\/12\/SEREMI.mp3\"><\/audio><figcaption class=\"wp-element-caption\">Bel\u00e9n Paredes<\/figcaption><\/figure>\n\n\n\n<p>Por su parte el delegado presidencial para Conc\u00f3n, Quintero y Puchuncav\u00ed, Alejandro Villa, se\u00f1al\u00f3 que: <em>\u201ces muy importante que la ciudadan\u00eda est\u00e9 informada sobre un proceso que tiene que ver con la zonificaci\u00f3n de 1.670 hect\u00e1reas, que son la modificaci\u00f3n del Plano Regulador Metropolitano de Valpara\u00edso, m\u00e1s conocido como PREMVAL. Dicha modificaci\u00f3n tiene por objeto poder crear un \u00e1rea de amortiguaci\u00f3n entre el parque industrial y las \u00e1reas urbanas y rurales, tanto de las comunas de Puchuncav\u00ed como de Quintero. El objetivo final de garantizar una seguridad ciudadana en materia de lo que es el control de la contaminaci\u00f3n\u201d.<\/em> En ese tenor, agreg\u00f3 que: \u201c<em>es importante destacar que esta herramienta tiene por prop\u00f3sito el entregar a la ciudadan\u00eda la mayor seguridad posible en materia de lo que es ocupaci\u00f3n de los terrenos disponibles, pero tambi\u00e9n que esa ocupaci\u00f3n sea segura a partir de procesos de recuperaci\u00f3n de suelos contaminados. De esa forma estamos dando respuesta como gobierno a una de las grandes demandas ciudadanas que es traer tranquilidad y recuperar estos territorios para una vida m\u00e1s normal para la ciudadan\u00eda que mucho se lo merece\u201d.<\/em><\/p>\n\n\n\n<figure class=\"wp-block-audio\"><audio controls src=\"https:\/\/www.muniquintero.cl\/wp-content\/uploads\/2023\/12\/DELEGADO.mp3\"><\/audio><figcaption class=\"wp-element-caption\">Alejandro Villa<\/figcaption><\/figure>\n\n\n\n<div data-wp-interactive=\"core\/file\" class=\"wp-block-file\"><object data-wp-bind--hidden=\"!state.hasPdfPreview\" hidden class=\"wp-block-file__embed\" data=\"https:\/\/www.muniquintero.cl\/wp-content\/uploads\/2023\/12\/IO-QP_planovf.pdf\" type=\"application\/pdf\" style=\"width:100%;height:600px\" aria-label=\"Incrustado de IO-QP_planovf.\"><\/object><a id=\"wp-block-file--media-7098b521-edf5-431e-9471-331dd82fa5c6\" href=\"https:\/\/www.muniquintero.cl\/wp-content\/uploads\/2023\/12\/IO-QP_planovf.pdf\">IO-QP_planovf<\/a><a href=\"https:\/\/www.muniquintero.cl\/wp-content\/uploads\/2023\/12\/IO-QP_planovf.pdf\" class=\"wp-block-file__button wp-element-button\" download aria-describedby=\"wp-block-file--media-7098b521-edf5-431e-9471-331dd82fa5c6\">Descarga<\/a><\/div>\n","protected":false},"excerpt":{"rendered":"<p>Este lunes 18 de diciembre, la seremi de Vivienda y Urbanismo de Valpara\u00edso iniciar\u00e1 la fase de participaci\u00f3n ciudadana para dar a conocer la Imagen Objetivo de la Modificaci\u00f3n del Plan Regulador Metropolitano de Valpara\u00edso (Premval) Quintero \u2013 Puchuncav\u00ed, elaborada como resultado de un diagn\u00f3stico t\u00e9cnico y participativo que contiene los principales lineamientos para reordenar [&hellip;]<\/p>\n","protected":false},"author":7,"featured_media":36831,"comment_status":"closed","ping_status":"closed","sticky":false,"template":"","format":"standard","meta":{"wds_primary_category":2,"footnotes":""},"categories":[2],"tags":[425,423,424,73],"class_list":["post-36828","post","type-post","status-publish","format-standard","has-post-thumbnail","hentry","category-noticias","tag-minvu","tag-premval","tag-puchuncavi-2","tag-quintero"],"_links":{"self":[{"href":"https:\/\/www.muniquintero.cl\/index.php\/wp-json\/wp\/v2\/posts\/36828","targetHints":{"allow":["GET"]}}],"collection":[{"href":"https:\/\/www.muniquintero.cl\/index.php\/wp-json\/wp\/v2\/posts"}],"about":[{"href":"https:\/\/www.muniquintero.cl\/index.php\/wp-json\/wp\/v2\/types\/post"}],"author":[{"embeddable":true,"href":"https:\/\/www.muniquintero.cl\/index.php\/wp-json\/wp\/v2\/users\/7"}],"replies":[{"embeddable":true,"href":"https:\/\/www.muniquintero.cl\/index.php\/wp-json\/wp\/v2\/comments?post=36828"}],"version-history":[{"count":3,"href":"https:\/\/www.muniquintero.cl\/index.php\/wp-json\/wp\/v2\/posts\/36828\/revisions"}],"predecessor-version":[{"id":36836,"href":"https:\/\/www.muniquintero.cl\/index.php\/wp-json\/wp\/v2\/posts\/36828\/revisions\/36836"}],"wp:featuredmedia":[{"embeddable":true,"href":"https:\/\/www.muniquintero.cl\/index.php\/wp-json\/wp\/v2\/media\/36831"}],"wp:attachment":[{"href":"https:\/\/www.muniquintero.cl\/index.php\/wp-json\/wp\/v2\/media?parent=36828"}],"wp:term":[{"taxonomy":"category","embeddable":true,"href":"https:\/\/www.muniquintero.cl\/index.php\/wp-json\/wp\/v2\/categories?post=36828"},{"taxonomy":"post_tag","embeddable":true,"href":"https:\/\/www.muniquintero.cl\/index.php\/wp-json\/wp\/v2\/tags?post=36828"}],"curies":[{"name":"wp","href":"https:\/\/api.w.org\/{rel}","templated":true}]}}