{"id":36379,"date":"2023-10-03T13:09:39","date_gmt":"2023-10-03T16:09:39","guid":{"rendered":"https:\/\/www.muniquintero.cl\/?p=36379"},"modified":"2023-10-03T13:09:40","modified_gmt":"2023-10-03T16:09:40","slug":"proyecto-documental-sobre-la-historia-del-surf-en-chile-y-pronta-instalacion-de-escultura-sobre-luisa-sebire-en-el-parque-municipal-se-conocio-en-comision-mixta-de-cultura-y-turismo-y-deporte","status":"publish","type":"post","link":"https:\/\/www.muniquintero.cl\/index.php\/2023\/10\/03\/proyecto-documental-sobre-la-historia-del-surf-en-chile-y-pronta-instalacion-de-escultura-sobre-luisa-sebire-en-el-parque-municipal-se-conocio-en-comision-mixta-de-cultura-y-turismo-y-deporte\/","title":{"rendered":"Proyecto Documental Sobre La Historia del Surf En Chile Y Pronta Instalaci\u00f3n De Escultura Sobre Luisa Sebir\u00e9 En El Parque Municipal Se Conoci\u00f3 En Comisi\u00f3n Mixta De Cultura Y Turismo, Y Deporte"},"content":{"rendered":"\n<p>Dos importantes proyectos para Quintero se conocieron el pasado jueves en la Comisi\u00f3n Mixta No 39 de Cultura, Turismo y Deporte, que presiden los concejales Tamara Tello y Mario Gonz\u00e1lez, respectivamente.<\/p>\n\n\n\n<p>En primer t\u00e9rmino, el surfista Daniel Tello, explic\u00f3 en detalles el proyecto que lidera y que consiste en la creaci\u00f3n del documental La Tabla, que presenta la historia de c\u00f3mo lleg\u00f3 el surf a Chile a fines de la d\u00e9cada del setenta, a trav\u00e9s del fot\u00f3grafo Erik Aeder, especialista en fotografiar ese deporte, al visitar en la playa de Ritoque a Luis Tello, padre de Daniel, y a Icha Tapia, ya que ellos ya incursionaban practicando el surf en las olas Loncura. Aeder regal\u00f3 a Luis Tello una tabla de surf fabricada de manera artesanal en Hawai y as\u00ed comienza a dar pasos seguros este deporte en nuestro pa\u00eds.<\/p>\n\n\n\n<figure class=\"wp-block-image size-large\"><img fetchpriority=\"high\" decoding=\"async\" width=\"1024\" height=\"768\" src=\"https:\/\/www.muniquintero.cl\/wp-content\/uploads\/2023\/10\/surf-1024x768.jpg\" alt=\"\" class=\"wp-image-36380\" srcset=\"https:\/\/www.muniquintero.cl\/wp-content\/uploads\/2023\/10\/surf-1024x768.jpg 1024w, https:\/\/www.muniquintero.cl\/wp-content\/uploads\/2023\/10\/surf-300x225.jpg 300w, https:\/\/www.muniquintero.cl\/wp-content\/uploads\/2023\/10\/surf-768x576.jpg 768w, https:\/\/www.muniquintero.cl\/wp-content\/uploads\/2023\/10\/surf-1536x1153.jpg 1536w, https:\/\/www.muniquintero.cl\/wp-content\/uploads\/2023\/10\/surf.jpg 1599w\" sizes=\"(max-width: 1024px) 100vw, 1024px\" \/><\/figure>\n\n\n\n<p>De este modo, se quiere dejar grabado para el mundo y las siguientes generaciones, que Quintero es la cuna de ese deporte acu\u00e1tico en Chile, aparte de promocionar la comuna, su patrimonio deportivo y tur\u00edstico.<\/p>\n\n\n\n<p>El documental se proyecta filmar el pr\u00f3ximo a\u00f1o para estrenarlo a fines del 2024, se grabar\u00e1 en Hawai, en Pichilemu, en el norte y por cierto en Quintero, con la presencia de surfistas internacionales y Erik Aeder. En este momento se busca el financiamiento total del proyecto a trav\u00e9s de organizaciones sin fines de lucro de \u00edndole deportivo.<\/p>\n\n\n\n<p>Escultura de Luisa Sebir\u00e9 La segunda parte de la reuni\u00f3n fue dirigida por la concejala Tamara Tello para conocer el proyecto de la Fundaci\u00f3n Cultural Skansen, con la participaci\u00f3n de uno de sus fundadores, Abilio Cruz, quien explic\u00f3 que en coordinaci\u00f3n con la generaci\u00f3n actual de los descendientes de Luis Cousi\u00f1o Sebir\u00e9, inaugurar\u00e1n el 25 de noviembre en el Parque Municipal una escultura de la artista Antonia Cousi\u00f1o que recuerda la figura de Luisa Sebir\u00e9, su bisabuela.<\/p>\n","protected":false},"excerpt":{"rendered":"<p>Dos importantes proyectos para Quintero se conocieron el pasado jueves en la Comisi\u00f3n Mixta No 39 de Cultura, Turismo y Deporte, que presiden los concejales Tamara Tello y Mario Gonz\u00e1lez, respectivamente. En primer t\u00e9rmino, el surfista Daniel Tello, explic\u00f3 en detalles el proyecto que lidera y que consiste en la creaci\u00f3n del documental La Tabla, [&hellip;]<\/p>\n","protected":false},"author":12,"featured_media":36380,"comment_status":"closed","ping_status":"closed","sticky":false,"template":"","format":"standard","meta":{"wds_primary_category":2,"footnotes":""},"categories":[2],"tags":[],"class_list":["post-36379","post","type-post","status-publish","format-standard","has-post-thumbnail","hentry","category-noticias"],"_links":{"self":[{"href":"https:\/\/www.muniquintero.cl\/index.php\/wp-json\/wp\/v2\/posts\/36379","targetHints":{"allow":["GET"]}}],"collection":[{"href":"https:\/\/www.muniquintero.cl\/index.php\/wp-json\/wp\/v2\/posts"}],"about":[{"href":"https:\/\/www.muniquintero.cl\/index.php\/wp-json\/wp\/v2\/types\/post"}],"author":[{"embeddable":true,"href":"https:\/\/www.muniquintero.cl\/index.php\/wp-json\/wp\/v2\/users\/12"}],"replies":[{"embeddable":true,"href":"https:\/\/www.muniquintero.cl\/index.php\/wp-json\/wp\/v2\/comments?post=36379"}],"version-history":[{"count":1,"href":"https:\/\/www.muniquintero.cl\/index.php\/wp-json\/wp\/v2\/posts\/36379\/revisions"}],"predecessor-version":[{"id":36381,"href":"https:\/\/www.muniquintero.cl\/index.php\/wp-json\/wp\/v2\/posts\/36379\/revisions\/36381"}],"wp:featuredmedia":[{"embeddable":true,"href":"https:\/\/www.muniquintero.cl\/index.php\/wp-json\/wp\/v2\/media\/36380"}],"wp:attachment":[{"href":"https:\/\/www.muniquintero.cl\/index.php\/wp-json\/wp\/v2\/media?parent=36379"}],"wp:term":[{"taxonomy":"category","embeddable":true,"href":"https:\/\/www.muniquintero.cl\/index.php\/wp-json\/wp\/v2\/categories?post=36379"},{"taxonomy":"post_tag","embeddable":true,"href":"https:\/\/www.muniquintero.cl\/index.php\/wp-json\/wp\/v2\/tags?post=36379"}],"curies":[{"name":"wp","href":"https:\/\/api.w.org\/{rel}","templated":true}]}}