{"id":34226,"date":"2023-05-18T12:09:34","date_gmt":"2023-05-18T15:09:34","guid":{"rendered":"https:\/\/www.muniquintero.cl\/?p=34226"},"modified":"2023-05-18T12:09:34","modified_gmt":"2023-05-18T15:09:34","slug":"se-realiza-jornada-sobre-pausas-activas-a-docentes-y-directivos-de-escuela-rep-de-francia","status":"publish","type":"post","link":"https:\/\/www.muniquintero.cl\/index.php\/2023\/05\/18\/se-realiza-jornada-sobre-pausas-activas-a-docentes-y-directivos-de-escuela-rep-de-francia\/","title":{"rendered":"Se realiza jornada sobre pausas activas a docentes y directivos de Escuela Rep. de Francia"},"content":{"rendered":"\n<p>Con gran participaci\u00f3n de docentes y equipo directivo, se realiz\u00f3 actividad organizada por la Unidad de Promoci\u00f3n y Participaci\u00f3n del Departamento de Salud del municipio, en coordinaci\u00f3n con Direcci\u00f3n de la Escuela Rep\u00fablica de Francia.<\/p>\n\n\n\n<figure class=\"wp-block-image size-large\"><img decoding=\"async\" src=\"https:\/\/www.muniquintero.cl\/wp-content\/uploads\/2023\/05\/IMG_5354-1024x768.jpg\" alt=\"\" class=\"wp-image-34227\"\/><\/figure>\n\n\n\n<p>En esta primera actividad se realiz\u00f3 una charla sobre la importancia de las \u201cPausas Activas en el Entorno Laboral\u201d en donde se entregaron herramientas para que cada funcionaria y funcionario puedan aplicar en su diario vivir.\u00a0 Se finaliz\u00f3 la actividad con ense\u00f1anzas de ejercicios pr\u00e1cticos enfocados en movilidad articular, activaci\u00f3n muscular y manejo del estr\u00e9s.<\/p>\n\n\n\n<figure class=\"wp-block-image size-large\"><img fetchpriority=\"high\" decoding=\"async\" width=\"1024\" height=\"768\" src=\"https:\/\/www.muniquintero.cl\/wp-content\/uploads\/2023\/05\/IMG_5359-1024x768.jpg\" alt=\"\" class=\"wp-image-34228\" srcset=\"https:\/\/www.muniquintero.cl\/wp-content\/uploads\/2023\/05\/IMG_5359-1024x768.jpg 1024w, https:\/\/www.muniquintero.cl\/wp-content\/uploads\/2023\/05\/IMG_5359-300x225.jpg 300w, https:\/\/www.muniquintero.cl\/wp-content\/uploads\/2023\/05\/IMG_5359-768x576.jpg 768w, https:\/\/www.muniquintero.cl\/wp-content\/uploads\/2023\/05\/IMG_5359-1536x1152.jpg 1536w, https:\/\/www.muniquintero.cl\/wp-content\/uploads\/2023\/05\/IMG_5359-2048x1536.jpg 2048w\" sizes=\"(max-width: 1024px) 100vw, 1024px\" \/><\/figure>\n\n\n\n<p>Estas charlas y talleres te\u00f3rico\/pr\u00e1cticos est\u00e1n enmarcadas en la entrega de \u201cherramientas para una mejor salud mental en entornos laborales\u201d, las cuales se seguir\u00e1n realizando en el mismo establecimiento educacional como tambi\u00e9n en otros durante el a\u00f1o 2023.<\/p>\n","protected":false},"excerpt":{"rendered":"<p>Con gran participaci\u00f3n de docentes y equipo directivo, se realiz\u00f3 actividad organizada por la Unidad de Promoci\u00f3n y Participaci\u00f3n del Departamento de Salud del municipio, en coordinaci\u00f3n con Direcci\u00f3n de la Escuela Rep\u00fablica de Francia. En esta primera actividad se realiz\u00f3 una charla sobre la importancia de las \u201cPausas Activas en el Entorno Laboral\u201d en [&hellip;]<\/p>\n","protected":false},"author":12,"featured_media":34227,"comment_status":"closed","ping_status":"closed","sticky":false,"template":"","format":"standard","meta":{"wds_primary_category":0,"footnotes":""},"categories":[1],"tags":[],"class_list":["post-34226","post","type-post","status-publish","format-standard","has-post-thumbnail","hentry","category-municipalidad"],"_links":{"self":[{"href":"https:\/\/www.muniquintero.cl\/index.php\/wp-json\/wp\/v2\/posts\/34226","targetHints":{"allow":["GET"]}}],"collection":[{"href":"https:\/\/www.muniquintero.cl\/index.php\/wp-json\/wp\/v2\/posts"}],"about":[{"href":"https:\/\/www.muniquintero.cl\/index.php\/wp-json\/wp\/v2\/types\/post"}],"author":[{"embeddable":true,"href":"https:\/\/www.muniquintero.cl\/index.php\/wp-json\/wp\/v2\/users\/12"}],"replies":[{"embeddable":true,"href":"https:\/\/www.muniquintero.cl\/index.php\/wp-json\/wp\/v2\/comments?post=34226"}],"version-history":[{"count":1,"href":"https:\/\/www.muniquintero.cl\/index.php\/wp-json\/wp\/v2\/posts\/34226\/revisions"}],"predecessor-version":[{"id":34229,"href":"https:\/\/www.muniquintero.cl\/index.php\/wp-json\/wp\/v2\/posts\/34226\/revisions\/34229"}],"wp:featuredmedia":[{"embeddable":true,"href":"https:\/\/www.muniquintero.cl\/index.php\/wp-json\/wp\/v2\/media\/34227"}],"wp:attachment":[{"href":"https:\/\/www.muniquintero.cl\/index.php\/wp-json\/wp\/v2\/media?parent=34226"}],"wp:term":[{"taxonomy":"category","embeddable":true,"href":"https:\/\/www.muniquintero.cl\/index.php\/wp-json\/wp\/v2\/categories?post=34226"},{"taxonomy":"post_tag","embeddable":true,"href":"https:\/\/www.muniquintero.cl\/index.php\/wp-json\/wp\/v2\/tags?post=34226"}],"curies":[{"name":"wp","href":"https:\/\/api.w.org\/{rel}","templated":true}]}}