{"id":34077,"date":"2023-05-10T20:10:06","date_gmt":"2023-05-10T23:10:06","guid":{"rendered":"https:\/\/www.muniquintero.cl\/?p=34077"},"modified":"2023-05-10T20:18:50","modified_gmt":"2023-05-10T23:18:50","slug":"informe-de-salud-y-medio-ambiente-por-suspension-de-desfile-en-honor-a-las-glorias-navales","status":"publish","type":"post","link":"https:\/\/www.muniquintero.cl\/index.php\/2023\/05\/10\/informe-de-salud-y-medio-ambiente-por-suspension-de-desfile-en-honor-a-las-glorias-navales\/","title":{"rendered":"Informe de Salud Y Medio Ambiente Por Suspensi\u00f3n De Desfile En Honor A Las Glorias Navales"},"content":{"rendered":"\n<p>La Municipalidad de Quintero, a trav\u00e9s del alcalde Mauricio Carrasco Pardo y el Concejo Municipal, decidieron suspender el Desfile en Honor a las Glorias Navales para proteger la salud e integridad de los estudiantes y asistentes ante un posible escenario de contaminaci\u00f3n.<\/p>\n\n\n\n<p>La medida est\u00e1 tomada de acuerdo a las recomendaciones t\u00e9cnicas del Departamento de Medio Ambiente y Departamento de Salud que puede leer a continuaci\u00f3n.<\/p>\n\n\n\n<div data-wp-interactive=\"core\/file\" class=\"wp-block-file\"><object data-wp-bind--hidden=\"!state.hasPdfPreview\" hidden class=\"wp-block-file__embed\" data=\"https:\/\/www.muniquintero.cl\/wp-content\/uploads\/2023\/05\/Informe-Departamento-de-Salud-por-casos-de-contaminacion-en-Quintero.pdf\" type=\"application\/pdf\" style=\"width:100%;height:600px\" aria-label=\"Incrustado de Informe-Departamento-de-Salud-por-casos-de-contaminacion-en-Quintero.\"><\/object><a id=\"wp-block-file--media-1fa5043d-dcc4-4008-917b-4aa3edc8042e\" href=\"https:\/\/www.muniquintero.cl\/wp-content\/uploads\/2023\/05\/Informe-Departamento-de-Salud-por-casos-de-contaminacion-en-Quintero.pdf\">Informe-Departamento-de-Salud-por-casos-de-contaminacion-en-Quintero<\/a><a href=\"https:\/\/www.muniquintero.cl\/wp-content\/uploads\/2023\/05\/Informe-Departamento-de-Salud-por-casos-de-contaminacion-en-Quintero.pdf\" class=\"wp-block-file__button wp-element-button\" download aria-describedby=\"wp-block-file--media-1fa5043d-dcc4-4008-917b-4aa3edc8042e\">Descarga<\/a><\/div>\n\n\n\n<div data-wp-interactive=\"core\/file\" class=\"wp-block-file\"><object data-wp-bind--hidden=\"!state.hasPdfPreview\" hidden class=\"wp-block-file__embed\" data=\"https:\/\/www.muniquintero.cl\/wp-content\/uploads\/2023\/05\/Informe-Departamento-de-Medio-Ambiente-por-casos-de-contaminacion-en-Quintero.pdf\" type=\"application\/pdf\" style=\"width:100%;height:600px\" aria-label=\"Incrustado de Informe-Departamento-de-Medio-Ambiente-por-casos-de-contaminacion-en-Quintero.\"><\/object><a id=\"wp-block-file--media-a7398a74-78a5-4859-9c92-075d48d03f3b\" href=\"https:\/\/www.muniquintero.cl\/wp-content\/uploads\/2023\/05\/Informe-Departamento-de-Medio-Ambiente-por-casos-de-contaminacion-en-Quintero.pdf\">Informe-Departamento-de-Medio-Ambiente-por-casos-de-contaminacion-en-Quintero<\/a><a href=\"https:\/\/www.muniquintero.cl\/wp-content\/uploads\/2023\/05\/Informe-Departamento-de-Medio-Ambiente-por-casos-de-contaminacion-en-Quintero.pdf\" class=\"wp-block-file__button wp-element-button\" download aria-describedby=\"wp-block-file--media-a7398a74-78a5-4859-9c92-075d48d03f3b\">Descarga<\/a><\/div>\n\n\n\n<p>Los informes dan cuenta de al menos 397 personas, en su mayor t\u00eda alumnos y alumnas, atendidas en 10 episodios de contaminaci\u00f3n comprendidos entre el 17 de marzo y el 3 de mayo del presente a\u00f1o, afectando a la totalidad de establecimientos educacionales en la comuna. Todo esto sumado a la mala ventilaci\u00f3n persistente en la bah\u00eda, impide realizar el desfile con normalidad. \u00a0<\/p>\n\n\n\n<p>El municipio contin\u00faa trabajando para que las autoridades regionales para que establezcan nuevas medidas y herramientas que permitan un real cambio en las condiciones medioambientales de la comuna para asegurar la tranquilidad y seguridad de todos los vecinos y vecinas.<\/p>\n","protected":false},"excerpt":{"rendered":"<p>La Municipalidad de Quintero, a trav\u00e9s del alcalde Mauricio Carrasco Pardo y el Concejo Municipal, decidieron suspender el Desfile en Honor a las Glorias Navales para proteger la salud e integridad de los estudiantes y asistentes ante un posible escenario de contaminaci\u00f3n. La medida est\u00e1 tomada de acuerdo a las recomendaciones t\u00e9cnicas del Departamento de [&hellip;]<\/p>\n","protected":false},"author":7,"featured_media":34080,"comment_status":"closed","ping_status":"closed","sticky":false,"template":"","format":"standard","meta":{"wds_primary_category":0,"footnotes":""},"categories":[1],"tags":[],"class_list":["post-34077","post","type-post","status-publish","format-standard","has-post-thumbnail","hentry","category-municipalidad"],"_links":{"self":[{"href":"https:\/\/www.muniquintero.cl\/index.php\/wp-json\/wp\/v2\/posts\/34077","targetHints":{"allow":["GET"]}}],"collection":[{"href":"https:\/\/www.muniquintero.cl\/index.php\/wp-json\/wp\/v2\/posts"}],"about":[{"href":"https:\/\/www.muniquintero.cl\/index.php\/wp-json\/wp\/v2\/types\/post"}],"author":[{"embeddable":true,"href":"https:\/\/www.muniquintero.cl\/index.php\/wp-json\/wp\/v2\/users\/7"}],"replies":[{"embeddable":true,"href":"https:\/\/www.muniquintero.cl\/index.php\/wp-json\/wp\/v2\/comments?post=34077"}],"version-history":[{"count":2,"href":"https:\/\/www.muniquintero.cl\/index.php\/wp-json\/wp\/v2\/posts\/34077\/revisions"}],"predecessor-version":[{"id":34082,"href":"https:\/\/www.muniquintero.cl\/index.php\/wp-json\/wp\/v2\/posts\/34077\/revisions\/34082"}],"wp:featuredmedia":[{"embeddable":true,"href":"https:\/\/www.muniquintero.cl\/index.php\/wp-json\/wp\/v2\/media\/34080"}],"wp:attachment":[{"href":"https:\/\/www.muniquintero.cl\/index.php\/wp-json\/wp\/v2\/media?parent=34077"}],"wp:term":[{"taxonomy":"category","embeddable":true,"href":"https:\/\/www.muniquintero.cl\/index.php\/wp-json\/wp\/v2\/categories?post=34077"},{"taxonomy":"post_tag","embeddable":true,"href":"https:\/\/www.muniquintero.cl\/index.php\/wp-json\/wp\/v2\/tags?post=34077"}],"curies":[{"name":"wp","href":"https:\/\/api.w.org\/{rel}","templated":true}]}}