{"id":34035,"date":"2023-05-09T16:50:06","date_gmt":"2023-05-09T19:50:06","guid":{"rendered":"https:\/\/www.muniquintero.cl\/?p=34035"},"modified":"2023-05-09T16:58:20","modified_gmt":"2023-05-09T19:58:20","slug":"alcalde-mauricio-carrasco-expuso-las-problematicas-comunales-en-materia-de-seguridad-a-la-asociacion-de-municipalidades-de-la-region-y-al-gobernador-mundaca","status":"publish","type":"post","link":"https:\/\/www.muniquintero.cl\/index.php\/2023\/05\/09\/alcalde-mauricio-carrasco-expuso-las-problematicas-comunales-en-materia-de-seguridad-a-la-asociacion-de-municipalidades-de-la-region-y-al-gobernador-mundaca\/","title":{"rendered":"Alcalde Mauricio Carrasco expuso las problem\u00e1ticas comunales en materia de seguridad a la Asociaci\u00f3n de Municipalidades de la Regi\u00f3n y al Gobernador Mundaca"},"content":{"rendered":"\n<p>Durante la ma\u00f1ana del viernes 5 de mayo, se realiz\u00f3 en Quillota una fruct\u00edfera jornada de trabajo entre el Gobernador Regional, Rodrigo Mundaca y la Asociaci\u00f3n de Municipalidades de la Regi\u00f3n de Valpara\u00edso.<\/p>\n\n\n\n<figure class=\"wp-block-image size-large\"><img fetchpriority=\"high\" decoding=\"async\" width=\"1024\" height=\"577\" src=\"https:\/\/www.muniquintero.cl\/wp-content\/uploads\/2023\/05\/0002-1-1024x577.png\" alt=\"\" class=\"wp-image-34051\" srcset=\"https:\/\/www.muniquintero.cl\/wp-content\/uploads\/2023\/05\/0002-1-1024x577.png 1024w, https:\/\/www.muniquintero.cl\/wp-content\/uploads\/2023\/05\/0002-1-300x169.png 300w, https:\/\/www.muniquintero.cl\/wp-content\/uploads\/2023\/05\/0002-1-768x432.png 768w, https:\/\/www.muniquintero.cl\/wp-content\/uploads\/2023\/05\/0002-1-1536x865.png 1536w, https:\/\/www.muniquintero.cl\/wp-content\/uploads\/2023\/05\/0002-1.png 1918w\" sizes=\"(max-width: 1024px) 100vw, 1024px\" \/><\/figure>\n\n\n\n<p>En el encuentro, se hizo especial \u00e9nfasis en el mejoramiento de la seguridad p\u00fablica en la regi\u00f3n, por lo que, los veinticuatro alcaldes y alcaldesas presentes, pudieron exponer las problem\u00e1ticas que afectan a sus respectivas comunas.<\/p>\n\n\n\n<figure class=\"wp-block-image size-large\"><img decoding=\"async\" width=\"1024\" height=\"683\" src=\"https:\/\/www.muniquintero.cl\/wp-content\/uploads\/2023\/05\/IMG_8266-1024x683.jpg\" alt=\"\" class=\"wp-image-34049\" srcset=\"https:\/\/www.muniquintero.cl\/wp-content\/uploads\/2023\/05\/IMG_8266-1024x683.jpg 1024w, https:\/\/www.muniquintero.cl\/wp-content\/uploads\/2023\/05\/IMG_8266-300x200.jpg 300w, https:\/\/www.muniquintero.cl\/wp-content\/uploads\/2023\/05\/IMG_8266-768x512.jpg 768w, https:\/\/www.muniquintero.cl\/wp-content\/uploads\/2023\/05\/IMG_8266-1536x1024.jpg 1536w, https:\/\/www.muniquintero.cl\/wp-content\/uploads\/2023\/05\/IMG_8266.jpg 1620w\" sizes=\"(max-width: 1024px) 100vw, 1024px\" \/><\/figure>\n\n\n\n<figure class=\"wp-block-audio\"><audio controls src=\"https:\/\/www.muniquintero.cl\/wp-content\/uploads\/2023\/05\/Freddy-Rami\u0301rez.mp3\"><\/audio><figcaption class=\"wp-element-caption\">Freddy Ram\u00edrez<\/figcaption><\/figure>\n\n\n\n<p>El alcalde Conc\u00f3n y presidente de la Asociaci\u00f3n de Municipalidades de la Regi\u00f3n de Valpara\u00edso, Freddy Ram\u00edrez, destac\u00f3 que, \u201choy d\u00eda lo que ha primado es la transversalidad, ha primado el bien com\u00fan y por supuesto la colaboraci\u00f3n entre distintas municipalidades de la regi\u00f3n. Esta es una muestra de unidad y por supuesto, tambi\u00e9n es un llamado a las autoridades centrales, al gobierno, a que escuchen de mejor manera el llamado de las comunas que son m\u00e1s peque\u00f1as, de las que no somos parte del Plan Calles Sin Violencia\u201d&nbsp;&nbsp;&nbsp;&nbsp;<\/p>\n\n\n\n<p>&nbsp;En tanto, el Gobernador Rodrigo Mundaca indic\u00f3 que, \u201cnosotros como Gobierno Regional nos hemos puesto a disposici\u00f3n de los alcaldes y alcaldesas, trabajamos con ellos hace dos a\u00f1os, hemos dicho que vamos a mantener el Sistema de Televigilancia A\u00e9rea a trav\u00e9s de drones que act\u00faan como medios probatorios cuando se comenten hechos delictuales en nuestros territorios\u201d.<\/p>\n\n\n\n<figure class=\"wp-block-image size-large\"><img decoding=\"async\" width=\"1024\" height=\"683\" src=\"https:\/\/www.muniquintero.cl\/wp-content\/uploads\/2023\/05\/IMG_8241-1024x683.jpg\" alt=\"\" class=\"wp-image-34053\" srcset=\"https:\/\/www.muniquintero.cl\/wp-content\/uploads\/2023\/05\/IMG_8241-1024x683.jpg 1024w, https:\/\/www.muniquintero.cl\/wp-content\/uploads\/2023\/05\/IMG_8241-300x200.jpg 300w, https:\/\/www.muniquintero.cl\/wp-content\/uploads\/2023\/05\/IMG_8241-768x512.jpg 768w, https:\/\/www.muniquintero.cl\/wp-content\/uploads\/2023\/05\/IMG_8241-1536x1024.jpg 1536w, https:\/\/www.muniquintero.cl\/wp-content\/uploads\/2023\/05\/IMG_8241.jpg 1620w\" sizes=\"(max-width: 1024px) 100vw, 1024px\" \/><\/figure>\n\n\n\n<figure class=\"wp-block-audio\"><audio controls src=\"https:\/\/www.muniquintero.cl\/wp-content\/uploads\/2023\/05\/Rodrigo-Mundaca.mp3\"><\/audio><figcaption class=\"wp-element-caption\">Rodrigo Mundaca<\/figcaption><\/figure>\n\n\n\n<p>\u201cFinalmente hemos anunciado tambi\u00e9n 400 millones de pesos para la formulaci\u00f3n de un programa que nos permita precisamente dotarnos de mejores equipamientos, de mejores recursos que nos permitan formular una pol\u00edtica p\u00fablica comunal que combata la delincuencia de manera eficiente, efectiva\u201d, anunci\u00f3 el Gobernador Regional de Valpara\u00edso.<\/p>\n\n\n\n<p>En la reuni\u00f3n, tambi\u00e9n se abordaron temas como la prevenci\u00f3n del delito, la atenci\u00f3n de v\u00edctimas, la integraci\u00f3n a los Consejos de Seguridad Nacional y a los Comit\u00e9s Regionales de Seguridad.<\/p>\n\n\n\n<figure class=\"wp-block-image size-large\"><img loading=\"lazy\" decoding=\"async\" width=\"1024\" height=\"577\" src=\"https:\/\/www.muniquintero.cl\/wp-content\/uploads\/2023\/05\/0001-1024x577.png\" alt=\"\" class=\"wp-image-34054\" srcset=\"https:\/\/www.muniquintero.cl\/wp-content\/uploads\/2023\/05\/0001-1024x577.png 1024w, https:\/\/www.muniquintero.cl\/wp-content\/uploads\/2023\/05\/0001-300x169.png 300w, https:\/\/www.muniquintero.cl\/wp-content\/uploads\/2023\/05\/0001-768x432.png 768w, https:\/\/www.muniquintero.cl\/wp-content\/uploads\/2023\/05\/0001-1536x865.png 1536w, https:\/\/www.muniquintero.cl\/wp-content\/uploads\/2023\/05\/0001.png 1918w\" sizes=\"(max-width: 1024px) 100vw, 1024px\" \/><\/figure>\n\n\n\n<figure class=\"wp-block-audio\"><audio controls src=\"https:\/\/www.muniquintero.cl\/wp-content\/uploads\/2023\/05\/Mauricio-Carrasco.mp3\"><\/audio><figcaption class=\"wp-element-caption\">Mauricio Carrasco<\/figcaption><\/figure>\n\n\n\n<p>El alcalde Mauricio Carrasco Pardo, valor\u00f3 en la reuni\u00f3n la asociatividad entre las comunas de Quintero, Puchuncav\u00ed y Conc\u00f3n, por lo que se\u00f1al\u00f3 que, \u201ctener una pol\u00edtica de seguridad en com\u00fan es muy importante, porque cuando uno hace esfuerzos de seguridad ciudadana con Carabineros y con todo, el delito se desplaza a otra comuna\u201d.<\/p>\n\n\n\n<p>\u201cTodo lo que tenga que ver en inversi\u00f3n p\u00fablica lo vamos a hacer y esperamos la misma respuesta del Ministerio del Interior a trav\u00e9s de Carabineros y la PDI para mejorar la seguridad en nuestras comunas\u201d, declar\u00f3 el jefe comunal.<\/p>\n\n\n\n<figure class=\"wp-block-gallery has-nested-images columns-default is-cropped wp-block-gallery-1 is-layout-flex wp-block-gallery-is-layout-flex\">\n<figure class=\"wp-block-image size-large\"><img loading=\"lazy\" decoding=\"async\" width=\"1024\" height=\"683\" data-id=\"34062\" src=\"https:\/\/www.muniquintero.cl\/wp-content\/uploads\/2023\/05\/IMG_8097-1024x683.jpg\" alt=\"\" class=\"wp-image-34062\" srcset=\"https:\/\/www.muniquintero.cl\/wp-content\/uploads\/2023\/05\/IMG_8097-1024x683.jpg 1024w, https:\/\/www.muniquintero.cl\/wp-content\/uploads\/2023\/05\/IMG_8097-300x200.jpg 300w, https:\/\/www.muniquintero.cl\/wp-content\/uploads\/2023\/05\/IMG_8097-768x512.jpg 768w, https:\/\/www.muniquintero.cl\/wp-content\/uploads\/2023\/05\/IMG_8097-1536x1024.jpg 1536w, https:\/\/www.muniquintero.cl\/wp-content\/uploads\/2023\/05\/IMG_8097.jpg 1620w\" sizes=\"(max-width: 1024px) 100vw, 1024px\" \/><\/figure>\n\n\n\n<figure class=\"wp-block-image size-large\"><img loading=\"lazy\" decoding=\"async\" width=\"1024\" height=\"683\" data-id=\"34060\" src=\"https:\/\/www.muniquintero.cl\/wp-content\/uploads\/2023\/05\/IMG_8109-1024x683.jpg\" alt=\"\" class=\"wp-image-34060\" srcset=\"https:\/\/www.muniquintero.cl\/wp-content\/uploads\/2023\/05\/IMG_8109-1024x683.jpg 1024w, https:\/\/www.muniquintero.cl\/wp-content\/uploads\/2023\/05\/IMG_8109-300x200.jpg 300w, https:\/\/www.muniquintero.cl\/wp-content\/uploads\/2023\/05\/IMG_8109-768x512.jpg 768w, https:\/\/www.muniquintero.cl\/wp-content\/uploads\/2023\/05\/IMG_8109-1536x1024.jpg 1536w, https:\/\/www.muniquintero.cl\/wp-content\/uploads\/2023\/05\/IMG_8109.jpg 1620w\" sizes=\"(max-width: 1024px) 100vw, 1024px\" \/><\/figure>\n\n\n\n<figure class=\"wp-block-image size-large\"><img loading=\"lazy\" decoding=\"async\" width=\"1024\" height=\"683\" data-id=\"34063\" src=\"https:\/\/www.muniquintero.cl\/wp-content\/uploads\/2023\/05\/IMG_8115-1024x683.jpg\" alt=\"\" class=\"wp-image-34063\" srcset=\"https:\/\/www.muniquintero.cl\/wp-content\/uploads\/2023\/05\/IMG_8115-1024x683.jpg 1024w, https:\/\/www.muniquintero.cl\/wp-content\/uploads\/2023\/05\/IMG_8115-300x200.jpg 300w, https:\/\/www.muniquintero.cl\/wp-content\/uploads\/2023\/05\/IMG_8115-768x512.jpg 768w, https:\/\/www.muniquintero.cl\/wp-content\/uploads\/2023\/05\/IMG_8115-1536x1024.jpg 1536w, https:\/\/www.muniquintero.cl\/wp-content\/uploads\/2023\/05\/IMG_8115.jpg 1620w\" sizes=\"(max-width: 1024px) 100vw, 1024px\" \/><\/figure>\n\n\n\n<figure class=\"wp-block-image size-large\"><img loading=\"lazy\" decoding=\"async\" width=\"1024\" height=\"683\" data-id=\"34058\" src=\"https:\/\/www.muniquintero.cl\/wp-content\/uploads\/2023\/05\/IMG_8120-1024x683.jpg\" alt=\"\" class=\"wp-image-34058\" srcset=\"https:\/\/www.muniquintero.cl\/wp-content\/uploads\/2023\/05\/IMG_8120-1024x683.jpg 1024w, https:\/\/www.muniquintero.cl\/wp-content\/uploads\/2023\/05\/IMG_8120-300x200.jpg 300w, https:\/\/www.muniquintero.cl\/wp-content\/uploads\/2023\/05\/IMG_8120-768x512.jpg 768w, https:\/\/www.muniquintero.cl\/wp-content\/uploads\/2023\/05\/IMG_8120-1536x1024.jpg 1536w, https:\/\/www.muniquintero.cl\/wp-content\/uploads\/2023\/05\/IMG_8120.jpg 1620w\" sizes=\"(max-width: 1024px) 100vw, 1024px\" \/><\/figure>\n\n\n\n<figure class=\"wp-block-image size-large\"><img loading=\"lazy\" decoding=\"async\" width=\"1024\" height=\"683\" data-id=\"34061\" src=\"https:\/\/www.muniquintero.cl\/wp-content\/uploads\/2023\/05\/IMG_8136-1024x683.jpg\" alt=\"\" class=\"wp-image-34061\" srcset=\"https:\/\/www.muniquintero.cl\/wp-content\/uploads\/2023\/05\/IMG_8136-1024x683.jpg 1024w, https:\/\/www.muniquintero.cl\/wp-content\/uploads\/2023\/05\/IMG_8136-300x200.jpg 300w, https:\/\/www.muniquintero.cl\/wp-content\/uploads\/2023\/05\/IMG_8136-768x512.jpg 768w, https:\/\/www.muniquintero.cl\/wp-content\/uploads\/2023\/05\/IMG_8136-1536x1024.jpg 1536w, https:\/\/www.muniquintero.cl\/wp-content\/uploads\/2023\/05\/IMG_8136.jpg 1620w\" sizes=\"(max-width: 1024px) 100vw, 1024px\" \/><\/figure>\n\n\n\n<figure class=\"wp-block-image size-large\"><img loading=\"lazy\" decoding=\"async\" width=\"1024\" height=\"683\" data-id=\"34059\" src=\"https:\/\/www.muniquintero.cl\/wp-content\/uploads\/2023\/05\/IMG_8146-1024x683.jpg\" alt=\"\" class=\"wp-image-34059\" srcset=\"https:\/\/www.muniquintero.cl\/wp-content\/uploads\/2023\/05\/IMG_8146-1024x683.jpg 1024w, https:\/\/www.muniquintero.cl\/wp-content\/uploads\/2023\/05\/IMG_8146-300x200.jpg 300w, https:\/\/www.muniquintero.cl\/wp-content\/uploads\/2023\/05\/IMG_8146-768x512.jpg 768w, https:\/\/www.muniquintero.cl\/wp-content\/uploads\/2023\/05\/IMG_8146-1536x1024.jpg 1536w, https:\/\/www.muniquintero.cl\/wp-content\/uploads\/2023\/05\/IMG_8146.jpg 1620w\" sizes=\"(max-width: 1024px) 100vw, 1024px\" \/><\/figure>\n\n\n\n<figure class=\"wp-block-image size-large\"><img loading=\"lazy\" decoding=\"async\" width=\"1024\" height=\"683\" data-id=\"34064\" src=\"https:\/\/www.muniquintero.cl\/wp-content\/uploads\/2023\/05\/IMG_8154-1024x683.jpg\" alt=\"\" class=\"wp-image-34064\" srcset=\"https:\/\/www.muniquintero.cl\/wp-content\/uploads\/2023\/05\/IMG_8154-1024x683.jpg 1024w, https:\/\/www.muniquintero.cl\/wp-content\/uploads\/2023\/05\/IMG_8154-300x200.jpg 300w, https:\/\/www.muniquintero.cl\/wp-content\/uploads\/2023\/05\/IMG_8154-768x512.jpg 768w, https:\/\/www.muniquintero.cl\/wp-content\/uploads\/2023\/05\/IMG_8154-1536x1024.jpg 1536w, https:\/\/www.muniquintero.cl\/wp-content\/uploads\/2023\/05\/IMG_8154.jpg 1620w\" sizes=\"(max-width: 1024px) 100vw, 1024px\" \/><\/figure>\n\n\n\n<figure class=\"wp-block-image size-large\"><img loading=\"lazy\" decoding=\"async\" width=\"1024\" height=\"683\" data-id=\"34065\" src=\"https:\/\/www.muniquintero.cl\/wp-content\/uploads\/2023\/05\/IMG_8181-1024x683.jpg\" alt=\"\" class=\"wp-image-34065\" srcset=\"https:\/\/www.muniquintero.cl\/wp-content\/uploads\/2023\/05\/IMG_8181-1024x683.jpg 1024w, https:\/\/www.muniquintero.cl\/wp-content\/uploads\/2023\/05\/IMG_8181-300x200.jpg 300w, https:\/\/www.muniquintero.cl\/wp-content\/uploads\/2023\/05\/IMG_8181-768x512.jpg 768w, https:\/\/www.muniquintero.cl\/wp-content\/uploads\/2023\/05\/IMG_8181-1536x1024.jpg 1536w, https:\/\/www.muniquintero.cl\/wp-content\/uploads\/2023\/05\/IMG_8181.jpg 1620w\" sizes=\"(max-width: 1024px) 100vw, 1024px\" \/><\/figure>\n\n\n\n<figure class=\"wp-block-image size-large\"><img loading=\"lazy\" decoding=\"async\" width=\"1024\" height=\"683\" data-id=\"34057\" src=\"https:\/\/www.muniquintero.cl\/wp-content\/uploads\/2023\/05\/IMG_8290-1024x683.jpg\" alt=\"\" class=\"wp-image-34057\" srcset=\"https:\/\/www.muniquintero.cl\/wp-content\/uploads\/2023\/05\/IMG_8290-1024x683.jpg 1024w, https:\/\/www.muniquintero.cl\/wp-content\/uploads\/2023\/05\/IMG_8290-300x200.jpg 300w, https:\/\/www.muniquintero.cl\/wp-content\/uploads\/2023\/05\/IMG_8290-768x512.jpg 768w, https:\/\/www.muniquintero.cl\/wp-content\/uploads\/2023\/05\/IMG_8290-1536x1024.jpg 1536w, https:\/\/www.muniquintero.cl\/wp-content\/uploads\/2023\/05\/IMG_8290.jpg 1620w\" sizes=\"(max-width: 1024px) 100vw, 1024px\" \/><\/figure>\n<\/figure>\n","protected":false},"excerpt":{"rendered":"<p>Durante la ma\u00f1ana del viernes 5 de mayo, se realiz\u00f3 en Quillota una fruct\u00edfera jornada de trabajo entre el Gobernador Regional, Rodrigo Mundaca y la Asociaci\u00f3n de Municipalidades de la Regi\u00f3n de Valpara\u00edso. En el encuentro, se hizo especial \u00e9nfasis en el mejoramiento de la seguridad p\u00fablica en la regi\u00f3n, por lo que, los veinticuatro [&hellip;]<\/p>\n","protected":false},"author":7,"featured_media":34048,"comment_status":"closed","ping_status":"closed","sticky":false,"template":"","format":"standard","meta":{"wds_primary_category":0,"footnotes":""},"categories":[2],"tags":[59,347,346,345],"class_list":["post-34035","post","type-post","status-publish","format-standard","has-post-thumbnail","hentry","category-noticias","tag-municipalidad-de-quintero","tag-region-de-valparaiso","tag-seguridad-ciudadana","tag-seguridad-publica"],"_links":{"self":[{"href":"https:\/\/www.muniquintero.cl\/index.php\/wp-json\/wp\/v2\/posts\/34035","targetHints":{"allow":["GET"]}}],"collection":[{"href":"https:\/\/www.muniquintero.cl\/index.php\/wp-json\/wp\/v2\/posts"}],"about":[{"href":"https:\/\/www.muniquintero.cl\/index.php\/wp-json\/wp\/v2\/types\/post"}],"author":[{"embeddable":true,"href":"https:\/\/www.muniquintero.cl\/index.php\/wp-json\/wp\/v2\/users\/7"}],"replies":[{"embeddable":true,"href":"https:\/\/www.muniquintero.cl\/index.php\/wp-json\/wp\/v2\/comments?post=34035"}],"version-history":[{"count":3,"href":"https:\/\/www.muniquintero.cl\/index.php\/wp-json\/wp\/v2\/posts\/34035\/revisions"}],"predecessor-version":[{"id":40219,"href":"https:\/\/www.muniquintero.cl\/index.php\/wp-json\/wp\/v2\/posts\/34035\/revisions\/40219"}],"wp:featuredmedia":[{"embeddable":true,"href":"https:\/\/www.muniquintero.cl\/index.php\/wp-json\/wp\/v2\/media\/34048"}],"wp:attachment":[{"href":"https:\/\/www.muniquintero.cl\/index.php\/wp-json\/wp\/v2\/media?parent=34035"}],"wp:term":[{"taxonomy":"category","embeddable":true,"href":"https:\/\/www.muniquintero.cl\/index.php\/wp-json\/wp\/v2\/categories?post=34035"},{"taxonomy":"post_tag","embeddable":true,"href":"https:\/\/www.muniquintero.cl\/index.php\/wp-json\/wp\/v2\/tags?post=34035"}],"curies":[{"name":"wp","href":"https:\/\/api.w.org\/{rel}","templated":true}]}}