{"id":33641,"date":"2023-03-25T13:01:47","date_gmt":"2023-03-25T16:01:47","guid":{"rendered":"https:\/\/www.muniquintero.cl\/?p=33641"},"modified":"2023-03-25T13:01:47","modified_gmt":"2023-03-25T16:01:47","slug":"comunicado-de-la-ilustre-municipalidad-de-quintero-3","status":"publish","type":"post","link":"https:\/\/www.muniquintero.cl\/index.php\/2023\/03\/25\/comunicado-de-la-ilustre-municipalidad-de-quintero-3\/","title":{"rendered":"Comunicado de la Ilustre Municipalidad de Quintero"},"content":{"rendered":"\n<p>Durante la tarde del viernes 24 de marzo y a trav\u00e9s de redes sociales, se di\u00f3 a conocer una informaci\u00f3n respecto de la ocupaci\u00f3n ilegal de un recinto municipal por parte de personas que instalaron tres carpas y la misma cantidad de veh\u00edculos.<\/p>\n\n\n\n<p>Luego de un primer acercamiento con sus moradores que se identificaron como \u00abgitanos\u00bb, los equipos de seguridad p\u00fablica, pudieron constatar la presencia de dos menores de edad y un lactante, lo que activ\u00f3 un protocolo conjunto en el que participaron profesionales de la Oficina de Protecci\u00f3n de Derechos de la Infancia y la Adolescencia -OPD- pertenecientes a la Direcci\u00f3n de Desarrollo Comunitario, para comprobar una potencial vulneraci\u00f3n de sus derechos.<\/p>\n\n\n\n<p>El Director de Seguridad P\u00fablica, indic\u00f3 al respecto, \u201cque se utilizaron varias estrategias con la finalidad de levantar el asentamiento irregular, curs\u00e1ndose las infracciones respectivas por ley de tr\u00e1nsito, no obstante es necesario recordar, en este sentido, que nuestras&nbsp; competencias son siempre&nbsp; limitadas\u201d.<\/p>\n\n\n\n<p>El d\u00eda de hoy s\u00e1bado 25 y hace solo pocos instantes, los equipos anteriormente mencionados, volvieron hasta el lugar en cuesti\u00f3n para continuar con las indagaciones, sin embargo los involucrados, ya hab\u00edan hecho abandono del lugar.<\/p>\n\n\n\n<p>El municipio, a trav\u00e9s de este amplio operativo y apeg\u00e1ndose a la normativa vigente, ha buscado no s\u00f3lo la protecci\u00f3n y el cuidado de los bienes de uso p\u00fablico que le son de su responsabilidad, sino tambi\u00e9n y por sobre todo, la integridad de los menores involucrados.<\/p>\n","protected":false},"excerpt":{"rendered":"<p>Durante la tarde del viernes 24 de marzo y a trav\u00e9s de redes sociales, se di\u00f3 a conocer una informaci\u00f3n respecto de la ocupaci\u00f3n ilegal de un recinto municipal por parte de personas que instalaron tres carpas y la misma cantidad de veh\u00edculos. Luego de un primer acercamiento con sus moradores que se identificaron como [&hellip;]<\/p>\n","protected":false},"author":7,"featured_media":33642,"comment_status":"closed","ping_status":"closed","sticky":false,"template":"","format":"standard","meta":{"wds_primary_category":0,"footnotes":""},"categories":[2],"tags":[],"class_list":["post-33641","post","type-post","status-publish","format-standard","has-post-thumbnail","hentry","category-noticias"],"_links":{"self":[{"href":"https:\/\/www.muniquintero.cl\/index.php\/wp-json\/wp\/v2\/posts\/33641","targetHints":{"allow":["GET"]}}],"collection":[{"href":"https:\/\/www.muniquintero.cl\/index.php\/wp-json\/wp\/v2\/posts"}],"about":[{"href":"https:\/\/www.muniquintero.cl\/index.php\/wp-json\/wp\/v2\/types\/post"}],"author":[{"embeddable":true,"href":"https:\/\/www.muniquintero.cl\/index.php\/wp-json\/wp\/v2\/users\/7"}],"replies":[{"embeddable":true,"href":"https:\/\/www.muniquintero.cl\/index.php\/wp-json\/wp\/v2\/comments?post=33641"}],"version-history":[{"count":1,"href":"https:\/\/www.muniquintero.cl\/index.php\/wp-json\/wp\/v2\/posts\/33641\/revisions"}],"predecessor-version":[{"id":33643,"href":"https:\/\/www.muniquintero.cl\/index.php\/wp-json\/wp\/v2\/posts\/33641\/revisions\/33643"}],"wp:featuredmedia":[{"embeddable":true,"href":"https:\/\/www.muniquintero.cl\/index.php\/wp-json\/wp\/v2\/media\/33642"}],"wp:attachment":[{"href":"https:\/\/www.muniquintero.cl\/index.php\/wp-json\/wp\/v2\/media?parent=33641"}],"wp:term":[{"taxonomy":"category","embeddable":true,"href":"https:\/\/www.muniquintero.cl\/index.php\/wp-json\/wp\/v2\/categories?post=33641"},{"taxonomy":"post_tag","embeddable":true,"href":"https:\/\/www.muniquintero.cl\/index.php\/wp-json\/wp\/v2\/tags?post=33641"}],"curies":[{"name":"wp","href":"https:\/\/api.w.org\/{rel}","templated":true}]}}