{"id":33237,"date":"2023-02-14T10:25:23","date_gmt":"2023-02-14T13:25:23","guid":{"rendered":"https:\/\/www.muniquintero.cl\/?p=33237"},"modified":"2023-02-14T10:25:23","modified_gmt":"2023-02-14T13:25:23","slug":"concejo-municipal-aprueba-contrato-para-control-de-camaras-y-guardias-de-recintos-municipales","status":"publish","type":"post","link":"https:\/\/www.muniquintero.cl\/index.php\/2023\/02\/14\/concejo-municipal-aprueba-contrato-para-control-de-camaras-y-guardias-de-recintos-municipales\/","title":{"rendered":"Concejo Municipal Aprueba Contrato Para Control De C\u00e1maras Y Guardias De Recintos Municipales"},"content":{"rendered":"\n<p>De manera extraordinaria el Concejo Municipal se reuni\u00f3 con el prop\u00f3sito de aprobar el \u00a0\u00a0proceso de adjudicaci\u00f3n del servicio de guardias de seguridad privada al interior de los recintos municipales, as\u00ed lo dio a conocer el concejal Alejandro Sep\u00falveda, presidente de la Comisi\u00f3n de Seguridad P\u00fablica, quien explic\u00f3 que muy temprano los concejales hab\u00edan trabajado en comisi\u00f3n y luego en concejo para conocer los resultados del llamado a licitaci\u00f3n para este efecto y sus resultados.<\/p>\n\n\n\n<figure class=\"wp-block-image size-large\"><img fetchpriority=\"high\" decoding=\"async\" width=\"1024\" height=\"768\" src=\"https:\/\/www.muniquintero.cl\/wp-content\/uploads\/2023\/02\/5c0fc0f8-6ef2-45bc-b21e-805c93a257ac-1024x768.jpg\" alt=\"\" class=\"wp-image-33238\" srcset=\"https:\/\/www.muniquintero.cl\/wp-content\/uploads\/2023\/02\/5c0fc0f8-6ef2-45bc-b21e-805c93a257ac-1024x768.jpg 1024w, https:\/\/www.muniquintero.cl\/wp-content\/uploads\/2023\/02\/5c0fc0f8-6ef2-45bc-b21e-805c93a257ac-300x225.jpg 300w, https:\/\/www.muniquintero.cl\/wp-content\/uploads\/2023\/02\/5c0fc0f8-6ef2-45bc-b21e-805c93a257ac-768x576.jpg 768w, https:\/\/www.muniquintero.cl\/wp-content\/uploads\/2023\/02\/5c0fc0f8-6ef2-45bc-b21e-805c93a257ac-1536x1153.jpg 1536w, https:\/\/www.muniquintero.cl\/wp-content\/uploads\/2023\/02\/5c0fc0f8-6ef2-45bc-b21e-805c93a257ac.jpg 1599w\" sizes=\"(max-width: 1024px) 100vw, 1024px\" \/><\/figure>\n\n\n\n<p>Cabe destacar que el municipio tiene un departamento de Seguridad P\u00fablica que &nbsp;realiza &nbsp;acciones de protecci\u00f3n al servicio de la comunidad a trav\u00e9s de sus agentes, existe adem\u00e1s el servicio de guardias de seguridad privada, entregado por una empresa externa para el cuidado de instalaciones municipales, y el viernes pasado en&nbsp; Comisi\u00f3n de Seguridad y luego en un Concejo Municipal extraordinario se aprob\u00f3 la licitaci\u00f3n realizada para el control de monitoreo de las c\u00e1maras de televigilancia, la central de comunicaciones de la municipalidad&nbsp; y &nbsp;los guardias de recintos &nbsp;municipales, como &nbsp;el edificio consistorial, el Departamento de Salud, la &nbsp;Posta de Salud Rural de Loncura, el Departamento de Educaci\u00f3n y colegios municipales.<\/p>\n\n\n\n<p>Por su parte, el administrador municipal, Francisco Jeldes, se\u00f1al\u00f3 que se contar\u00e1 con el resguardo de seguridad en cada una de las instalaciones municipales luego de una licitaci\u00f3n p\u00fablica en la que se presentaron dos empresas y el concejo vot\u00f3 la autorizaci\u00f3n para el contrato de la empresa que obtuvo el mayor puntaje, por un monto de 70 millones 400 mil pesos con Iva incluido por un periodo de tres meses.<\/p>\n\n\n\n<p>El administrador municipal dijo tambi\u00e9n \u201cque durante este periodo se podr\u00e1 trabajar fuertemente en mejorar las condiciones de seguridad en cada uno de los recintos, estudiar c\u00f3mo se puede optimizar los recursos de seguridad que existen en cada una de las instalaciones para poder hacer una licitaci\u00f3n por un contrato mucho mayor y que mejore obviamente las condiciones en cada uno de esos puntos\u201d.<\/p>\n","protected":false},"excerpt":{"rendered":"<p>De manera extraordinaria el Concejo Municipal se reuni\u00f3 con el prop\u00f3sito de aprobar el \u00a0\u00a0proceso de adjudicaci\u00f3n del servicio de guardias de seguridad privada al interior de los recintos municipales, as\u00ed lo dio a conocer el concejal Alejandro Sep\u00falveda, presidente de la Comisi\u00f3n de Seguridad P\u00fablica, quien explic\u00f3 que muy temprano los concejales hab\u00edan trabajado [&hellip;]<\/p>\n","protected":false},"author":7,"featured_media":33238,"comment_status":"closed","ping_status":"closed","sticky":false,"template":"","format":"standard","meta":{"wds_primary_category":0,"footnotes":""},"categories":[2],"tags":[326,328,79],"class_list":["post-33237","post","type-post","status-publish","format-standard","has-post-thumbnail","hentry","category-noticias","tag-concejo","tag-guardias","tag-seguridad"],"_links":{"self":[{"href":"https:\/\/www.muniquintero.cl\/index.php\/wp-json\/wp\/v2\/posts\/33237","targetHints":{"allow":["GET"]}}],"collection":[{"href":"https:\/\/www.muniquintero.cl\/index.php\/wp-json\/wp\/v2\/posts"}],"about":[{"href":"https:\/\/www.muniquintero.cl\/index.php\/wp-json\/wp\/v2\/types\/post"}],"author":[{"embeddable":true,"href":"https:\/\/www.muniquintero.cl\/index.php\/wp-json\/wp\/v2\/users\/7"}],"replies":[{"embeddable":true,"href":"https:\/\/www.muniquintero.cl\/index.php\/wp-json\/wp\/v2\/comments?post=33237"}],"version-history":[{"count":1,"href":"https:\/\/www.muniquintero.cl\/index.php\/wp-json\/wp\/v2\/posts\/33237\/revisions"}],"predecessor-version":[{"id":33239,"href":"https:\/\/www.muniquintero.cl\/index.php\/wp-json\/wp\/v2\/posts\/33237\/revisions\/33239"}],"wp:featuredmedia":[{"embeddable":true,"href":"https:\/\/www.muniquintero.cl\/index.php\/wp-json\/wp\/v2\/media\/33238"}],"wp:attachment":[{"href":"https:\/\/www.muniquintero.cl\/index.php\/wp-json\/wp\/v2\/media?parent=33237"}],"wp:term":[{"taxonomy":"category","embeddable":true,"href":"https:\/\/www.muniquintero.cl\/index.php\/wp-json\/wp\/v2\/categories?post=33237"},{"taxonomy":"post_tag","embeddable":true,"href":"https:\/\/www.muniquintero.cl\/index.php\/wp-json\/wp\/v2\/tags?post=33237"}],"curies":[{"name":"wp","href":"https:\/\/api.w.org\/{rel}","templated":true}]}}