{"id":32482,"date":"2023-01-05T17:34:48","date_gmt":"2023-01-05T20:34:48","guid":{"rendered":"https:\/\/www.muniquintero.cl\/?p=32482"},"modified":"2023-01-05T17:34:48","modified_gmt":"2023-01-05T20:34:48","slug":"el-parque-municipal-de-quintero-invita-este-verano","status":"publish","type":"post","link":"https:\/\/www.muniquintero.cl\/index.php\/2023\/01\/05\/el-parque-municipal-de-quintero-invita-este-verano\/","title":{"rendered":"El Parque Municipal De Quintero Invita Este Verano"},"content":{"rendered":"\n<p>El Parque Municipal de Quintero \u201cLuisa Sebir\u00e9\u201d, ubicado en Calle San Mart\u00edn No119, invita&nbsp;&nbsp; este verano, de martes a domingo de 11 a 18 horas, a las personas que quieran disfrutar de la naturaleza &nbsp;y conocer sus novedades, entre los que se encuentran \u00e1rboles nativos en crecimiento, tallados en madera y una huerta de hierbas medicinales.<\/p>\n\n\n\n<p>Su ingreso es liberado, ya que solo se pide respetar normas en torno al cuidado del lugar emplazado en una meseta frente al mar, con laderas y balcones naturales que colinda con el acantilado y el borde costero de la Playa de Los Enamorados, nos dice Ram\u00f3n Alfaro, administrador del recinto.<\/p>\n\n\n\n<figure class=\"wp-block-image size-large\"><img fetchpriority=\"high\" decoding=\"async\" width=\"1024\" height=\"576\" src=\"https:\/\/www.muniquintero.cl\/wp-content\/uploads\/2023\/01\/PARQUE-TRES-1024x576.jpg\" alt=\"\" class=\"wp-image-32483\" srcset=\"https:\/\/www.muniquintero.cl\/wp-content\/uploads\/2023\/01\/PARQUE-TRES-1024x576.jpg 1024w, https:\/\/www.muniquintero.cl\/wp-content\/uploads\/2023\/01\/PARQUE-TRES-300x169.jpg 300w, https:\/\/www.muniquintero.cl\/wp-content\/uploads\/2023\/01\/PARQUE-TRES-768x432.jpg 768w, https:\/\/www.muniquintero.cl\/wp-content\/uploads\/2023\/01\/PARQUE-TRES-1536x865.jpg 1536w, https:\/\/www.muniquintero.cl\/wp-content\/uploads\/2023\/01\/PARQUE-TRES-2048x1153.jpg 2048w\" sizes=\"(max-width: 1024px) 100vw, 1024px\" \/><\/figure>\n\n\n\n<p>Es parte de Punta Liles, formaci\u00f3n rocosa con acantilados cortados en forma m\u00e1s bien pareja, pulidos por el viento y el fuerte oleaje del sector, es adem\u00e1s el lugar m\u00e1s septentrional de la pen\u00ednsula y marca la zona de ingreso a la bah\u00eda de Quintero. El parque est\u00e1 pensado como un \u00e1rea de naturaleza significativa que cuenta con t\u00f3tems QR que informan acerca de la bot\u00e1nica del parque.<\/p>\n\n\n\n<figure class=\"wp-block-image size-large\"><img decoding=\"async\" width=\"1024\" height=\"576\" src=\"https:\/\/www.muniquintero.cl\/wp-content\/uploads\/2023\/01\/PARQUE-CUATRO-1024x576.jpg\" alt=\"\" class=\"wp-image-32484\" srcset=\"https:\/\/www.muniquintero.cl\/wp-content\/uploads\/2023\/01\/PARQUE-CUATRO-1024x576.jpg 1024w, https:\/\/www.muniquintero.cl\/wp-content\/uploads\/2023\/01\/PARQUE-CUATRO-300x169.jpg 300w, https:\/\/www.muniquintero.cl\/wp-content\/uploads\/2023\/01\/PARQUE-CUATRO-768x432.jpg 768w, https:\/\/www.muniquintero.cl\/wp-content\/uploads\/2023\/01\/PARQUE-CUATRO-1536x865.jpg 1536w, https:\/\/www.muniquintero.cl\/wp-content\/uploads\/2023\/01\/PARQUE-CUATRO-2048x1153.jpg 2048w\" sizes=\"(max-width: 1024px) 100vw, 1024px\" \/><\/figure>\n\n\n\n<p>Y no solo eso, porque el municipio ha puesto \u00e9nfasis en\u00a0 destacar la\u00a0 historia y el patrimonio del \u00a0territorio en estas casi cuatro hect\u00e1reas, ya que \u00a0cuenta con el edificio Benjam\u00edn Vicu\u00f1a Mackenna, precursor de la ciudad, con el balc\u00f3n Juan Estay, regidor y director de Obras promotor de las donaciones de terreno para el parque a la altura de los a\u00f1os 30 del siglo pasado, la\u00a0 sala m\u00faltiple Luisa Sebir\u00e9 Diot, viuda de Luis Alberto Cousi\u00f1o Goyenechea, quien junto\u00a0 la Caja Hipotecaria don\u00f3 las hect\u00e1reas para este paseo, la p\u00e9rgola Centro Ceremonial \u201cBato\u201d en recuerdo de los pueblos de pescadores ancestrales en la que las familias de la comuna realizan ceremonias, como bautizos y matrimonios, igual cosa ocurre con la glorieta Juan Fern\u00e1ndez, vecino de la comarca en plena conquista, y que est\u00e1 suspendida sobre la playa Los Enamorados para observar el mar profundo, el\u00a0 anfiteatro\u00a0 Lord Thomas Cochrane, due\u00f1o por unos a\u00f1os de las haciendas de Quintero y Valle Alegre, el jard\u00edn \u00a0elipse \u00a0Mary Graham, por la escritora inglesa que describe \u00a0la geograf\u00eda de Quintero\u00a0 y las \u00a0personas\u00a0 que habitaban las haciendas en \u201cDiario de mi residencia en Chile\u201d, el corredor \u00a0Charles Darwin, por el estudio y referencia que hizo el investigador ingl\u00e9s acerca de la costa de Quintero, \u00a0\u00a0es una pasarela rodeada de \u00e1rboles que bordea\u00a0 el acantilado\u00a0 con m\u00faltiples rincones que invitan a la contemplaci\u00f3n y al descanso, la Plazoleta Rapa Nui\u00a0 en recuerdo del vuelo del avi\u00f3n anfibio Catalina\u00a0 a la \u00a0isla en 1951 y\u00a0 que los isle\u00f1os bautizaron como \u201cManutara\u201d, la Plazoleta El Aviador como una revalorizaci\u00f3n cultural de la existencia\u00a0 de la Base A\u00e9rea Quintero fundada el 30 de junio de 1930, unidad desde la cual la Fuerza A\u00e9rea, nos uni\u00f3 tambi\u00e9n \u00a0por primera\u00a0 con la Ant\u00e1rtica chilena, la plaza \u00a0exhibe un avi\u00f3n T37 entregado en comodato por la Fach al municipio. A todos estos equipamientos, se agregan una multicancha, \u00e1reas de juegos infantiles y m\u00e1quinas de ejercicios, enfermer\u00eda y ba\u00f1os.<\/p>\n\n\n\n<figure class=\"wp-block-image size-large\"><img decoding=\"async\" width=\"1024\" height=\"576\" src=\"https:\/\/www.muniquintero.cl\/wp-content\/uploads\/2023\/01\/PARQUE-UNO-1024x576.jpg\" alt=\"\" class=\"wp-image-32485\" srcset=\"https:\/\/www.muniquintero.cl\/wp-content\/uploads\/2023\/01\/PARQUE-UNO-1024x576.jpg 1024w, https:\/\/www.muniquintero.cl\/wp-content\/uploads\/2023\/01\/PARQUE-UNO-300x169.jpg 300w, https:\/\/www.muniquintero.cl\/wp-content\/uploads\/2023\/01\/PARQUE-UNO-768x432.jpg 768w, https:\/\/www.muniquintero.cl\/wp-content\/uploads\/2023\/01\/PARQUE-UNO-1536x865.jpg 1536w, https:\/\/www.muniquintero.cl\/wp-content\/uploads\/2023\/01\/PARQUE-UNO-2048x1153.jpg 2048w\" sizes=\"(max-width: 1024px) 100vw, 1024px\" \/><\/figure>\n\n\n\n<p>Hoy los jardines muestran el esplendor de un sinn\u00famero de especies nativas y ex\u00f3ticas con gran variedad de flores separado por senderos interiores, que tienen por nombre Los Pinos, El Boldo, Darwin y Las Petras. En estos espacios verdes se ensaya reemplazar el c\u00e9sped por la dymondia, planta introducida, que crece de manera rastrera y que requiere de poco regad\u00edo. Se han plantado \u00e1rboles nativos, con molles, maitenes y quillayes, los que se espera puedan reemplazar con los a\u00f1os a los pinos cipreses, algunos de los cuales se han ca\u00eddo con los temporales del invierno. El \u00e1rea cuenta tambi\u00e9n con una peque\u00f1a zona de humedal, ya que en el lugar aflora una vertiente, con nalcas, helechos y fucsias. \u00a0Existe tambi\u00e9n una huerta con hierbas medicinales, como ruda menta y gongona, de la que el jardinero Jorge Gonz\u00e1lez, est\u00e1 autorizado a obsequiar, cuando se le solicite.<\/p>\n\n\n\n<figure class=\"wp-block-image size-large\"><img loading=\"lazy\" decoding=\"async\" width=\"1024\" height=\"576\" src=\"https:\/\/www.muniquintero.cl\/wp-content\/uploads\/2023\/01\/PARQUE-DOS-1024x576.jpg\" alt=\"\" class=\"wp-image-32486\" srcset=\"https:\/\/www.muniquintero.cl\/wp-content\/uploads\/2023\/01\/PARQUE-DOS-1024x576.jpg 1024w, https:\/\/www.muniquintero.cl\/wp-content\/uploads\/2023\/01\/PARQUE-DOS-300x169.jpg 300w, https:\/\/www.muniquintero.cl\/wp-content\/uploads\/2023\/01\/PARQUE-DOS-768x432.jpg 768w, https:\/\/www.muniquintero.cl\/wp-content\/uploads\/2023\/01\/PARQUE-DOS-1536x865.jpg 1536w, https:\/\/www.muniquintero.cl\/wp-content\/uploads\/2023\/01\/PARQUE-DOS-2048x1153.jpg 2048w\" sizes=\"(max-width: 1024px) 100vw, 1024px\" \/><\/figure>\n","protected":false},"excerpt":{"rendered":"<p>El Parque Municipal de Quintero \u201cLuisa Sebir\u00e9\u201d, ubicado en Calle San Mart\u00edn No119, invita&nbsp;&nbsp; este verano, de martes a domingo de 11 a 18 horas, a las personas que quieran disfrutar de la naturaleza &nbsp;y conocer sus novedades, entre los que se encuentran \u00e1rboles nativos en crecimiento, tallados en madera y una huerta de hierbas [&hellip;]<\/p>\n","protected":false},"author":7,"featured_media":32483,"comment_status":"closed","ping_status":"closed","sticky":false,"template":"","format":"standard","meta":{"wds_primary_category":0,"footnotes":""},"categories":[2],"tags":[66,246,272],"class_list":["post-32482","post","type-post","status-publish","format-standard","has-post-thumbnail","hentry","category-noticias","tag-parque","tag-parque-municipal","tag-verano-2023"],"_links":{"self":[{"href":"https:\/\/www.muniquintero.cl\/index.php\/wp-json\/wp\/v2\/posts\/32482","targetHints":{"allow":["GET"]}}],"collection":[{"href":"https:\/\/www.muniquintero.cl\/index.php\/wp-json\/wp\/v2\/posts"}],"about":[{"href":"https:\/\/www.muniquintero.cl\/index.php\/wp-json\/wp\/v2\/types\/post"}],"author":[{"embeddable":true,"href":"https:\/\/www.muniquintero.cl\/index.php\/wp-json\/wp\/v2\/users\/7"}],"replies":[{"embeddable":true,"href":"https:\/\/www.muniquintero.cl\/index.php\/wp-json\/wp\/v2\/comments?post=32482"}],"version-history":[{"count":1,"href":"https:\/\/www.muniquintero.cl\/index.php\/wp-json\/wp\/v2\/posts\/32482\/revisions"}],"predecessor-version":[{"id":32487,"href":"https:\/\/www.muniquintero.cl\/index.php\/wp-json\/wp\/v2\/posts\/32482\/revisions\/32487"}],"wp:featuredmedia":[{"embeddable":true,"href":"https:\/\/www.muniquintero.cl\/index.php\/wp-json\/wp\/v2\/media\/32483"}],"wp:attachment":[{"href":"https:\/\/www.muniquintero.cl\/index.php\/wp-json\/wp\/v2\/media?parent=32482"}],"wp:term":[{"taxonomy":"category","embeddable":true,"href":"https:\/\/www.muniquintero.cl\/index.php\/wp-json\/wp\/v2\/categories?post=32482"},{"taxonomy":"post_tag","embeddable":true,"href":"https:\/\/www.muniquintero.cl\/index.php\/wp-json\/wp\/v2\/tags?post=32482"}],"curies":[{"name":"wp","href":"https:\/\/api.w.org\/{rel}","templated":true}]}}