{"id":32362,"date":"2022-12-20T15:51:06","date_gmt":"2022-12-20T18:51:06","guid":{"rendered":"https:\/\/www.muniquintero.cl\/?p=32362"},"modified":"2022-12-20T15:51:06","modified_gmt":"2022-12-20T18:51:06","slug":"colegios-particulares-subvencionados-presentan-agenda-2023","status":"publish","type":"post","link":"https:\/\/www.muniquintero.cl\/index.php\/2022\/12\/20\/colegios-particulares-subvencionados-presentan-agenda-2023\/","title":{"rendered":"Colegios Particulares Subvencionados Presentan Agenda 2023"},"content":{"rendered":"\n<p>Este lunes, los Centros de Padres y Apoderados de los colegios particulares subvencionados de Quintero presentaron la Agenda 2023 planificada con la colaboraci\u00f3n de Codelco Divisi\u00f3n Ventanas y Enap Refiner\u00edas Aconcagua.<\/p>\n\n\n\n<p>El encuentro realizado en la biblioteca del Colegio Alonso de Quintero, cont\u00f3 con la presencia de la concejala, Tamara Tello, la directora de Desarrollo Comunitario, Maritza Verdejo Acu\u00f1a, representantes de las comunidades educativas encabezadas por los directores de los Colegio Santa Filomena, Colegio Ingl\u00e9s, Colegio Don Orione y los due\u00f1os de casa, junto a la representante de Codelco, Michelle Ureta, y de Enap, Felipe Albistur y Rodolfo Bickell.<\/p>\n\n\n\n<figure class=\"wp-block-image size-large\"><img fetchpriority=\"high\" decoding=\"async\" width=\"1024\" height=\"766\" src=\"https:\/\/www.muniquintero.cl\/wp-content\/uploads\/2022\/12\/c65d9103-e0ab-4625-9b11-b4a04c8c93af-1024x766.jpg\" alt=\"\" class=\"wp-image-32363\" srcset=\"https:\/\/www.muniquintero.cl\/wp-content\/uploads\/2022\/12\/c65d9103-e0ab-4625-9b11-b4a04c8c93af-1024x766.jpg 1024w, https:\/\/www.muniquintero.cl\/wp-content\/uploads\/2022\/12\/c65d9103-e0ab-4625-9b11-b4a04c8c93af-300x224.jpg 300w, https:\/\/www.muniquintero.cl\/wp-content\/uploads\/2022\/12\/c65d9103-e0ab-4625-9b11-b4a04c8c93af-768x575.jpg 768w, https:\/\/www.muniquintero.cl\/wp-content\/uploads\/2022\/12\/c65d9103-e0ab-4625-9b11-b4a04c8c93af-1536x1149.jpg 1536w, https:\/\/www.muniquintero.cl\/wp-content\/uploads\/2022\/12\/c65d9103-e0ab-4625-9b11-b4a04c8c93af.jpg 1600w\" sizes=\"(max-width: 1024px) 100vw, 1024px\" \/><\/figure>\n\n\n\n<p>La iniciativa considera actividades orientadas a estudiantes, profesores, asistentes de la educaci\u00f3n y apoderados de cada uno de los colegios particulares subvencionados, que tienen relaci\u00f3n con: fortalecer y desarrollar la innovaci\u00f3n y el emprendimiento, formar l\u00edderes en cada aspecto del \u00a0quehacer educativo, cuidar, promover y proteger la salud mental, entre otros temas de inter\u00e9s.<\/p>\n","protected":false},"excerpt":{"rendered":"<p>Este lunes, los Centros de Padres y Apoderados de los colegios particulares subvencionados de Quintero presentaron la Agenda 2023 planificada con la colaboraci\u00f3n de Codelco Divisi\u00f3n Ventanas y Enap Refiner\u00edas Aconcagua. El encuentro realizado en la biblioteca del Colegio Alonso de Quintero, cont\u00f3 con la presencia de la concejala, Tamara Tello, la directora de Desarrollo [&hellip;]<\/p>\n","protected":false},"author":7,"featured_media":32363,"comment_status":"closed","ping_status":"closed","sticky":false,"template":"","format":"standard","meta":{"wds_primary_category":0,"footnotes":""},"categories":[2],"tags":[276,117,102],"class_list":["post-32362","post","type-post","status-publish","format-standard","has-post-thumbnail","hentry","category-noticias","tag-agenda-2023","tag-colegios","tag-educacion"],"_links":{"self":[{"href":"https:\/\/www.muniquintero.cl\/index.php\/wp-json\/wp\/v2\/posts\/32362","targetHints":{"allow":["GET"]}}],"collection":[{"href":"https:\/\/www.muniquintero.cl\/index.php\/wp-json\/wp\/v2\/posts"}],"about":[{"href":"https:\/\/www.muniquintero.cl\/index.php\/wp-json\/wp\/v2\/types\/post"}],"author":[{"embeddable":true,"href":"https:\/\/www.muniquintero.cl\/index.php\/wp-json\/wp\/v2\/users\/7"}],"replies":[{"embeddable":true,"href":"https:\/\/www.muniquintero.cl\/index.php\/wp-json\/wp\/v2\/comments?post=32362"}],"version-history":[{"count":1,"href":"https:\/\/www.muniquintero.cl\/index.php\/wp-json\/wp\/v2\/posts\/32362\/revisions"}],"predecessor-version":[{"id":32364,"href":"https:\/\/www.muniquintero.cl\/index.php\/wp-json\/wp\/v2\/posts\/32362\/revisions\/32364"}],"wp:featuredmedia":[{"embeddable":true,"href":"https:\/\/www.muniquintero.cl\/index.php\/wp-json\/wp\/v2\/media\/32363"}],"wp:attachment":[{"href":"https:\/\/www.muniquintero.cl\/index.php\/wp-json\/wp\/v2\/media?parent=32362"}],"wp:term":[{"taxonomy":"category","embeddable":true,"href":"https:\/\/www.muniquintero.cl\/index.php\/wp-json\/wp\/v2\/categories?post=32362"},{"taxonomy":"post_tag","embeddable":true,"href":"https:\/\/www.muniquintero.cl\/index.php\/wp-json\/wp\/v2\/tags?post=32362"}],"curies":[{"name":"wp","href":"https:\/\/api.w.org\/{rel}","templated":true}]}}