{"id":32161,"date":"2022-12-05T15:08:16","date_gmt":"2022-12-05T18:08:16","guid":{"rendered":"https:\/\/www.muniquintero.cl\/?p=32161"},"modified":"2022-12-05T15:08:16","modified_gmt":"2022-12-05T18:08:16","slug":"club-deportivo-alianza-y-quintero-unido-ya-cuentan-con-sedes-sociales","status":"publish","type":"post","link":"https:\/\/www.muniquintero.cl\/index.php\/2022\/12\/05\/club-deportivo-alianza-y-quintero-unido-ya-cuentan-con-sedes-sociales\/","title":{"rendered":"Club Deportivo Alianza y Quintero Unido ya cuentan con sedes sociales"},"content":{"rendered":"\n<p>En una emotiva ceremonia, realizada la tarde del viernes 2 de diciembre en el recinto del estadio municipal, se inauguraron las sedes sociales de los clubes deportivos Alianza y Quintero Unido.<\/p>\n\n\n\n<p>La actividad, presidida por el alcalde Mauricio Carrasco Pardo junto a los concejales Rolando Silva Fuentes y Tamara Tello Gallo, cont\u00f3 con la presencia del SEREMI de Deportes Leandro Torres Vega, adem\u00e1s de dirigentes y jugadores de los clubes anfitriones.<\/p>\n\n\n\n<figure class=\"wp-block-image size-large\"><img fetchpriority=\"high\" decoding=\"async\" width=\"1024\" height=\"683\" src=\"https:\/\/www.muniquintero.cl\/wp-content\/uploads\/2022\/12\/IMG_0593-1024x683.jpg\" alt=\"\" class=\"wp-image-32163\" srcset=\"https:\/\/www.muniquintero.cl\/wp-content\/uploads\/2022\/12\/IMG_0593-1024x683.jpg 1024w, https:\/\/www.muniquintero.cl\/wp-content\/uploads\/2022\/12\/IMG_0593-300x200.jpg 300w, https:\/\/www.muniquintero.cl\/wp-content\/uploads\/2022\/12\/IMG_0593-768x512.jpg 768w, https:\/\/www.muniquintero.cl\/wp-content\/uploads\/2022\/12\/IMG_0593-1536x1024.jpg 1536w, https:\/\/www.muniquintero.cl\/wp-content\/uploads\/2022\/12\/IMG_0593-2048x1365.jpg 2048w\" sizes=\"(max-width: 1024px) 100vw, 1024px\" \/><\/figure>\n\n\n\n<p>Cada sede, tiene una superficie de 105 metros cuadrados de alba\u00f1iler\u00eda y cuentan con una terraza de 44 metros cuadrados, con vista al Norte para aprovechar la luz natural y apreciar los futuros espacios deportivos que se proyectan en el recinto.<\/p>\n\n\n\n<p>El alcalde Mauricio Carrasco, dijo que, \u201cestoy muy feliz, mas all\u00e1 de haberlo hecho en nuestra administraci\u00f3n, agradeciendo al Concejo Municipal anterior y al actual, porque los dos participaron, estoy muy feliz por los ni\u00f1os y por los clubes\u201d.<\/p>\n\n\n\n<figure class=\"wp-block-audio\"><audio controls src=\"https:\/\/www.muniquintero.cl\/wp-content\/uploads\/2022\/12\/MAURICIO-CARRASCO-ALCALDE-DE-QUINTERO.mp3\"><\/audio><figcaption class=\"wp-element-caption\">Mauricio Carrasco<\/figcaption><\/figure>\n\n\n\n<p>Muy emocionada la presidenta del Club Deportivo Alianza, Irma Villalobos, destac\u00f3 que, \u201cpara m\u00ed hoy es un d\u00eda especial, porque es un sue\u00f1o hecho realidad, por 73 a\u00f1os este club no ten\u00eda sede y hoy se ha realizado la inauguraci\u00f3n de esta sede\u201d.<\/p>\n\n\n\n<figure class=\"wp-block-audio\"><audio controls src=\"https:\/\/www.muniquintero.cl\/wp-content\/uploads\/2022\/12\/IRMA-VILLALOBOS-CD-ALIANZA.mp3\"><\/audio><figcaption class=\"wp-element-caption\">Irma Villalobos<\/figcaption><\/figure>\n\n\n\n<p>A su vez, el SEREMI de Deportes, Leandro Torres, indic\u00f3 que, \u201cseguramente los momentos que vivieron los dirigentes que ya no est\u00e1n, fueron tremendamente importantes como este momento que est\u00e1n viviendo nuestros dirigentes actuales, el poder dotar de la casa propia, es tan fundamental y que dignifica a una familia, no es lo contrario para una organizaci\u00f3n deportiva, el que tenga su sede, su casa propia tambi\u00e9n dignifica la actividad\u201d.<\/p>\n\n\n\n<figure class=\"wp-block-audio\"><audio controls src=\"https:\/\/www.muniquintero.cl\/wp-content\/uploads\/2022\/12\/LEANDRO-TORRES-SEREMI-DEPORTES.mp3\"><\/audio><figcaption class=\"wp-element-caption\">Leandro Torres<\/figcaption><\/figure>\n\n\n\n<p>En tanto el concejal Rolando Silva, record\u00f3 que uno de sus compromisos fue, \u201cdignificar el deporte en nuestra comuna, ver el tema de las sedes, arreglar nuestros recintos deportivos, dignificar el deporte en general, as\u00ed que este es un trabajo que se ha hecho\u201d.<\/p>\n\n\n\n<figure class=\"wp-block-audio\"><audio controls src=\"https:\/\/www.muniquintero.cl\/wp-content\/uploads\/2022\/12\/ROLANDO-SILVA-CONCEJALDE-QUINTERO.mp3\"><\/audio><figcaption class=\"wp-element-caption\">Rolando Silva<\/figcaption><\/figure>\n\n\n\n<p>La ceremonia no estuvo exenta de emociones, ya que se record\u00f3 a connotados dirigentes deportivos como Ra\u00fal Vargas Verdejo y Patricio Rejano Vald\u00e9s, quienes lucharon por a\u00f1os para contar con un espacio para sus respectivos clubes.<\/p>\n\n\n\n<p>Carlos Rejano, presidente del Club Deportivo Quintero Unido, recalc\u00f3 que, \u201cla verdad es que es un anhelo que ha durado 62 a\u00f1os, que todos los dirigentes antiguos lucharon por este proyecto, y el alcalde ha sido muy consecuente con lo comprometido y nos ha entregado hoy d\u00eda la sede, nuestro hogar\u201d.<\/p>\n\n\n\n<figure class=\"wp-block-audio\"><audio controls src=\"https:\/\/www.muniquintero.cl\/wp-content\/uploads\/2022\/12\/CARLOS-REJANO-QUINTERO-UNIDO.mp3\"><\/audio><figcaption class=\"wp-element-caption\">Carlos Rejano<\/figcaption><\/figure>\n\n\n\n<p>El interior de cada sede, se divide en un sal\u00f3n iluminado de 49 metros cuadrados, dos ba\u00f1os con accesibilidad universal, una cocina espaciosa, una oficina y una bodega de insumos.<\/p>\n\n\n\n<p>Estos proyectos fueron financiados con recursos municipales y aporte del Fondo Regional de Inversi\u00f3n Local -FRIL- del Gobierno Regi\u00f3n de Valpara\u00edso.<\/p>\n\n\n\n<figure class=\"wp-block-gallery has-nested-images columns-default is-cropped wp-block-gallery-1 is-layout-flex wp-block-gallery-is-layout-flex\">\n<figure class=\"wp-block-image size-large\"><img decoding=\"async\" width=\"1024\" height=\"683\" data-id=\"32170\" src=\"https:\/\/www.muniquintero.cl\/wp-content\/uploads\/2022\/12\/IMG_0348-1024x683.jpg\" alt=\"\" class=\"wp-image-32170\" srcset=\"https:\/\/www.muniquintero.cl\/wp-content\/uploads\/2022\/12\/IMG_0348-1024x683.jpg 1024w, https:\/\/www.muniquintero.cl\/wp-content\/uploads\/2022\/12\/IMG_0348-300x200.jpg 300w, https:\/\/www.muniquintero.cl\/wp-content\/uploads\/2022\/12\/IMG_0348-768x512.jpg 768w, https:\/\/www.muniquintero.cl\/wp-content\/uploads\/2022\/12\/IMG_0348-1536x1024.jpg 1536w, https:\/\/www.muniquintero.cl\/wp-content\/uploads\/2022\/12\/IMG_0348-2048x1365.jpg 2048w\" sizes=\"(max-width: 1024px) 100vw, 1024px\" \/><\/figure>\n\n\n\n<figure class=\"wp-block-image size-large\"><img decoding=\"async\" width=\"1024\" height=\"683\" data-id=\"32172\" src=\"https:\/\/www.muniquintero.cl\/wp-content\/uploads\/2022\/12\/IMG_0365-1024x683.jpg\" alt=\"\" class=\"wp-image-32172\" srcset=\"https:\/\/www.muniquintero.cl\/wp-content\/uploads\/2022\/12\/IMG_0365-1024x683.jpg 1024w, https:\/\/www.muniquintero.cl\/wp-content\/uploads\/2022\/12\/IMG_0365-300x200.jpg 300w, https:\/\/www.muniquintero.cl\/wp-content\/uploads\/2022\/12\/IMG_0365-768x512.jpg 768w, https:\/\/www.muniquintero.cl\/wp-content\/uploads\/2022\/12\/IMG_0365-1536x1024.jpg 1536w, https:\/\/www.muniquintero.cl\/wp-content\/uploads\/2022\/12\/IMG_0365-2048x1365.jpg 2048w\" sizes=\"(max-width: 1024px) 100vw, 1024px\" \/><\/figure>\n\n\n\n<figure class=\"wp-block-image size-large\"><img loading=\"lazy\" decoding=\"async\" width=\"1024\" height=\"683\" data-id=\"32171\" src=\"https:\/\/www.muniquintero.cl\/wp-content\/uploads\/2022\/12\/IMG_0383-1024x683.jpg\" alt=\"\" class=\"wp-image-32171\" srcset=\"https:\/\/www.muniquintero.cl\/wp-content\/uploads\/2022\/12\/IMG_0383-1024x683.jpg 1024w, https:\/\/www.muniquintero.cl\/wp-content\/uploads\/2022\/12\/IMG_0383-300x200.jpg 300w, https:\/\/www.muniquintero.cl\/wp-content\/uploads\/2022\/12\/IMG_0383-768x512.jpg 768w, https:\/\/www.muniquintero.cl\/wp-content\/uploads\/2022\/12\/IMG_0383-1536x1024.jpg 1536w, https:\/\/www.muniquintero.cl\/wp-content\/uploads\/2022\/12\/IMG_0383-2048x1365.jpg 2048w\" sizes=\"(max-width: 1024px) 100vw, 1024px\" \/><\/figure>\n\n\n\n<figure class=\"wp-block-image size-large\"><img loading=\"lazy\" decoding=\"async\" width=\"1024\" height=\"683\" data-id=\"32173\" src=\"https:\/\/www.muniquintero.cl\/wp-content\/uploads\/2022\/12\/IMG_0419-1024x683.jpg\" alt=\"\" class=\"wp-image-32173\" srcset=\"https:\/\/www.muniquintero.cl\/wp-content\/uploads\/2022\/12\/IMG_0419-1024x683.jpg 1024w, https:\/\/www.muniquintero.cl\/wp-content\/uploads\/2022\/12\/IMG_0419-300x200.jpg 300w, https:\/\/www.muniquintero.cl\/wp-content\/uploads\/2022\/12\/IMG_0419-768x512.jpg 768w, https:\/\/www.muniquintero.cl\/wp-content\/uploads\/2022\/12\/IMG_0419-1536x1024.jpg 1536w, https:\/\/www.muniquintero.cl\/wp-content\/uploads\/2022\/12\/IMG_0419-2048x1365.jpg 2048w\" sizes=\"(max-width: 1024px) 100vw, 1024px\" \/><\/figure>\n\n\n\n<figure class=\"wp-block-image size-large\"><img loading=\"lazy\" decoding=\"async\" width=\"1024\" height=\"683\" data-id=\"32169\" src=\"https:\/\/www.muniquintero.cl\/wp-content\/uploads\/2022\/12\/IMG_0438-1024x683.jpg\" alt=\"\" class=\"wp-image-32169\" srcset=\"https:\/\/www.muniquintero.cl\/wp-content\/uploads\/2022\/12\/IMG_0438-1024x683.jpg 1024w, https:\/\/www.muniquintero.cl\/wp-content\/uploads\/2022\/12\/IMG_0438-300x200.jpg 300w, https:\/\/www.muniquintero.cl\/wp-content\/uploads\/2022\/12\/IMG_0438-768x512.jpg 768w, https:\/\/www.muniquintero.cl\/wp-content\/uploads\/2022\/12\/IMG_0438-1536x1024.jpg 1536w, https:\/\/www.muniquintero.cl\/wp-content\/uploads\/2022\/12\/IMG_0438-2048x1365.jpg 2048w\" sizes=\"(max-width: 1024px) 100vw, 1024px\" \/><\/figure>\n<\/figure>\n","protected":false},"excerpt":{"rendered":"<p>En una emotiva ceremonia, realizada la tarde del viernes 2 de diciembre en el recinto del estadio municipal, se inauguraron las sedes sociales de los clubes deportivos Alianza y Quintero Unido. La actividad, presidida por el alcalde Mauricio Carrasco Pardo junto a los concejales Rolando Silva Fuentes y Tamara Tello Gallo, cont\u00f3 con la presencia [&hellip;]<\/p>\n","protected":false},"author":7,"featured_media":32162,"comment_status":"closed","ping_status":"closed","sticky":false,"template":"","format":"standard","meta":{"wds_primary_category":0,"footnotes":""},"categories":[2],"tags":[],"class_list":["post-32161","post","type-post","status-publish","format-standard","has-post-thumbnail","hentry","category-noticias"],"_links":{"self":[{"href":"https:\/\/www.muniquintero.cl\/index.php\/wp-json\/wp\/v2\/posts\/32161","targetHints":{"allow":["GET"]}}],"collection":[{"href":"https:\/\/www.muniquintero.cl\/index.php\/wp-json\/wp\/v2\/posts"}],"about":[{"href":"https:\/\/www.muniquintero.cl\/index.php\/wp-json\/wp\/v2\/types\/post"}],"author":[{"embeddable":true,"href":"https:\/\/www.muniquintero.cl\/index.php\/wp-json\/wp\/v2\/users\/7"}],"replies":[{"embeddable":true,"href":"https:\/\/www.muniquintero.cl\/index.php\/wp-json\/wp\/v2\/comments?post=32161"}],"version-history":[{"count":1,"href":"https:\/\/www.muniquintero.cl\/index.php\/wp-json\/wp\/v2\/posts\/32161\/revisions"}],"predecessor-version":[{"id":32174,"href":"https:\/\/www.muniquintero.cl\/index.php\/wp-json\/wp\/v2\/posts\/32161\/revisions\/32174"}],"wp:featuredmedia":[{"embeddable":true,"href":"https:\/\/www.muniquintero.cl\/index.php\/wp-json\/wp\/v2\/media\/32162"}],"wp:attachment":[{"href":"https:\/\/www.muniquintero.cl\/index.php\/wp-json\/wp\/v2\/media?parent=32161"}],"wp:term":[{"taxonomy":"category","embeddable":true,"href":"https:\/\/www.muniquintero.cl\/index.php\/wp-json\/wp\/v2\/categories?post=32161"},{"taxonomy":"post_tag","embeddable":true,"href":"https:\/\/www.muniquintero.cl\/index.php\/wp-json\/wp\/v2\/tags?post=32161"}],"curies":[{"name":"wp","href":"https:\/\/api.w.org\/{rel}","templated":true}]}}